{"id":35740,"date":"2024-03-10T22:28:41","date_gmt":"2024-03-11T01:28:41","guid":{"rendered":"https:\/\/www.meliuz.com.br\/blog\/?p=35740"},"modified":"2024-03-10T22:28:44","modified_gmt":"2024-03-11T01:28:44","slug":"melhor-secador-de-cabelo","status":"publish","type":"post","link":"https:\/\/www.meliuz.com.br\/blog\/melhor-secador-de-cabelo\/","title":{"rendered":"Melhor secador de cabelo de 2024: conhe\u00e7a os 24 escolhidos"},"content":{"rendered":"\n<h2 class=\"wp-block-heading\"><strong>Conhe\u00e7a os melhores secadores de cabelo em 2024 e escolha o que for perfeito para voc\u00ea!<\/strong><\/h2>\n\n\n\n<p>Voc\u00ea sabe qual \u00e9 o <strong>melhor secador de cabelo<\/strong> do mercado? Essa \u00e9 uma pergunta dif\u00edcil de responder, j\u00e1 que existe uma grande variedade de modelos, pot\u00eancias, tecnologias, tamanhos e outros detalhes que variam entre eles.<\/p>\n\n\n\n<p>Inclusive, diante de tantas oportunidades de mercado, como cupom de desconto, cashback e a pr\u00f3pria <a href=\"https:\/\/www.meliuz.com.br\/black-friday\" target=\"_blank\" rel=\"noreferrer noopener\">Black Friday<\/a>, \u00e9 poss\u00edvel garantir uma maior economia nas suas compras!<\/p>\n\n\n\n<p>Desta maneira, para te ajudar a tomar sua decis\u00e3o, n\u00f3s separamos 24 excelentes modelos e comentamos sobre suas principais caracter\u00edsticas. Assim, voc\u00ea poder\u00e1 fazer a melhor compra poss\u00edvel!<\/p>\n\n\n\n<p>Antes de voc\u00ea come\u00e7ar a sua leitura, vamos apresentar uma dica exclusiva: <strong>com o M\u00e9liuz voc\u00ea encontra os melhores cupons de desconto e <\/strong><a href=\"https:\/\/www.meliuz.com.br\/blog\/o-que-e-cashback\/\" target=\"_blank\" rel=\"noreferrer noopener\"><strong>cashback<\/strong><\/a><strong> para comprar o seu secador de cabelo!<\/strong> Portanto, fa\u00e7a o seu cadastro e aproveite!<\/p>\n\n\n\n<div class=\"wp-block-buttons is-layout-flex wp-block-buttons-is-layout-flex\">\n<div class=\"wp-block-button\"><a class=\"wp-block-button__link has-background wp-element-button\" href=\"https:\/\/www.meliuz.com.br\/registrar\" style=\"background-color:#f34986\" target=\"_blank\" rel=\"noreferrer noopener\">Cadastre-se no M\u00e9liuz<\/a><\/div>\n<\/div>\n\n\n\n<p><strong>Al\u00e9m disso, saiba que os melhores secadores de cabelo se apresentam como uma \u00f3tima op\u00e7\u00e3o de <\/strong><a href=\"https:\/\/www.meliuz.com.br\/blog\/presentes-de-natal\/\" target=\"_blank\" rel=\"noreferrer noopener\">presentes de Natal<\/a><\/p>\n\n\n\n<h2 class=\"wp-block-heading\"><strong>Por que comprar um secador de cabelo?<\/strong><\/h2>\n\n\n\n<p>No momento de investir na compra de um secador de cabelo, muitas pessoas ficam em d\u00favida sobre qual op\u00e7\u00e3o comprar. Uma alternativa que garante uma maior chance de acerto \u00e9 investir em modelos profissionais.<\/p>\n\n\n\n<p>Afinal de contas, <strong>eles s\u00e3o capazes de entregar um resultado melhor<\/strong>. O que se justifica pelo processo de secagem do secador e pelas tecnologias empregadas. Ou seja, menores ser\u00e3o as chances de ter qualquer tipo de problema.<\/p>\n\n\n\n<p>Sendo assim, voc\u00ea ter\u00e1 um resultado final que preserva a sa\u00fade dos fios e, al\u00e9m disso, reduz a presen\u00e7a de frizz. Nada melhor do que garantir a sua seguran\u00e7a enquanto seca o cabelo, n\u00e3o \u00e9 mesmo?<\/p>\n\n\n\n<p>No entanto, antes de fazer a sua compra, n\u00e3o deixe de levar em considera\u00e7\u00e3o alguns pontos. Aqui, deve-se atentar tanto para os modelos dispon\u00edveis no mercado, como tamb\u00e9m para <strong>o pre\u00e7o de cada um.<\/strong><\/p>\n\n\n\n<p>Para economizar na compra do melhor secador de cabelo, <strong>tenha o M\u00e9liuz ao seu lado! <\/strong>Fa\u00e7a o download do nosso app em seu smartphone e tenha benef\u00edcios como cupom de desconto e cashback sempre \u00e0 sua disposi\u00e7\u00e3o!<\/p>\n\n\n\n<div class=\"wp-block-buttons is-layout-flex wp-block-buttons-is-layout-flex\">\n<div class=\"wp-block-button\"><a class=\"wp-block-button__link has-background wp-element-button\" href=\"https:\/\/meliuz.onelink.me\/2657008059\/7ulfvn0t\" style=\"background-color:#f34986\" target=\"_blank\" rel=\"noreferrer noopener\">Baixe o app do M\u00e9liuz<\/a><\/div>\n<\/div>\n\n\n\n<h3 class=\"wp-block-heading\"><strong>Qual \u00e9 a melhor marca de secador de cabelo?<\/strong><\/h3>\n\n\n\n<p>Ao buscar pelos melhores secadores de cabelo no mercado, <strong>\u00e9 poss\u00edvel encontrar modelos de diferentes marcas<\/strong>. Com isso, nada melhor do que optar por produtos de fabricantes mais renomados, certo?<\/p>\n\n\n\n<p>Se voc\u00ea possui d\u00favidas quanto \u00e0 escolha da melhor marca de secador de cabelo, n\u00e3o se preocupe! Aqui, selecionamos algumas das fabricantes mais conhecidas do mercado:<\/p>\n\n\n\n<ul class=\"wp-block-list\">\n<li>Taiff;<\/li>\n\n\n\n<li>Arno;<\/li>\n\n\n\n<li>Mondial;<\/li>\n\n\n\n<li>Philco;<\/li>\n\n\n\n<li>Gama;<\/li>\n\n\n\n<li>Brit\u00e2nia.<\/li>\n<\/ul>\n\n\n\n<p>A <strong>Taiff<\/strong>, inclusive, \u00e9 uma das refer\u00eancias no assunto. Afinal de contas, ela disponibiliza uma s\u00e9rie de produtos, fabricados com alta tecnologia. Logo, voc\u00ea poder\u00e1 ter uma boa experi\u00eancia com um secador de cabelo.<\/p>\n\n\n\n<p>No entanto, outras fabricantes como a Gama, Mondial, Brit\u00e2nia, Arno e Philco tamb\u00e9m surgem com algumas boas op\u00e7\u00f5es. Ou seja, modelo de secador de cabelo \u00e9 o que n\u00e3o falta no mercado!<\/p>\n\n\n\n<div class=\"wp-block-buttons is-layout-flex wp-block-buttons-is-layout-flex\">\n<div class=\"wp-block-button\"><a class=\"wp-block-button__link has-background wp-element-button\" href=\"https:\/\/www.meliuz.com.br\/blog\/o-que-comprar-para-mae\/\" style=\"background-color:#f34986\" target=\"_blank\" rel=\"noreferrer noopener\">Melhores presentes para o Dia das M\u00e3es<\/a><\/div>\n<\/div>\n\n\n\n<h3 class=\"wp-block-heading\"><strong>Qual o melhor secador de cabelo? Conhe\u00e7a os 24 modelos escolhidos<\/strong>:<\/h3>\n\n\n\n<figure class=\"wp-block-table\"><table><tbody><tr><td><strong>Modelo<\/strong><\/td><td><strong>Caracter\u00edsticas<\/strong><\/td><td><strong>Pre\u00e7o m\u00e9dio<\/strong><\/td><\/tr><tr><td><a href=\"#1\">Brit\u00e2nia Beauty Blue Titanium<\/a><\/td><td>Bonito, potente e com fun\u00e7\u00e3o Tourmaline Ion<\/td><td>R$ 170<\/td><\/tr><tr><td><a href=\"#2\">Mondial Max Travel SC-10<\/a><\/td><td>Leve, dobr\u00e1vel, port\u00e1til, barato e bivolt, perfeito para viagens<\/td><td>R$ 60<\/td><\/tr><tr><td><a href=\"#3\">Parlux 385 Powerlight<\/a><\/td><td>De marca italiana, \u00e9 leve e compacto, tem 2.150W e 4 temperaturas, mas \u00e9 o mais caro da lista<\/td><td>R$ 1.000<\/td><\/tr><tr><td><a href=\"#4\">Philco PH3700 Gold<\/a><\/td><td>Potente e com \u00f3timo custo-benef\u00edcio, ainda vem com difusor<\/td><td>R$ 120<\/td><\/tr><tr><td><a href=\"#5\">Taiff Fox \u00cdon 3<\/a><\/td><td>Modelo de secador profissional, com \u00f3timos recursos<\/td><td>R$ 430<\/td><\/tr><tr><td><a href=\"#6\">Taiff Tourmaline \u00cdon Cer\u00e2mica<\/a><\/td><td>Um dos mais aclamados e procurados, tem cabo de 3 metros para facilitar a locomo\u00e7\u00e3o<\/td><td>R$ 260<\/td><\/tr><tr><td><a href=\"#7\">Taiff Unique Duo<\/a><\/td><td>O mais potente da lista, com 2.700W a 220V, \u00e9 bivolt e oferece 2.100W a 127V<\/td><td>R$ 700<\/td><\/tr><tr><td><a href=\"#8\">Taiff VIS Unique<\/a><\/td><td>Potente, tem 2.600W e 5 temperaturas para maior controle<\/td><td>R$ 800<\/td><\/tr><tr><td><a href=\"#9\">Philips Prestige<\/a><\/td><td>Melhor secador de cabelo para cabelos cacheados<\/td><td>R$ 560<\/td><\/tr><tr><td><a href=\"#10\">Gama Italy Light<\/a><\/td><td>Secador de cabelo ideal para quem quer economizar dinheiro<\/td><td>R$ 139<\/td><\/tr><tr><td><a href=\"#11\">Philco Beauty Rose<\/a><\/td><td>Secador indicado para mulheres com cabelos cacheados<\/td><td>R$ 149<\/td><\/tr><tr><td><a href=\"#12\">Gama Italy Sensi 4D<\/a><\/td><td>Op\u00e7\u00e3o com tecnologia 4D Therapy, deixando o cabelo saud\u00e1vel<\/td><td>R$ 319<\/td><\/tr><tr><td><a href=\"#13\">Taiff Red \u00cdon<\/a><\/td><td>Secador com 1.900W de pot\u00eancia e 5 op\u00e7\u00f5es de temperatura<\/td><td>R$ 270<\/td><\/tr><tr><td><a href=\"#14\">Philco Travel Blue<\/a><\/td><td>Modelo que possui design simples, com cabo dobr\u00e1vel<\/td><td>R$ 117<\/td><\/tr><tr><td><a href=\"#15\">Cadence Divine 2200<\/a><\/td><td>Op\u00e7\u00e3o que pode ser encontrada por pre\u00e7os mais acess\u00edveis<\/td><td>R$ 122<\/td><\/tr><tr><td><a href=\"#16\">Game Italy Keration 3D<\/a><\/td><td>Secador que possui tecnologia Micro Glitt<\/td><td>R$ 219<\/td><\/tr><tr><td><a href=\"#17\">Brit\u00e2nia Beauty Compact<\/a><\/td><td>Secador de cabelo com tecnologia Tourmaline Ion<\/td><td>R$ 150<\/td><\/tr><tr><td><a href=\"18\">Multilaser Essenza<\/a><\/td><td>Modelo profissional com \u00f3timo desempenho<\/td><td>R$ 162<\/td><\/tr><tr><td><a href=\"19\">Taiff Style<\/a><\/td><td>Modelo com 200W de pot\u00eancia, indicado para uso pessoal<\/td><td>R$ 200<\/td><\/tr><tr><td><a href=\"20\">Taiff Style Pro<\/a><\/td><td>Op\u00e7\u00e3o com motor AC Profissional, garantindo uma \u00f3tima performance<\/td><td>R$ 229<\/td><\/tr><tr><td><a href=\"21\">Taiff Vulcan<\/a><\/td><td>Op\u00e7\u00e3o profissional com 2.500W de pot\u00eancia e 5 op\u00e7\u00f5es de velocidade<\/td><td>R$ 610<\/td><\/tr><tr><td><a href=\"22\">Mondial Chrome Pink Line<\/a><\/td><td>Modelo que conta com 2.00W de pot\u00eancia, 3 op\u00e7\u00f5es de temperatura e duas velocidades<\/td><td>R$ 149<\/td><\/tr><tr><td><a href=\"23\">Mondial Infinity Ion 2500<\/a><\/td><td>Modelo capaz de deixar o cabelo macio, brilhante e sem a presen\u00e7a de frizz<\/td><td>R$ 152<\/td><\/tr><tr><td><a href=\"24\">Mallory Ion Pro 4000<\/a><\/td><td>Modelo que conta com 3 op\u00e7\u00f5es de temperaturas, duas velocidades e bot\u00e3o de ar frio<\/td><td>R$ 127<\/td><\/tr><\/tbody><\/table><\/figure>\n\n\n\n<h3 class=\"wp-block-heading\"><strong>Caracter\u00edsticas dos melhores secadores de cabelo<\/strong><\/h3>\n\n\n\n<p>Depois de ver a nossa lista com as melhores recomenda\u00e7\u00f5es de secadores de cabelo para te ajudar a manter a beleza e sa\u00fade dos seus fios, chegou a hora de conhecer maiores informa\u00e7\u00f5es sobre cada um dos modelos.<\/p>\n\n\n\n<p>Portanto, continue a leitura do nosso Guia de Compras at\u00e9 o final e descubra qual \u00e9 o melhor secador de cabelo para voc\u00ea:<\/p>\n\n\n\n<p><strong>Al\u00e9m disso, veja tamb\u00e9m: <\/strong><a href=\"https:\/\/www.meliuz.com.br\/blog\/qual-o-melhor-aquecedor-de-ambiente\/\" target=\"_blank\" rel=\"noreferrer noopener\">Qual o melhor aquecedor de ambiente?<\/a><\/p>\n\n\n\n<h4 class=\"wp-block-heading\"><strong>1 &#8211; Brit\u00e2nia Beauty Blue Titanium<\/strong><\/h4>\n\n\n<div class=\"wp-block-image\">\n<figure class=\"aligncenter size-large is-resized\"><img loading=\"lazy\" decoding=\"async\" width=\"1024\" height=\"1024\" src=\"https:\/\/www.meliuz.com.br\/blog\/wp-content\/uploads\/2020\/09\/Secador-Beauty-Blue-Titanium-BSC03AZ-1024x1024.jpg\" alt=\"Melhor secador de cabelo \" class=\"wp-image-35744\" style=\"width:256px;height:256px\" srcset=\"https:\/\/www.meliuz.com.br\/blog\/wp-content\/uploads\/2020\/09\/Secador-Beauty-Blue-Titanium-BSC03AZ-1024x1024.jpg 1024w, https:\/\/www.meliuz.com.br\/blog\/wp-content\/uploads\/2020\/09\/Secador-Beauty-Blue-Titanium-BSC03AZ-300x300.jpg 300w, https:\/\/www.meliuz.com.br\/blog\/wp-content\/uploads\/2020\/09\/Secador-Beauty-Blue-Titanium-BSC03AZ-768x768.jpg 768w, https:\/\/www.meliuz.com.br\/blog\/wp-content\/uploads\/2020\/09\/Secador-Beauty-Blue-Titanium-BSC03AZ.jpg 1000w\" sizes=\"auto, (max-width: 1024px) 100vw, 1024px\" \/><\/figure><\/div>\n\n\n<p>O Brit\u00e2nia Beauty Blue Titanium tamb\u00e9m visa entregar resultados profissionais para o seu cabelo, muito por conta do motor AC, que potencializa ainda mais o seu desempenho.<\/p>\n\n\n\n<p>A fun\u00e7\u00e3o Tourmaline Ion ajuda os cabelos a ficarem brilhantes e macios, ao passo que o bot\u00e3o Cool Shot lan\u00e7a um jato de ar frio para fixar melhor os penteados.<\/p>\n\n\n\n<p>O modelo tamb\u00e9m conta com um anel para pendurar, perfeito para otimizar espa\u00e7o e manter a organiza\u00e7\u00e3o em dia.<\/p>\n\n\n\n<ul class=\"wp-block-list\">\n<li><strong>Pot\u00eancia: <\/strong>2.000W (220V) \/ 1.900W (127V)<\/li>\n\n\n\n<li><strong>Velocidades:<\/strong> 2 velocidades<\/li>\n\n\n\n<li><strong>Temperaturas:<\/strong> 3 temperaturas<\/li>\n\n\n\n<li><strong>Jato frio:<\/strong> sim<\/li>\n\n\n\n<li><strong>Comprimento do fio: <\/strong>1,9 m<\/li>\n\n\n\n<li><strong>Peso aproximado:<\/strong> 820 g<\/li>\n\n\n\n<li><strong>Acess\u00f3rios inclusos:<\/strong> 1 bocal concentrador<\/li>\n\n\n\n<li><strong>Tens\u00e3o: <\/strong>127V ou 220V<\/li>\n\n\n\n<li><strong>Consumo de energia<\/strong>: 2,0 kWh<\/li>\n\n\n\n<li><strong>Pre\u00e7o m\u00e9dio:<\/strong> R$ 170 <\/li>\n<\/ul>\n\n\n\n<div class=\"wp-block-buttons is-horizontal is-content-justification-center is-layout-flex wp-container-core-buttons-is-layout-499968f5 wp-block-buttons-is-layout-flex\">\n<div class=\"wp-block-button\"><a class=\"wp-block-button__link has-text-color has-background wp-element-button\" href=\"https:\/\/www.meliuz.com.br\/desconto\/cupom-magazine-luiza\/\" style=\"color:#ffffff;background-color:#f34986\" target=\"_blank\" rel=\"noreferrer noopener\">Compre agora com cashback<\/a><\/div>\n<\/div>\n\n\n\n<h4 class=\"wp-block-heading\"><strong>2 &#8211; Mondial Max Travel SC-10<\/strong><\/h4>\n\n\n<div class=\"wp-block-image\">\n<figure class=\"aligncenter size-large is-resized\"><img loading=\"lazy\" decoding=\"async\" width=\"1000\" height=\"717\" src=\"https:\/\/www.meliuz.com.br\/blog\/wp-content\/uploads\/2020\/09\/SC-10-Foto-02.jpg\" alt=\"Melhor secador de cabelo \" class=\"wp-image-35746\" style=\"width:300px;height:300px\" srcset=\"https:\/\/www.meliuz.com.br\/blog\/wp-content\/uploads\/2020\/09\/SC-10-Foto-02.jpg 1000w, https:\/\/www.meliuz.com.br\/blog\/wp-content\/uploads\/2020\/09\/SC-10-Foto-02-300x215.jpg 300w, https:\/\/www.meliuz.com.br\/blog\/wp-content\/uploads\/2020\/09\/SC-10-Foto-02-768x551.jpg 768w\" sizes=\"auto, (max-width: 1000px) 100vw, 1000px\" \/><\/figure><\/div>\n\n\n<p>Se voc\u00ea precisa de um secador de cabelo para viagem, o Mondial Max Travel SC-10 \u00e9 uma escolha inteligente, pois ele \u00e9 bem leve e port\u00e1til, especialmente pelo fato do seu cabo ser dobr\u00e1vel.<\/p>\n\n\n\n<p>\u00c9 fato que ele \u00e9 menos potente que outros modelos aqui da lista, com apenas 1.200W, no entanto, h\u00e1 que se considerar a portabilidade e as dimens\u00f5es menores, al\u00e9m de ser focado para viagens e outras necessidades especiais.<\/p>\n\n\n\n<ul class=\"wp-block-list\">\n<li><strong>Pot\u00eancia: <\/strong>1.200W <\/li>\n\n\n\n<li><strong>Velocidades:<\/strong> 2 <\/li>\n\n\n\n<li><strong>Temperaturas:<\/strong> 1 <\/li>\n\n\n\n<li><strong>Jato frio:<\/strong> n\u00e3o<\/li>\n\n\n\n<li><strong>Comprimento do fio: <\/strong>1,8 m<\/li>\n\n\n\n<li><strong>Peso aproximado:<\/strong> 340 g<\/li>\n\n\n\n<li><strong>Acess\u00f3rios inclusos:<\/strong> 1 bocal direcionador<\/li>\n\n\n\n<li><strong>Tens\u00e3o: <\/strong>bivolt<\/li>\n\n\n\n<li><strong>Consumo de energia<\/strong>: 1,2 kWh<\/li>\n\n\n\n<li><strong>Pre\u00e7o m\u00e9dio:<\/strong> R$ 60<\/li>\n<\/ul>\n\n\n\n<p>Se voc\u00ea est\u00e1 em busca do melhor secador de cabelo do mercado, o M\u00e9liuz pode te ajudar! <a href=\"https:\/\/www.meliuz.com.br\/registrar\" target=\"_blank\" rel=\"noreferrer noopener\">Fa\u00e7a o seu cadastro<\/a> e <strong>veja o seu dinheiro voltando para o seu bolso ap\u00f3s as suas compras<\/strong>!<\/p>\n\n\n\n<div class=\"wp-block-buttons is-horizontal is-content-justification-center is-layout-flex wp-container-core-buttons-is-layout-499968f5 wp-block-buttons-is-layout-flex\">\n<div class=\"wp-block-button\"><a class=\"wp-block-button__link has-text-color has-background wp-element-button\" href=\"https:\/\/www.meliuz.com.br\/registrar\" style=\"color:#ffffff;background-color:#f34986\" target=\"_blank\" rel=\"noreferrer noopener\">Fa\u00e7a o seu cadastro no M\u00e9liuz<\/a><\/div>\n<\/div>\n\n\n\n<h4 class=\"wp-block-heading\"><strong>3 &#8211; Parlux 385 Powerlight<\/strong><\/h4>\n\n\n<div class=\"wp-block-image\">\n<figure class=\"aligncenter size-large is-resized\"><img loading=\"lazy\" decoding=\"async\" width=\"652\" height=\"652\" src=\"https:\/\/www.meliuz.com.br\/blog\/wp-content\/uploads\/2020\/09\/p385vermelho.jpg\" alt=\"Melhor secador de cabelo \" class=\"wp-image-35747\" style=\"width:300px;height:300px\" srcset=\"https:\/\/www.meliuz.com.br\/blog\/wp-content\/uploads\/2020\/09\/p385vermelho.jpg 652w, https:\/\/www.meliuz.com.br\/blog\/wp-content\/uploads\/2020\/09\/p385vermelho-300x300.jpg 300w\" sizes=\"auto, (max-width: 652px) 100vw, 652px\" \/><\/figure><\/div>\n\n\n<p>Pode at\u00e9 ser que voc\u00ea nunca tenha ouvido falar da Parlux, mas a fabricante italiana \u00e9 uma das principais quando se fala sobre secadores de cabelo, e o Parlux 385 Powerlight \u00e9 um excelente modelo, leve e compacto, mas ao mesmo tempo bastante poderoso.<\/p>\n\n\n\n<p>Com apenas 468 gramas, sem o cabo, ele ainda consegue fornecer uma pot\u00eancia de 2.150W (ou 2.100W em 127V), al\u00e9m de possuir a tecnologia Ionic &amp; Ceramic\u00ae, que <strong>preserva a umidade do cabelo e o deixa com mais brilho, maciez e sa\u00fade<\/strong>.&nbsp;<\/p>\n\n\n\n<p>No entanto, para ter acesso a tudo isso, prepare-se para desembolsar um valor mais elevado.<\/p>\n\n\n\n<ul class=\"wp-block-list\">\n<li><strong>Pot\u00eancia: <\/strong>2.150W (220V) \/ 2.100W (127V)<\/li>\n\n\n\n<li><strong>Velocidades:<\/strong> 2 velocidades<\/li>\n\n\n\n<li><strong>Temperaturas:<\/strong> 4 temperaturas<\/li>\n\n\n\n<li><strong>Jato frio:<\/strong> sim<\/li>\n\n\n\n<li><strong>Comprimento do fio: <\/strong>3 m<\/li>\n\n\n\n<li><strong>Peso aproximado:<\/strong> 468 g (sem o cabo)<\/li>\n\n\n\n<li><strong>Acess\u00f3rios inclusos:<\/strong> 2 bicos direcionadores<\/li>\n\n\n\n<li><strong>Tens\u00e3o: <\/strong>127V ou 220V<\/li>\n\n\n\n<li><strong>Consumo de energia<\/strong>: 2,15 kWh (220V) \/ 2,10 kWh (110V)<\/li>\n\n\n\n<li><strong>Pre\u00e7o m\u00e9dio:<\/strong> R$ 1.000 <\/li>\n<\/ul>\n\n\n\n<div class=\"wp-block-buttons is-horizontal is-content-justification-center is-layout-flex wp-container-core-buttons-is-layout-499968f5 wp-block-buttons-is-layout-flex\">\n<div class=\"wp-block-button\"><a class=\"wp-block-button__link has-text-color has-background wp-element-button\" href=\"https:\/\/www.meliuz.com.br\/desconto\/cupom-submarino\/\" style=\"color:#ffffff;background-color:#f34986\" target=\"_blank\" rel=\"noreferrer noopener\">Compre agora com cashback<\/a><\/div>\n<\/div>\n\n\n\n<h4 class=\"wp-block-heading\"><strong>4 &#8211; Philco PH3700 Gold<\/strong><\/h4>\n\n\n<div class=\"wp-block-image\">\n<figure class=\"aligncenter size-large is-resized\"><img loading=\"lazy\" decoding=\"async\" width=\"1024\" height=\"1024\" src=\"https:\/\/www.meliuz.com.br\/blog\/wp-content\/uploads\/2020\/09\/ph3700gold_01-1024x1024.jpg\" alt=\"Melhor secador de cabelo \" class=\"wp-image-35748\" style=\"width:256px;height:256px\" srcset=\"https:\/\/www.meliuz.com.br\/blog\/wp-content\/uploads\/2020\/09\/ph3700gold_01-1024x1024.jpg 1024w, https:\/\/www.meliuz.com.br\/blog\/wp-content\/uploads\/2020\/09\/ph3700gold_01-300x300.jpg 300w, https:\/\/www.meliuz.com.br\/blog\/wp-content\/uploads\/2020\/09\/ph3700gold_01-768x768.jpg 768w, https:\/\/www.meliuz.com.br\/blog\/wp-content\/uploads\/2020\/09\/ph3700gold_01.jpg 1000w\" sizes=\"auto, (max-width: 1024px) 100vw, 1024px\" \/><\/figure><\/div>\n\n\n<p>Se voc\u00ea busca por um secador de cabelo com difusor, ent\u00e3o o Philco PH3700 Gold \u00e9 outra boa op\u00e7\u00e3o.<\/p>\n\n\n\n<p>Elegante, o modelo oferece uma pot\u00eancia de 2.000W e tamb\u00e9m traz a tecnologia Tourmaline Ion, que resulta na emiss\u00e3o de \u00edons negativos para cabelos saud\u00e1veis, brilhantes e com menos frizz.<\/p>\n\n\n\n<p>Se voc\u00ea tem cabelos cacheados, \u00e9 ineg\u00e1vel que o Philco PH3700 Gold \u00e9 uma das melhores op\u00e7\u00f5es dispon\u00edveis no mercado pelo fato de j\u00e1 vir com difusor.<\/p>\n\n\n\n<p>Al\u00e9m disso, <strong>o modelo apresenta o melhor custo-benef\u00edcio da lista, pela boa pot\u00eancia e pelo pre\u00e7o acess\u00edvel pelo qual pode ser adquirido<\/strong>.<\/p>\n\n\n\n<ul class=\"wp-block-list\">\n<li><strong>Pot\u00eancia: <\/strong>2.000W<\/li>\n\n\n\n<li><strong>Velocidades:<\/strong> 2 velocidades<\/li>\n\n\n\n<li><strong>Temperaturas:<\/strong> 3 temperaturas<\/li>\n\n\n\n<li><strong>Jato frio:<\/strong> sim<\/li>\n\n\n\n<li><strong>Comprimento do fio: <\/strong>1,9 m<\/li>\n\n\n\n<li><strong>Peso aproximado:<\/strong> 850 g<\/li>\n\n\n\n<li><strong>Acess\u00f3rios inclusos:<\/strong> 1 bocal concentrador e 1 difusor<\/li>\n\n\n\n<li><strong>Tens\u00e3o: <\/strong>127V ou 220V<\/li>\n\n\n\n<li><strong>Consumo de energia<\/strong>: 2 kWh<\/li>\n\n\n\n<li><strong>Pre\u00e7o m\u00e9dio:<\/strong> R$ 120 <\/li>\n<\/ul>\n\n\n\n<div class=\"wp-block-buttons is-horizontal is-content-justification-center is-layout-flex wp-container-core-buttons-is-layout-499968f5 wp-block-buttons-is-layout-flex\">\n<div class=\"wp-block-button\"><a class=\"wp-block-button__link has-text-color has-background wp-element-button\" href=\"https:\/\/www.meliuz.com.br\/desconto\/cupom-carrefour\/\" style=\"color:#ffffff;background-color:#f34986\" target=\"_blank\" rel=\"noreferrer noopener\">Compre agora com cashback<\/a><\/div>\n<\/div>\n\n\n\n<h4 class=\"wp-block-heading\"><strong>5 \u2013 Taiff Fox \u00cdon 3<\/strong><\/h4>\n\n\n<div class=\"wp-block-image\">\n<figure class=\"aligncenter is-resized\"><img decoding=\"async\" src=\"https:\/\/lh4.googleusercontent.com\/vdJ7QeHDM081TTReY-AjvPz6M-tCccH8dT4EggiG-5NemBk717A4ozu7t-vz5XmtBrDPBVmA7tsHjD58-Ek_fvcRnJV5IcG_y0FFxaxY5sSCsz2aRcuge1vVKVYcmlEVjc9voqJu\" alt=\"Melhor secador de cabelo \" style=\"width:177px;height:230px\"\/><\/figure><\/div>\n\n\n<p>Se a sua busca passa por um secador profissional, o Taiff Fox \u00cdon 3 surge como uma boa oportunidade. Inclusive, ele pode ser encontrado em duas cores diferentes, soft rose e soft gold.<\/p>\n\n\n\n<p>Com 2220w de pot\u00eancia, ele \u00e9 recomendado para procedimentos que necessitam de altas temperaturas.<\/p>\n\n\n\n<p>Al\u00e9m disso, com a sua tecnologia tourmaline \u00edon, \u00e9 poss\u00edvel manter os fios hidratados ap\u00f3s a sua utiliza\u00e7\u00e3o. Portanto, o Taiff Fox \u00cdon 3 \u00e9 um produto bastante recomendado.<\/p>\n\n\n\n<ul class=\"wp-block-list\">\n<li><strong>Pot\u00eancia: <\/strong>2.200W<\/li>\n\n\n\n<li><strong>Velocidades:<\/strong> 2 velocidades<\/li>\n\n\n\n<li><strong>Temperaturas:<\/strong> 5 temperaturas<\/li>\n\n\n\n<li><strong>Jato frio:<\/strong> sim<\/li>\n\n\n\n<li><strong>Comprimento do fio: <\/strong>3,0 m<\/li>\n\n\n\n<li><strong>Peso aproximado:<\/strong> 930 g<\/li>\n\n\n\n<li><strong>Acess\u00f3rios inclusos:<\/strong> 1 bico direcionador de ar<\/li>\n\n\n\n<li><strong>Tens\u00e3o: <\/strong>110V<\/li>\n\n\n\n<li><strong>Consumo de energia<\/strong>: 2 kWh<\/li>\n\n\n\n<li><strong>Pre\u00e7o m\u00e9dio:<\/strong> R$ 430<\/li>\n<\/ul>\n\n\n\n<div class=\"wp-block-buttons is-horizontal is-content-justification-center is-layout-flex wp-container-core-buttons-is-layout-499968f5 wp-block-buttons-is-layout-flex\">\n<div class=\"wp-block-button\"><a class=\"wp-block-button__link has-text-color has-background wp-element-button\" href=\"https:\/\/www.meliuz.com.br\/desconto\/cupom-magazine-luiza\/\" style=\"color:#ffffff;background-color:#f34986\" target=\"_blank\" rel=\"noreferrer noopener\">Compre agora com cashback<\/a><\/div>\n<\/div>\n\n\n\n<h4 class=\"wp-block-heading\"><a name=\"7\"><\/a><\/h4>\n\n\n\n<h4 class=\"wp-block-heading\"><strong>6 &#8211; Taiff Tourmaline \u00cdon Cer\u00e2mica<\/strong><\/h4>\n\n\n<div class=\"wp-block-image\">\n<figure class=\"aligncenter size-large is-resized\"><img loading=\"lazy\" decoding=\"async\" width=\"1024\" height=\"768\" src=\"https:\/\/www.meliuz.com.br\/blog\/wp-content\/uploads\/2020\/09\/651b85db636e8b27957d9500bba32a51-1024x768.jpg\" alt=\"Melhor secador de cabelo \" class=\"wp-image-35749\" style=\"width:256px;height:192px\" srcset=\"https:\/\/www.meliuz.com.br\/blog\/wp-content\/uploads\/2020\/09\/651b85db636e8b27957d9500bba32a51-1024x768.jpg 1024w, https:\/\/www.meliuz.com.br\/blog\/wp-content\/uploads\/2020\/09\/651b85db636e8b27957d9500bba32a51-300x225.jpg 300w, https:\/\/www.meliuz.com.br\/blog\/wp-content\/uploads\/2020\/09\/651b85db636e8b27957d9500bba32a51-768x576.jpg 768w, https:\/\/www.meliuz.com.br\/blog\/wp-content\/uploads\/2020\/09\/651b85db636e8b27957d9500bba32a51.jpg 1000w\" sizes=\"auto, (max-width: 1024px) 100vw, 1024px\" \/><\/figure><\/div>\n\n\n<p>Um dos modelos mais aclamados e elogiados e que, portanto, n\u00e3o poderia estar de fora da lista, \u00e9 o Taiff Tourmaline \u00cdon Cer\u00e2mica.<\/p>\n\n\n\n<p>Isso porque, ele alia o ganho de brilho intenso da cer\u00e2mica com os \u00edons negativos potencializados pela turmalina, que sela as cut\u00edculas dos fios e tamb\u00e9m ajuda no brilho.<\/p>\n\n\n\n<p>O resultado \u00e9 um <strong>cabelo com mais brilho e maciez e menos frizz, al\u00e9m de uma hidrata\u00e7\u00e3o especial, como se tivessem secado naturalmente<\/strong>.<\/p>\n\n\n\n<p>Al\u00e9m disso, ele tamb\u00e9m tem um cabo de 3 metros, \u00f3timo para se locomover pelo sal\u00e3o de beleza ou mesmo em sua casa.<\/p>\n\n\n\n<ul class=\"wp-block-list\">\n<li><strong>Pot\u00eancia: <\/strong>2.000W <\/li>\n\n\n\n<li><strong>Velocidades:<\/strong> 2 velocidades<\/li>\n\n\n\n<li><strong>Temperaturas:<\/strong> 2 temperaturas<\/li>\n\n\n\n<li><strong>Jato frio:<\/strong> sim<\/li>\n\n\n\n<li><strong>Comprimento do fio: <\/strong>3,0 m<\/li>\n\n\n\n<li><strong>Peso aproximado:<\/strong> 788 g<\/li>\n\n\n\n<li><strong>Acess\u00f3rios inclusos:<\/strong> 1 bico direcionador de ar<\/li>\n\n\n\n<li><strong>Tens\u00e3o: <\/strong>127V ou 220V<\/li>\n\n\n\n<li><strong>Consumo de energia<\/strong>: 2 kWh<\/li>\n\n\n\n<li><strong>Pre\u00e7o m\u00e9dio:<\/strong> R$ 260 <\/li>\n<\/ul>\n\n\n\n<p>Com o <a href=\"https:\/\/www.meliuz.com.br\/desconto\/cupom-desconto-amazon\/\" target=\"_blank\" rel=\"noreferrer noopener\">Cupom de Desconto Amazon<\/a>, voc\u00ea pode fazer as suas compras com seguran\u00e7a e ainda garantir uma boa economia. N\u00e3o deixe de aproveitar as melhores ofertas do mercado!<\/p>\n\n\n\n<div class=\"wp-block-buttons is-horizontal is-content-justification-center is-layout-flex wp-container-core-buttons-is-layout-499968f5 wp-block-buttons-is-layout-flex\">\n<div class=\"wp-block-button\"><a class=\"wp-block-button__link has-text-color has-background wp-element-button\" href=\"https:\/\/www.meliuz.com.br\/desconto\/cupom-desconto-amazon\" style=\"color:#ffffff;background-color:#f34986\" target=\"_blank\" rel=\"noreferrer noopener\">Compre agora com cashback<\/a><\/div>\n<\/div>\n\n\n\n<h4 class=\"wp-block-heading\"><strong>7 &#8211; Taiff Unique Duo<\/strong><\/h4>\n\n\n<div class=\"wp-block-image\">\n<figure class=\"aligncenter size-large is-resized\"><img loading=\"lazy\" decoding=\"async\" width=\"1000\" height=\"1000\" src=\"https:\/\/www.meliuz.com.br\/blog\/wp-content\/uploads\/2020\/09\/c22ebfe63871ab2fd6c6d52c931c6731.jpg\" alt=\"Melhor secador de cabelo \" class=\"wp-image-35750\" style=\"width:383px;height:383px\" srcset=\"https:\/\/www.meliuz.com.br\/blog\/wp-content\/uploads\/2020\/09\/c22ebfe63871ab2fd6c6d52c931c6731.jpg 1000w, https:\/\/www.meliuz.com.br\/blog\/wp-content\/uploads\/2020\/09\/c22ebfe63871ab2fd6c6d52c931c6731-300x300.jpg 300w, https:\/\/www.meliuz.com.br\/blog\/wp-content\/uploads\/2020\/09\/c22ebfe63871ab2fd6c6d52c931c6731-768x768.jpg 768w\" sizes=\"auto, (max-width: 1000px) 100vw, 1000px\" \/><\/figure><\/div>\n\n\n<p>Quem busca por um secador de cabelo potente encontra no Taiff Unique Duo a op\u00e7\u00e3o perfeita, j\u00e1 que ele oferece fant\u00e1sticos 2.700W de pot\u00eancia a 220V e 2.100W a 127V.<\/p>\n\n\n\n<p>Isso sem contar a versatilidade de ser bivolt, o que te permite utiliz\u00e1-lo em v\u00e1rios ambientes sem ter que se preocupar com as redes el\u00e9tricas dispon\u00edveis.<\/p>\n\n\n\n<p>Portanto, esse secador profissional <strong>resulta em cabelos macios, brilhantes e com menos frizz<\/strong>, al\u00e9m da tecnologia Tourmaline Cer\u00e2mica para secar os fios com agilidade e manter sua hidrata\u00e7\u00e3o.<\/p>\n\n\n\n<p>Al\u00e9m disso, o encaixe nas m\u00e3os \u00e9 \u00f3timo gra\u00e7as \u00e0 borracha lateral, que evita deslizamentos e, assim, aumenta a seguran\u00e7a durante o uso.<\/p>\n\n\n\n<ul class=\"wp-block-list\">\n<li><strong>Pot\u00eancia: <\/strong>2.700W (220V) \/ 2.100W (127V)<\/li>\n\n\n\n<li><strong>Velocidades:<\/strong> 2 velocidades<\/li>\n\n\n\n<li><strong>Temperaturas:<\/strong> 2 temperaturas<\/li>\n\n\n\n<li><strong>Jato frio:<\/strong> sim<\/li>\n\n\n\n<li><strong>Comprimento do fio: <\/strong>3,0 m<\/li>\n\n\n\n<li><strong>Peso aproximado:<\/strong> n\u00e3o informado<\/li>\n\n\n\n<li><strong>Acess\u00f3rios inclusos:<\/strong> 1 bico direcionador de ar<\/li>\n\n\n\n<li><strong>Tens\u00e3o: <\/strong>127V ou 220V<\/li>\n\n\n\n<li><strong>Consumo de energia<\/strong>: 2,7 kWh (220V) \/ 2,1 kWh (127V)<\/li>\n\n\n\n<li><strong>Pre\u00e7o m\u00e9dio:<\/strong> R$ 700 <\/li>\n<\/ul>\n\n\n\n<div class=\"wp-block-buttons is-horizontal is-content-justification-center is-layout-flex wp-container-core-buttons-is-layout-499968f5 wp-block-buttons-is-layout-flex\">\n<div class=\"wp-block-button\"><a class=\"wp-block-button__link has-text-color has-background wp-element-button\" href=\"https:\/\/www.meliuz.com.br\/desconto\/cupom-americanas\/\" style=\"color:#ffffff;background-color:#f34986\" target=\"_blank\" rel=\"noreferrer noopener\">Compre agora com cashback<\/a><\/div>\n<\/div>\n\n\n\n<h4 class=\"wp-block-heading\"><strong>8 &#8211; Taiff VIS Unique<\/strong><\/h4>\n\n\n<div class=\"wp-block-image\">\n<figure class=\"aligncenter size-large is-resized\"><img loading=\"lazy\" decoding=\"async\" width=\"1000\" height=\"1000\" src=\"https:\/\/www.meliuz.com.br\/blog\/wp-content\/uploads\/2020\/09\/Secador-de-Cabelos-Taiff-Unique-2600W-220V-Grafite.png\" alt=\"Melhor secador de cabelo \" class=\"wp-image-35751\" style=\"width:383px;height:383px\" srcset=\"https:\/\/www.meliuz.com.br\/blog\/wp-content\/uploads\/2020\/09\/Secador-de-Cabelos-Taiff-Unique-2600W-220V-Grafite.png 1000w, https:\/\/www.meliuz.com.br\/blog\/wp-content\/uploads\/2020\/09\/Secador-de-Cabelos-Taiff-Unique-2600W-220V-Grafite-300x300.png 300w, https:\/\/www.meliuz.com.br\/blog\/wp-content\/uploads\/2020\/09\/Secador-de-Cabelos-Taiff-Unique-2600W-220V-Grafite-768x768.png 768w\" sizes=\"auto, (max-width: 1000px) 100vw, 1000px\" \/><\/figure><\/div>\n\n\n<p>Para fechar a lista de melhores secadores de cabelo, trazemos outro \u00f3timo modelo, o Taiff Unique Vis.<\/p>\n\n\n\n<p>Super potente, esse secador entrega 2.600W, o que o coloca na segunda posi\u00e7\u00e3o em pot\u00eancia na compara\u00e7\u00e3o com todos os demais da lista, perdendo apenas para o Taiff Unique Duo, que vimos anteriormente.<\/p>\n\n\n\n<p>Desta forma, com motor AC profissional de alta rota\u00e7\u00e3o e maior vaz\u00e3o de ar, a secagem ocorre com muita agilidade, tamb\u00e9m gra\u00e7as \u00e0s 5 temperaturas, o que \u00e9 \u00f3timo para ganhar tempo.<\/p>\n\n\n\n<p>Al\u00e9m do mais, os \u00edons negativos neutralizam a eletricidade est\u00e1tica dos fios e combatem o frizz, o que ajuda a ter resultados ainda melhores.<\/p>\n\n\n\n<ul class=\"wp-block-list\">\n<li><strong>Pot\u00eancia: <\/strong>2.600W <\/li>\n\n\n\n<li><strong>Velocidades:<\/strong> 2 velocidades<\/li>\n\n\n\n<li><strong>Temperaturas:<\/strong> 5 temperaturas<\/li>\n\n\n\n<li><strong>Jato frio:<\/strong> sim<\/li>\n\n\n\n<li><strong>Comprimento do fio: <\/strong>3,0 m<\/li>\n\n\n\n<li><strong>Peso aproximado:<\/strong> 805 g<\/li>\n\n\n\n<li><strong>Acess\u00f3rios inclusos:<\/strong> 1 bico direcionador de ar<\/li>\n\n\n\n<li><strong>Tens\u00e3o: <\/strong>220V<\/li>\n\n\n\n<li><strong>Consumo de energia<\/strong>: 2,2 kWh<\/li>\n\n\n\n<li><strong>Pre\u00e7o m\u00e9dio:<\/strong> R$ 800 <\/li>\n<\/ul>\n\n\n\n<div class=\"wp-block-buttons is-horizontal is-content-justification-center is-layout-flex wp-container-core-buttons-is-layout-499968f5 wp-block-buttons-is-layout-flex\">\n<div class=\"wp-block-button\"><a class=\"wp-block-button__link has-text-color has-background wp-element-button\" href=\"https:\/\/www.meliuz.com.br\/desconto\/cupom-magazine-luiza\/\" style=\"color:#ffffff;background-color:#f34986\" target=\"_blank\" rel=\"noreferrer noopener\">Compre agora com cashback<\/a><\/div>\n<\/div>\n\n\n\n<h4 class=\"wp-block-heading\"><strong>9 &#8211; Philips Prestige<\/strong><\/h4>\n\n\n<div class=\"wp-block-image\">\n<figure class=\"aligncenter size-full is-resized\"><img loading=\"lazy\" decoding=\"async\" width=\"681\" height=\"932\" src=\"https:\/\/www.meliuz.com.br\/blog\/wp-content\/uploads\/2022\/03\/secador-de-cabelo-phillips.jpg\" alt=\"melhor secador de cabelo phlips prestige\" class=\"wp-image-42749\" style=\"width:170px;height:233px\" srcset=\"https:\/\/www.meliuz.com.br\/blog\/wp-content\/uploads\/2022\/03\/secador-de-cabelo-phillips.jpg 681w, https:\/\/www.meliuz.com.br\/blog\/wp-content\/uploads\/2022\/03\/secador-de-cabelo-phillips-219x300.jpg 219w\" sizes=\"auto, (max-width: 681px) 100vw, 681px\" \/><\/figure><\/div>\n\n\n<p>Para mulheres com cabelo cacheado e ondulado, o secador de cabelo Philips Prestige se apresenta como uma boa op\u00e7\u00e3o. Isso porque, ele conta com um difusor, que possui como fun\u00e7\u00e3o principal preservar a sa\u00fade dos fios.<\/p>\n\n\n\n<p>Al\u00e9m disso, ele tamb\u00e9m possui uma tecnologia chamada Moisture Protect, respons\u00e1vel por medir a temperatura dos fios. Assim, ele ajusta o calor utilizado, evitando danos aos fios de cabelo.<\/p>\n\n\n\n<ul class=\"wp-block-list\">\n<li><strong>Pot\u00eancia: <\/strong>1.900W <\/li>\n\n\n\n<li><strong>Velocidades:<\/strong> 6 velocidades<\/li>\n\n\n\n<li><strong>Temperaturas:<\/strong> 6 temperaturas<\/li>\n\n\n\n<li><strong>Jato frio:<\/strong> sim<\/li>\n\n\n\n<li><strong>Comprimento do fio: <\/strong>2,5 m<\/li>\n\n\n\n<li><strong>Peso aproximado:<\/strong> 700 g<\/li>\n\n\n\n<li><strong>Acess\u00f3rios inclusos:<\/strong> 1 bico direcionador de ar e 1 difusor<\/li>\n\n\n\n<li><strong>Tens\u00e3o: <\/strong>110V<\/li>\n\n\n\n<li><strong>Consumo de energia<\/strong>: 1,9 kWh<\/li>\n\n\n\n<li><strong>Pre\u00e7o m\u00e9dio:<\/strong> R$ 545<\/li>\n<\/ul>\n\n\n\n<div class=\"wp-block-buttons is-horizontal is-content-justification-center is-layout-flex wp-container-core-buttons-is-layout-499968f5 wp-block-buttons-is-layout-flex\">\n<div class=\"wp-block-button\"><a class=\"wp-block-button__link has-text-color has-background wp-element-button\" href=\"https:\/\/www.meliuz.com.br\/desconto\/cupom-desconto-amazon\" style=\"color:#ffffff;background-color:#f34986\" target=\"_blank\" rel=\"noreferrer noopener\">Compre agora com cashback<\/a><\/div>\n<\/div>\n\n\n\n<h4 class=\"wp-block-heading\"><strong>10 &#8211; Gama Italy Light<\/strong><\/h4>\n\n\n<div class=\"wp-block-image\">\n<figure class=\"aligncenter size-full is-resized\"><img loading=\"lazy\" decoding=\"async\" width=\"850\" height=\"834\" src=\"https:\/\/www.meliuz.com.br\/blog\/wp-content\/uploads\/2022\/11\/12.jpg\" alt=\"Gama Italy Light\" class=\"wp-image-45846\" style=\"width:213px;height:209px\" srcset=\"https:\/\/www.meliuz.com.br\/blog\/wp-content\/uploads\/2022\/11\/12.jpg 850w, https:\/\/www.meliuz.com.br\/blog\/wp-content\/uploads\/2022\/11\/12-300x294.jpg 300w, https:\/\/www.meliuz.com.br\/blog\/wp-content\/uploads\/2022\/11\/12-768x754.jpg 768w, https:\/\/www.meliuz.com.br\/blog\/wp-content\/uploads\/2022\/11\/12-75x75.jpg 75w\" sizes=\"auto, (max-width: 850px) 100vw, 850px\" \/><\/figure><\/div>\n\n\n<p>Se voc\u00ea \u00e9 uma pessoa que gosta de economizar dinheiro, <strong>certamente o Gama Italy Light \u00e9 o modelo ideal. <\/strong>Isso porque, hoje \u00e9 poss\u00edvel encontr\u00e1-lo por pouco mais de R$ 100 nas principais lojas de todo o mercado.<\/p>\n\n\n\n<p>Sendo assim, \u00e9 importante entender que voc\u00ea ter\u00e1 \u00e0 disposi\u00e7\u00e3o um secador com <strong>2.000W de pot\u00eancia<\/strong> e <strong>tecnologia Ceramic Ion<\/strong>, permitindo assim um processo de secagem dos fios mais r\u00e1pido.<\/p>\n\n\n\n<ul class=\"wp-block-list\">\n<li><strong>Pot\u00eancia: <\/strong>2.000W <\/li>\n\n\n\n<li><strong>Velocidades:<\/strong> 2 velocidades<\/li>\n\n\n\n<li><strong>Temperaturas:<\/strong> 2 temperaturas<\/li>\n\n\n\n<li><strong>Jato frio:<\/strong> Sim<\/li>\n\n\n\n<li><strong>Comprimento do fio: <\/strong>1,8 m<\/li>\n\n\n\n<li><strong>Peso aproximado:<\/strong> 850 g<\/li>\n\n\n\n<li><strong>Acess\u00f3rios inclusos:<\/strong> 1 bico direcionador de ar<\/li>\n\n\n\n<li><strong>Tens\u00e3o: <\/strong>220V<\/li>\n\n\n\n<li><strong>Consumo de energia<\/strong>: 2 kWh<\/li>\n\n\n\n<li><strong>Pre\u00e7o m\u00e9dio:<\/strong> R$ 139<\/li>\n<\/ul>\n\n\n\n<div class=\"wp-block-buttons is-horizontal is-content-justification-center is-layout-flex wp-container-core-buttons-is-layout-499968f5 wp-block-buttons-is-layout-flex\">\n<div class=\"wp-block-button\"><a class=\"wp-block-button__link has-text-color has-background wp-element-button\" href=\"https:\/\/www.meliuz.com.br\/desconto\/cupom-desconto-amazon\" style=\"color:#ffffff;background-color:#f34986\" target=\"_blank\" rel=\"noreferrer noopener\">Compre agora com cashback<\/a><\/div>\n<\/div>\n\n\n\n<h4 class=\"wp-block-heading\"><strong>11 &#8211; Philco Beauty Rose<\/strong><\/h4>\n\n\n<div class=\"wp-block-image\">\n<figure class=\"aligncenter size-full is-resized\"><img loading=\"lazy\" decoding=\"async\" width=\"954\" height=\"938\" src=\"https:\/\/www.meliuz.com.br\/blog\/wp-content\/uploads\/2022\/11\/13-1.jpg\" alt=\"Philco Beauty Rose\" class=\"wp-image-45847\" style=\"width:239px;height:235px\" srcset=\"https:\/\/www.meliuz.com.br\/blog\/wp-content\/uploads\/2022\/11\/13-1.jpg 954w, https:\/\/www.meliuz.com.br\/blog\/wp-content\/uploads\/2022\/11\/13-1-300x295.jpg 300w, https:\/\/www.meliuz.com.br\/blog\/wp-content\/uploads\/2022\/11\/13-1-768x755.jpg 768w, https:\/\/www.meliuz.com.br\/blog\/wp-content\/uploads\/2022\/11\/13-1-75x75.jpg 75w\" sizes=\"auto, (max-width: 954px) 100vw, 954px\" \/><\/figure><\/div>\n\n\n<p>Uma op\u00e7\u00e3o de secador de cabelo que, inclusive, \u00e9 utilizado por muitos profissionais, \u00e9 o Beauty Rose, da marca Philco. Com<strong> 2.200W de pot\u00eancia<\/strong>, voc\u00ea ter\u00e1 \u00e0 sua disposi\u00e7\u00e3o um modelo capaz de entregar uma experi\u00eancia positiva.<\/p>\n\n\n\n<p>Al\u00e9m disso, <strong>estamos falando de um secador que acompanha um difusor<\/strong>, perfeito para as mulheres que possuem cabelos cacheados. Al\u00e9m disso, ele tamb\u00e9m possui dois bocais concentradores, aumentando a sua efici\u00eancia.<\/p>\n\n\n\n<ul class=\"wp-block-list\">\n<li><strong>Pot\u00eancia: <\/strong>2.200W <\/li>\n\n\n\n<li><strong>Velocidades:<\/strong> 2 velocidades<\/li>\n\n\n\n<li><strong>Temperaturas:<\/strong> 3 temperaturas<\/li>\n\n\n\n<li><strong>Jato frio:<\/strong> Sim<\/li>\n\n\n\n<li><strong>Comprimento do fio: <\/strong>3 m<\/li>\n\n\n\n<li><strong>Peso aproximado:<\/strong> 1250 g<\/li>\n\n\n\n<li><strong>Acess\u00f3rios inclusos:<\/strong> 2 bocais, difusor, grade remov\u00edvel, prote\u00e7\u00e3o t\u00e9rmica e anel para pendurar<\/li>\n\n\n\n<li><strong>Tens\u00e3o: <\/strong>127V<\/li>\n\n\n\n<li><strong>Consumo de energia<\/strong>: 2 kWh<\/li>\n\n\n\n<li><strong>Pre\u00e7o m\u00e9dio:<\/strong> R$ 149<\/li>\n<\/ul>\n\n\n\n<div class=\"wp-block-buttons is-horizontal is-content-justification-center is-layout-flex wp-container-core-buttons-is-layout-499968f5 wp-block-buttons-is-layout-flex\">\n<div class=\"wp-block-button\"><a class=\"wp-block-button__link has-text-color has-background wp-element-button\" href=\"https:\/\/www.meliuz.com.br\/desconto\/cupom-desconto-amazon\" style=\"color:#ffffff;background-color:#f34986\" target=\"_blank\" rel=\"noreferrer noopener\">Compre agora com cashback<\/a><\/div>\n<\/div>\n\n\n\n<h4 class=\"wp-block-heading\"><strong>12 &#8211; Gama Italy Sensi 4D<\/strong><\/h4>\n\n\n<div class=\"wp-block-image\">\n<figure class=\"aligncenter size-full is-resized\"><img loading=\"lazy\" decoding=\"async\" width=\"903\" height=\"945\" src=\"https:\/\/www.meliuz.com.br\/blog\/wp-content\/uploads\/2022\/11\/14-1.jpg\" alt=\"\" class=\"wp-image-45848\" style=\"width:226px;height:236px\" srcset=\"https:\/\/www.meliuz.com.br\/blog\/wp-content\/uploads\/2022\/11\/14-1.jpg 903w, https:\/\/www.meliuz.com.br\/blog\/wp-content\/uploads\/2022\/11\/14-1-287x300.jpg 287w, https:\/\/www.meliuz.com.br\/blog\/wp-content\/uploads\/2022\/11\/14-1-768x804.jpg 768w\" sizes=\"auto, (max-width: 903px) 100vw, 903px\" \/><\/figure><\/div>\n\n\n<p>Antes de finalizar o nosso Guia de Compras sobre o melhor secador do mercado, temos o Gama Italy Sensi 4D. Aqui, temos um modelo com <strong>tecnologia 4D Therapy<\/strong>, que contribui no processo de manter o cabelo mais saud\u00e1vel.<\/p>\n\n\n\n<p>Sem sombra de d\u00favidas, um dos seus principais diferenciais <strong>\u00e9 o fato de ser bivolt<\/strong>, o que o torna ideal para levar em viagens.<\/p>\n\n\n\n<p>Al\u00e9m disso, n\u00e3o podemos deixar de destacar a sua <strong>pot\u00eancia de 2.500W<\/strong> e acess\u00f3rios como necessaire, bico direcionador de ar, entre outros.<\/p>\n\n\n\n<ul class=\"wp-block-list\">\n<li><strong>Pot\u00eancia: <\/strong>2.500W <\/li>\n\n\n\n<li><strong>Velocidades:<\/strong> 2 velocidades<\/li>\n\n\n\n<li><strong>Temperaturas:<\/strong> 3 temperaturas<\/li>\n\n\n\n<li><strong>Jato frio:<\/strong> Sim<\/li>\n\n\n\n<li><strong>Comprimento do fio: <\/strong>3 m<\/li>\n\n\n\n<li><strong>Peso aproximado:<\/strong> 970 g<\/li>\n\n\n\n<li><strong>Acess\u00f3rios inclusos:<\/strong> Bico direcionador de ar, necessaire e saco para viagem<\/li>\n\n\n\n<li><strong>Tens\u00e3o: <\/strong>Bivolt<\/li>\n\n\n\n<li><strong>Consumo de energia<\/strong>: 2 kWh<\/li>\n\n\n\n<li><strong>Pre\u00e7o m\u00e9dio:<\/strong> R$ 319<\/li>\n<\/ul>\n\n\n\n<div class=\"wp-block-buttons is-horizontal is-content-justification-center is-layout-flex wp-container-core-buttons-is-layout-499968f5 wp-block-buttons-is-layout-flex\">\n<div class=\"wp-block-button\"><a class=\"wp-block-button__link has-text-color has-background wp-element-button\" href=\"https:\/\/www.meliuz.com.br\/desconto\/cupom-desconto-amazon\" style=\"color:#ffffff;background-color:#f34986\" target=\"_blank\" rel=\"noreferrer noopener\">Compre agora com cashback<\/a><\/div>\n<\/div>\n\n\n\n<h4 class=\"wp-block-heading\"><strong>13 &#8211; Taiff Red \u00cdon<\/strong><\/h4>\n\n\n<div class=\"wp-block-image\">\n<figure class=\"aligncenter size-large is-resized\"><img loading=\"lazy\" decoding=\"async\" width=\"1024\" height=\"773\" src=\"https:\/\/www.meliuz.com.br\/blog\/wp-content\/uploads\/2022\/11\/15-2-1024x773.jpg\" alt=\"Taiff Red \u00cdon\" class=\"wp-image-45849\" style=\"width:279px;height:210px\" srcset=\"https:\/\/www.meliuz.com.br\/blog\/wp-content\/uploads\/2022\/11\/15-2-1024x773.jpg 1024w, https:\/\/www.meliuz.com.br\/blog\/wp-content\/uploads\/2022\/11\/15-2-300x226.jpg 300w, https:\/\/www.meliuz.com.br\/blog\/wp-content\/uploads\/2022\/11\/15-2-768x580.jpg 768w, https:\/\/www.meliuz.com.br\/blog\/wp-content\/uploads\/2022\/11\/15-2-1140x860.jpg 1140w, https:\/\/www.meliuz.com.br\/blog\/wp-content\/uploads\/2022\/11\/15-2.jpg 1000w\" sizes=\"auto, (max-width: 1024px) 100vw, 1024px\" \/><\/figure><\/div>\n\n\n<p>N\u00e3o vamos encerrar a nossa lista sem o Taiff Red \u00cdon, <strong>que conta com 1.900W de pot\u00eancia<\/strong>. Aqui, temos um modelo que oferece muita seguran\u00e7a, uma vez que ele n\u00e3o danifica os fios de cabelo.<\/p>\n\n\n\n<p>Al\u00e9m disso, <strong>ele tamb\u00e9m possui 5 op\u00e7\u00f5es diferentes de temperaturas, <\/strong>garantindo assim uma maior versatilidade.<\/p>\n\n\n\n<ul class=\"wp-block-list\">\n<li><strong>Pot\u00eancia: <\/strong>1.900W <\/li>\n\n\n\n<li><strong>Velocidades:<\/strong> 5 velocidades<\/li>\n\n\n\n<li><strong>Temperaturas:<\/strong> 5 temperaturas<\/li>\n\n\n\n<li><strong>Jato frio:<\/strong> Sim<\/li>\n\n\n\n<li><strong>Comprimento do fio: <\/strong>1,8 m<\/li>\n\n\n\n<li><strong>Peso aproximado:<\/strong> 970 g<\/li>\n\n\n\n<li><strong>Acess\u00f3rios inclusos:<\/strong> Bico direcionador de ar e tampa traseira remov\u00edvel<\/li>\n\n\n\n<li><strong>Tens\u00e3o: <\/strong>220V<\/li>\n\n\n\n<li><strong>Consumo de energia<\/strong>: 1,9 kWh<\/li>\n\n\n\n<li><strong>Pre\u00e7o m\u00e9dio:<\/strong> R$ 270<\/li>\n<\/ul>\n\n\n\n<div class=\"wp-block-buttons is-horizontal is-content-justification-center is-layout-flex wp-container-core-buttons-is-layout-499968f5 wp-block-buttons-is-layout-flex\">\n<div class=\"wp-block-button\"><a class=\"wp-block-button__link has-text-color has-background wp-element-button\" href=\"https:\/\/www.meliuz.com.br\/desconto\/cupom-desconto-amazon\" style=\"color:#ffffff;background-color:#f34986\" target=\"_blank\" rel=\"noreferrer noopener\">Compre agora com cashback<\/a><\/div>\n<\/div>\n\n\n\n<h4 class=\"wp-block-heading\"><strong>14 &#8211; Philco Travel Blue<\/strong><\/h4>\n\n\n<div class=\"wp-block-image\">\n<figure class=\"aligncenter size-large is-resized\"><img loading=\"lazy\" decoding=\"async\" width=\"863\" height=\"1024\" src=\"https:\/\/www.meliuz.com.br\/blog\/wp-content\/uploads\/2022\/11\/16-1-863x1024.jpg\" alt=\"Philco Travel Blue\" class=\"wp-image-46186\" style=\"width:193px;height:229px\" srcset=\"https:\/\/www.meliuz.com.br\/blog\/wp-content\/uploads\/2022\/11\/16-1-863x1024.jpg 863w, https:\/\/www.meliuz.com.br\/blog\/wp-content\/uploads\/2022\/11\/16-1-253x300.jpg 253w, https:\/\/www.meliuz.com.br\/blog\/wp-content\/uploads\/2022\/11\/16-1-768x912.jpg 768w, https:\/\/www.meliuz.com.br\/blog\/wp-content\/uploads\/2022\/11\/16-1.jpg 931w\" sizes=\"auto, (max-width: 863px) 100vw, 863px\" \/><\/figure><\/div>\n\n\n<p>Um secador de cabelo que pode te acompanhar em viagens e passeios \u00e9 o <strong>Philco Travel Blue<\/strong>. O seu design conta com cabo dobr\u00e1vel, o que faz com que ele possa ser transportado dentro de uma bolsa, por exemplo.<\/p>\n\n\n\n<p>Aqui, temos uma op\u00e7\u00e3o com <strong>1.200W de pot\u00eancia e com tecnologia ION Tourmaline<\/strong>. Com isso, voc\u00ea poder\u00e1 cuidar dos seus fios, reduzindo o frizz no cabelo. O que, c\u00e1 entre n\u00f3s, \u00e9 muito bom, n\u00e9?<\/p>\n\n\n\n<ul class=\"wp-block-list\">\n<li><strong>Pot\u00eancia: <\/strong>1.200W <\/li>\n\n\n\n<li><strong>Velocidades:<\/strong> 2 velocidades<\/li>\n\n\n\n<li><strong>Temperaturas:<\/strong> 2 temperaturas<\/li>\n\n\n\n<li><strong>Jato frio:<\/strong> N\u00e3o<\/li>\n\n\n\n<li><strong>Comprimento do fio: <\/strong>1,9 m<\/li>\n\n\n\n<li><strong>Peso aproximado:<\/strong> 480 g<\/li>\n\n\n\n<li><strong>Acess\u00f3rios inclusos:<\/strong> Modelo dobr\u00e1vel e com bico direcionador de ar<\/li>\n\n\n\n<li><strong>Tens\u00e3o: <\/strong>Bivolt<\/li>\n\n\n\n<li><strong>Consumo de energia<\/strong>: 1,2 kWh<\/li>\n\n\n\n<li><strong>Pre\u00e7o m\u00e9dio:<\/strong> R$ 117<\/li>\n<\/ul>\n\n\n\n<h4 class=\"wp-block-heading\"><strong>15 &#8211; Cadence Divine 2200<\/strong><\/h4>\n\n\n<div class=\"wp-block-image\">\n<figure class=\"aligncenter size-large is-resized\"><img loading=\"lazy\" decoding=\"async\" width=\"963\" height=\"1024\" src=\"https:\/\/www.meliuz.com.br\/blog\/wp-content\/uploads\/2022\/11\/17-1-963x1024.jpg\" alt=\"Cadence Divine 2200\" class=\"wp-image-46187\" style=\"width:217px;height:231px\" srcset=\"https:\/\/www.meliuz.com.br\/blog\/wp-content\/uploads\/2022\/11\/17-1-963x1024.jpg 963w, https:\/\/www.meliuz.com.br\/blog\/wp-content\/uploads\/2022\/11\/17-1-282x300.jpg 282w, https:\/\/www.meliuz.com.br\/blog\/wp-content\/uploads\/2022\/11\/17-1-768x817.jpg 768w, https:\/\/www.meliuz.com.br\/blog\/wp-content\/uploads\/2022\/11\/17-1-1140x1213.jpg 1140w, https:\/\/www.meliuz.com.br\/blog\/wp-content\/uploads\/2022\/11\/17-1.jpg 1000w\" sizes=\"auto, (max-width: 963px) 100vw, 963px\" \/><\/figure><\/div>\n\n\n<p>Com cabo de 1,7 metros e um bico direcionador, o Secador de Cabelo Cadence Divine 2200 \u00e9 uma boa op\u00e7\u00e3o dispon\u00edvel no mercado. <strong>E melhor:<\/strong> ele pode ser encontrado por pre\u00e7os mais em conta.<\/p>\n\n\n\n<p>Al\u00e9m disso, o secador de cabelo da marca Cadence possui <strong>tr\u00eas ajustes de temperatura e duas velocidades<\/strong>. Com isso, voc\u00ea poder\u00e1 ter uma experi\u00eancia positiva ao utiliz\u00e1-lo.<\/p>\n\n\n\n<ul class=\"wp-block-list\">\n<li><strong>Pot\u00eancia: <\/strong>2.000W <\/li>\n\n\n\n<li><strong>Velocidades:<\/strong> 2 velocidades<\/li>\n\n\n\n<li><strong>Temperaturas:<\/strong> 3 temperaturas<\/li>\n\n\n\n<li><strong>Jato frio:<\/strong> Sim<\/li>\n\n\n\n<li><strong>Comprimento do fio: <\/strong>1,7 m<\/li>\n\n\n\n<li><strong>Peso aproximado:<\/strong> 590 g<\/li>\n\n\n\n<li><strong>Acess\u00f3rios inclusos:<\/strong> Bico direcionador de ar<\/li>\n\n\n\n<li><strong>Tens\u00e3o: <\/strong>127 e 220V<\/li>\n\n\n\n<li><strong>Consumo de energia<\/strong>: 2 kWh<\/li>\n\n\n\n<li><strong>Pre\u00e7o m\u00e9dio:<\/strong> R$ 122<\/li>\n<\/ul>\n\n\n\n<div class=\"wp-block-buttons is-horizontal is-content-justification-center is-layout-flex wp-container-core-buttons-is-layout-499968f5 wp-block-buttons-is-layout-flex\">\n<div class=\"wp-block-button\"><a class=\"wp-block-button__link has-text-color has-background wp-element-button\" href=\"https:\/\/www.meliuz.com.br\/desconto\/cupom-desconto-amazon\" style=\"color:#ffffff;background-color:#f34986\" target=\"_blank\" rel=\"noreferrer noopener\">Compre agora com cashback<\/a><\/div>\n<\/div>\n\n\n\n<h4 class=\"wp-block-heading\"><strong>16 &#8211; Gama Italy Keration 3D<\/strong><\/h4>\n\n\n<div class=\"wp-block-image\">\n<figure class=\"aligncenter size-full is-resized\"><img loading=\"lazy\" decoding=\"async\" width=\"994\" height=\"912\" src=\"https:\/\/www.meliuz.com.br\/blog\/wp-content\/uploads\/2022\/11\/18.jpg\" alt=\"\" class=\"wp-image-46188\" style=\"width:230px;height:211px\" srcset=\"https:\/\/www.meliuz.com.br\/blog\/wp-content\/uploads\/2022\/11\/18.jpg 994w, https:\/\/www.meliuz.com.br\/blog\/wp-content\/uploads\/2022\/11\/18-300x275.jpg 300w, https:\/\/www.meliuz.com.br\/blog\/wp-content\/uploads\/2022\/11\/18-768x705.jpg 768w\" sizes=\"auto, (max-width: 994px) 100vw, 994px\" \/><\/figure><\/div>\n\n\n<p>Ainda n\u00e3o chegamos ao fim do nosso Guia de Compras sobre o melhor secador de cabelo do mercado, por isso, vale a pena conhecer o Gama Italy Keration 3D. Aqui, <strong>estamos falando de uma op\u00e7\u00e3o que conta com a tecnologia Micro Glitt.<\/strong><\/p>\n\n\n\n<p>Ou seja, de acordo com a pr\u00f3pria marca, o secador possui como foco proteger a queratina natural do cabelo.<\/p>\n\n\n\n<p>Al\u00e9m disso, o secador tamb\u00e9m possui <strong>2.200W de pot\u00eancia<\/strong> e um cabo el\u00e9trico que conta com cabo el\u00e9trico de tr\u00eas metros.<\/p>\n\n\n\n<ul class=\"wp-block-list\">\n<li><strong>Pot\u00eancia: <\/strong>2.200W <\/li>\n\n\n\n<li><strong>Velocidades:<\/strong> 2 velocidades<\/li>\n\n\n\n<li><strong>Temperaturas:<\/strong> 3 temperaturas<\/li>\n\n\n\n<li><strong>Jato frio:<\/strong> Sim<\/li>\n\n\n\n<li><strong>Comprimento do fio: <\/strong>3 m<\/li>\n\n\n\n<li><strong>Peso aproximado:<\/strong> 590 g<\/li>\n\n\n\n<li><strong>Acess\u00f3rios inclusos:<\/strong> Bico direcionador de ar<\/li>\n\n\n\n<li><strong>Tens\u00e3o: <\/strong>110V<\/li>\n\n\n\n<li><strong>Consumo de energia<\/strong>: 2.2 kWh<\/li>\n\n\n\n<li><strong>Pre\u00e7o m\u00e9dio:<\/strong> R$ 219<\/li>\n<\/ul>\n\n\n\n<div class=\"wp-block-buttons is-horizontal is-content-justification-center is-layout-flex wp-container-core-buttons-is-layout-499968f5 wp-block-buttons-is-layout-flex\">\n<div class=\"wp-block-button\"><a class=\"wp-block-button__link has-text-color has-background wp-element-button\" href=\"https:\/\/www.meliuz.com.br\/desconto\/cupom-desconto-amazon\" style=\"color:#ffffff;background-color:#f34986\" target=\"_blank\" rel=\"noreferrer noopener\">Compre agora com cashback<\/a><\/div>\n<\/div>\n\n\n\n<h4 class=\"wp-block-heading\"><strong>17 &#8211; Brit\u00e2nia Beauty Compact<\/strong><\/h4>\n\n\n<div class=\"wp-block-image\">\n<figure class=\"aligncenter size-full is-resized\"><img loading=\"lazy\" decoding=\"async\" width=\"773\" height=\"856\" src=\"https:\/\/www.meliuz.com.br\/blog\/wp-content\/uploads\/2022\/12\/19-2.jpg\" alt=\"Brit\u00e2nia Beauty Compact\" class=\"wp-image-46591\" style=\"width:193px;height:214px\" srcset=\"https:\/\/www.meliuz.com.br\/blog\/wp-content\/uploads\/2022\/12\/19-2.jpg 773w, https:\/\/www.meliuz.com.br\/blog\/wp-content\/uploads\/2022\/12\/19-2-271x300.jpg 271w, https:\/\/www.meliuz.com.br\/blog\/wp-content\/uploads\/2022\/12\/19-2-768x850.jpg 768w\" sizes=\"auto, (max-width: 773px) 100vw, 773px\" \/><\/figure><\/div>\n\n\n<p>A Brit\u00e2nia Beauty Compact \u00e9 uma op\u00e7\u00e3o mais compacta, com <strong>2.000W de pot\u00eancia<\/strong>, que acompanha cabo el\u00e9trico e \u00e9 indicada, principalmente, para o uso dom\u00e9stico.<\/p>\n\n\n\n<p>Quando falamos da tecnologia do secador de cabelo, \u00e9 importante ressaltar que ela possui o <strong>sistema Tourmaline Ion<\/strong>. Com isso, \u00e9 poss\u00edvel deixas os fios do cabelo macios e mais alinhados.<\/p>\n\n\n\n<ul class=\"wp-block-list\">\n<li><strong>Pot\u00eancia: <\/strong>2.000W <\/li>\n\n\n\n<li><strong>Velocidades:<\/strong> 2 velocidades<\/li>\n\n\n\n<li><strong>Temperaturas:<\/strong> 3 temperaturas<\/li>\n\n\n\n<li><strong>Jato frio:<\/strong> Sim<\/li>\n\n\n\n<li><strong>Comprimento do fio: <\/strong>1,9 m<\/li>\n\n\n\n<li><strong>Peso aproximado:<\/strong> 790 g<\/li>\n\n\n\n<li><strong>Acess\u00f3rios inclusos:<\/strong> Bico direcionador de ar, anel para pendurar e grade traseira remov\u00edvel<\/li>\n\n\n\n<li><strong>Tens\u00e3o: <\/strong>220V<\/li>\n\n\n\n<li><strong>Consumo de energia<\/strong>: 2 kWh<\/li>\n\n\n\n<li><strong>Pre\u00e7o m\u00e9dio:<\/strong> R$ 150<\/li>\n<\/ul>\n\n\n\n<div class=\"wp-block-buttons is-horizontal is-content-justification-center is-layout-flex wp-container-core-buttons-is-layout-499968f5 wp-block-buttons-is-layout-flex\">\n<div class=\"wp-block-button\"><a class=\"wp-block-button__link has-text-color has-background wp-element-button\" href=\"https:\/\/www.meliuz.com.br\/desconto\/cupom-desconto-amazon\" style=\"color:#ffffff;background-color:#f34986\" target=\"_blank\" rel=\"noreferrer noopener\">Compre agora com cashback<\/a><\/div>\n<\/div>\n\n\n\n<h4 class=\"wp-block-heading\"><strong>18 &#8211; Multilaser Essenza<\/strong><\/h4>\n\n\n<div class=\"wp-block-image\">\n<figure class=\"aligncenter size-full is-resized\"><img loading=\"lazy\" decoding=\"async\" width=\"780\" height=\"871\" src=\"https:\/\/www.meliuz.com.br\/blog\/wp-content\/uploads\/2022\/12\/20-1.jpg\" alt=\"Multilaser Essenza\" class=\"wp-image-46592\" style=\"width:195px;height:218px\" srcset=\"https:\/\/www.meliuz.com.br\/blog\/wp-content\/uploads\/2022\/12\/20-1.jpg 780w, https:\/\/www.meliuz.com.br\/blog\/wp-content\/uploads\/2022\/12\/20-1-269x300.jpg 269w, https:\/\/www.meliuz.com.br\/blog\/wp-content\/uploads\/2022\/12\/20-1-768x858.jpg 768w\" sizes=\"auto, (max-width: 780px) 100vw, 780px\" \/><\/figure><\/div>\n\n\n<p>No nosso Guia de Compras, tamb\u00e9m temos uma op\u00e7\u00e3o de secador de cabelo da fabricante Multilaser, o <strong>Essenza<\/strong>.<\/p>\n\n\n\n<p>Aqui, temos uma op\u00e7\u00e3o profissional que custa pouco menos de R$ 200 e que oferece um desempenho capaz de atender \u00e0s necessidades do consumidor.<\/p>\n\n\n\n<p>O secador de cabelo da Multilaser possui <strong>pot\u00eancia de 2.000W, 3 n\u00edveis de temperatura, mais jato frio.<\/strong> Portanto, voc\u00ea poder\u00e1 se surpreender com o seu uso.<\/p>\n\n\n\n<ul class=\"wp-block-list\">\n<li><strong>Pot\u00eancia: <\/strong>2.000W <\/li>\n\n\n\n<li><strong>Velocidades:<\/strong> 2 velocidades<\/li>\n\n\n\n<li><strong>Temperaturas:<\/strong> 3 temperaturas<\/li>\n\n\n\n<li><strong>Jato frio:<\/strong> Sim<\/li>\n\n\n\n<li><strong>Comprimento do fio: <\/strong>1,6 m<\/li>\n\n\n\n<li><strong>Peso aproximado:<\/strong> 850 g<\/li>\n\n\n\n<li><strong>Acess\u00f3rios inclusos:<\/strong> Bico direcionador de ar e anel para pendurar;<\/li>\n\n\n\n<li><strong>Tens\u00e3o: <\/strong>127V ou 220V<\/li>\n\n\n\n<li><strong>Consumo de energia<\/strong>: 2 kWh<\/li>\n\n\n\n<li><strong>Pre\u00e7o m\u00e9dio:<\/strong> R$ 162<\/li>\n<\/ul>\n\n\n\n<div class=\"wp-block-buttons is-horizontal is-content-justification-center is-layout-flex wp-container-core-buttons-is-layout-499968f5 wp-block-buttons-is-layout-flex\">\n<div class=\"wp-block-button\"><a class=\"wp-block-button__link has-text-color has-background wp-element-button\" href=\"https:\/\/www.meliuz.com.br\/desconto\/cupom-desconto-amazon\" style=\"color:#ffffff;background-color:#f34986\" target=\"_blank\" rel=\"noreferrer noopener\">Compre agora com cashback<\/a><\/div>\n<\/div>\n\n\n\n<h4 class=\"wp-block-heading\"><strong>19. Taiff Style<\/strong><\/h4>\n\n\n<div class=\"wp-block-image\">\n<figure class=\"aligncenter size-large is-resized\"><img loading=\"lazy\" decoding=\"async\" width=\"775\" height=\"1024\" src=\"https:\/\/www.meliuz.com.br\/blog\/wp-content\/uploads\/2023\/03\/19-775x1024.jpg\" alt=\"19. Taiff Style\" class=\"wp-image-47431\" style=\"width:250px;height:330px\" srcset=\"https:\/\/www.meliuz.com.br\/blog\/wp-content\/uploads\/2023\/03\/19-775x1024.jpg 775w, https:\/\/www.meliuz.com.br\/blog\/wp-content\/uploads\/2023\/03\/19-227x300.jpg 227w, https:\/\/www.meliuz.com.br\/blog\/wp-content\/uploads\/2023\/03\/19-768x1015.jpg 768w, https:\/\/www.meliuz.com.br\/blog\/wp-content\/uploads\/2023\/03\/19.jpg 1135w\" sizes=\"auto, (max-width: 775px) 100vw, 775px\" \/><\/figure><\/div>\n\n\n<p>O Secador de Cabelo Taiff Style \u00e9 uma op\u00e7\u00e3o indicada para uso pessoal, mas que tamb\u00e9m apresenta um bom desempenho, o que se d\u00e1 por sua pot\u00eancia de 2000W.<\/p>\n\n\n\n<p>Dispon\u00edvel em diferentes cores, voc\u00ea poder\u00e1 optar pelo modelo que melhor te agradar. O secador de cabelo tamb\u00e9m conta com fun\u00e7\u00f5es como o jato de ar frio, al\u00e9m de 3 op\u00e7\u00f5es de temperatura e duas velocidade.<\/p>\n\n\n\n<ul class=\"wp-block-list\">\n<li><strong>Pot\u00eancia: <\/strong>2.000W <\/li>\n\n\n\n<li><strong>Velocidades:<\/strong> 2 velocidades<\/li>\n\n\n\n<li><strong>Temperaturas:<\/strong> 3 temperaturas<\/li>\n\n\n\n<li><strong>Jato frio:<\/strong> Sim<\/li>\n\n\n\n<li><strong>Comprimento do fio: <\/strong>1,8 m<\/li>\n\n\n\n<li><strong>Peso aproximado:<\/strong> 850 g<\/li>\n\n\n\n<li><strong>Acess\u00f3rios inclusos:<\/strong> Bico direcionador de ar<\/li>\n\n\n\n<li><strong>Tens\u00e3o: <\/strong>127V ou 220V<\/li>\n\n\n\n<li><strong>Consumo de energia<\/strong>: 2 kWh<\/li>\n\n\n\n<li><strong>Pre\u00e7o m\u00e9dio:<\/strong> R$ 200<\/li>\n<\/ul>\n\n\n\n<div class=\"wp-block-buttons is-horizontal is-content-justification-center is-layout-flex wp-container-core-buttons-is-layout-499968f5 wp-block-buttons-is-layout-flex\">\n<div class=\"wp-block-button\"><a class=\"wp-block-button__link has-text-color has-background wp-element-button\" href=\"https:\/\/www.meliuz.com.br\/desconto\/cupom-desconto-amazon\" style=\"color:#ffffff;background-color:#f34986\" target=\"_blank\" rel=\"noreferrer noopener\">Compre agora com cashback<\/a><\/div>\n<\/div>\n\n\n\n<h4 class=\"wp-block-heading\"><strong>20. Taiff Style Pro<\/strong><\/h4>\n\n\n<div class=\"wp-block-image\">\n<figure class=\"aligncenter size-full is-resized\"><img loading=\"lazy\" decoding=\"async\" width=\"766\" height=\"987\" src=\"https:\/\/www.meliuz.com.br\/blog\/wp-content\/uploads\/2023\/03\/20.jpg\" alt=\"20. Taiff Style Pro\" class=\"wp-image-47432\" style=\"width:192px;height:247px\" srcset=\"https:\/\/www.meliuz.com.br\/blog\/wp-content\/uploads\/2023\/03\/20.jpg 766w, https:\/\/www.meliuz.com.br\/blog\/wp-content\/uploads\/2023\/03\/20-233x300.jpg 233w\" sizes=\"auto, (max-width: 766px) 100vw, 766px\" \/><\/figure><\/div>\n\n\n<p>Agora, temos mais uma op\u00e7\u00e3o de secador de cabelo da Taiff. Desta vez, estamos falando do <strong>Style Pro<\/strong>, que conta com 2000W de pot\u00eancia e com um motor AC Profissional, garantindo uma \u00f3tima performance.<\/p>\n\n\n\n<p>O Secador de Cabelo Taiff Style Pro \u00e9 um secador com cinco op\u00e7\u00f5es velocidades, al\u00e9m de um bot\u00e3o de ar frio, que pode ser utilizado no momento de realizar a finaliza\u00e7\u00e3o dos cabelos.<\/p>\n\n\n\n<ul class=\"wp-block-list\">\n<li><strong>Pot\u00eancia: <\/strong>2.000W <\/li>\n\n\n\n<li><strong>Temperaturas:<\/strong> 5 temperaturas<\/li>\n\n\n\n<li><strong>Jato frio:<\/strong> Sim<\/li>\n\n\n\n<li><strong>Comprimento do fio: <\/strong>3 m<\/li>\n\n\n\n<li><strong>Peso aproximado:<\/strong> 687 g<\/li>\n\n\n\n<li><strong>Acess\u00f3rios inclusos:<\/strong> Bico direcionador de ar, grade remov\u00edvel<\/li>\n\n\n\n<li><strong>Tens\u00e3o: <\/strong>127V ou 220V<\/li>\n\n\n\n<li><strong>Consumo de energia<\/strong>: 2 kWh<\/li>\n\n\n\n<li><strong>Pre\u00e7o m\u00e9dio:<\/strong> R$ 220<\/li>\n<\/ul>\n\n\n\n<div class=\"wp-block-buttons is-horizontal is-content-justification-center is-layout-flex wp-container-core-buttons-is-layout-499968f5 wp-block-buttons-is-layout-flex\">\n<div class=\"wp-block-button\"><a class=\"wp-block-button__link has-text-color has-background wp-element-button\" href=\"https:\/\/www.meliuz.com.br\/desconto\/cupom-desconto-amazon\" style=\"color:#ffffff;background-color:#f34986\" target=\"_blank\" rel=\"noreferrer noopener\">Compre agora com cashback<\/a><\/div>\n<\/div>\n\n\n\n<h4 class=\"wp-block-heading\"><strong>21. Taiff Vulcan<\/strong><\/h4>\n\n\n<div class=\"wp-block-image\">\n<figure class=\"aligncenter size-full is-resized\"><img loading=\"lazy\" decoding=\"async\" width=\"941\" height=\"960\" src=\"https:\/\/www.meliuz.com.br\/blog\/wp-content\/uploads\/2023\/05\/21.jpg\" alt=\"Taiff Vulcan\" class=\"wp-image-48236\" style=\"width:235px;height:240px\" srcset=\"https:\/\/www.meliuz.com.br\/blog\/wp-content\/uploads\/2023\/05\/21.jpg 941w, https:\/\/www.meliuz.com.br\/blog\/wp-content\/uploads\/2023\/05\/21-294x300.jpg 294w, https:\/\/www.meliuz.com.br\/blog\/wp-content\/uploads\/2023\/05\/21-768x784.jpg 768w\" sizes=\"auto, (max-width: 941px) 100vw, 941px\" \/><\/figure><\/div>\n\n\n<p>Como foi poss\u00edvel perceber, a Taiff \u00e9 uma das melhores marcas de secador de cabelo do mercado. Com isso, o <strong>Taiff Vulcan<\/strong> surge como uma das op\u00e7\u00f5es indicadas para profissionais.<\/p>\n\n\n\n<p>Aqui, temos um modelo moderno, com design projetado para encaixar de forma perfeita na m\u00e3o. Ou seja, voc\u00ea n\u00e3o ter\u00e1 dificuldades para utiliz\u00e1-lo no sal\u00e3o de beleza ou at\u00e9 mesmo em casa.<\/p>\n\n\n\n<p>Sendo assim, vale a pena ressaltar que estamos falando de um secador de cabelo com <strong>5 op\u00e7\u00f5es de temperaturas<\/strong>, o que oferece muita versatilidade, <strong>e pot\u00eancia de 2.500W<\/strong>, aumentando a sua performance.<\/p>\n\n\n\n<ul class=\"wp-block-list\">\n<li>Pot\u00eancia: 2.500W<\/li>\n\n\n\n<li>Velocidades: 2 velocidades<\/li>\n\n\n\n<li>Temperaturas: 5 temperaturas<\/li>\n\n\n\n<li>Jato frio: sim<\/li>\n\n\n\n<li>Comprimento do fio: 3 m<\/li>\n\n\n\n<li>Peso aproximado: 1.03 kg<\/li>\n\n\n\n<li>Acess\u00f3rios inclusos: tampa traseira remov\u00edvel magn\u00e9tica, bico com trava, borracha lateral<\/li>\n\n\n\n<li>Tens\u00e3o: 127V ou 220V<\/li>\n\n\n\n<li>Consumo de energia: 2,5 kWh<\/li>\n\n\n\n<li>Pre\u00e7o m\u00e9dio: R$ 610<\/li>\n<\/ul>\n\n\n\n<div class=\"wp-block-buttons is-horizontal is-content-justification-center is-layout-flex wp-container-core-buttons-is-layout-499968f5 wp-block-buttons-is-layout-flex\">\n<div class=\"wp-block-button\"><a class=\"wp-block-button__link has-text-color has-background wp-element-button\" href=\"https:\/\/www.meliuz.com.br\/desconto\/cupom-desconto-amazon\" style=\"color:#ffffff;background-color:#f34986\" target=\"_blank\" rel=\"noreferrer noopener\">Compre agora com cashback<\/a><\/div>\n<\/div>\n\n\n\n<h4 class=\"wp-block-heading\"><strong>22. Mondial Chrome Pink Line<\/strong><\/h4>\n\n\n<div class=\"wp-block-image\">\n<figure class=\"aligncenter size-large is-resized\"><img loading=\"lazy\" decoding=\"async\" width=\"838\" height=\"1024\" src=\"https:\/\/www.meliuz.com.br\/blog\/wp-content\/uploads\/2023\/05\/22-838x1024.jpg\" alt=\"Mondial Chrome Pink Line\" class=\"wp-image-48237\" style=\"width:210px;height:256px\" srcset=\"https:\/\/www.meliuz.com.br\/blog\/wp-content\/uploads\/2023\/05\/22-838x1024.jpg 838w, https:\/\/www.meliuz.com.br\/blog\/wp-content\/uploads\/2023\/05\/22-246x300.jpg 246w, https:\/\/www.meliuz.com.br\/blog\/wp-content\/uploads\/2023\/05\/22-768x938.jpg 768w, https:\/\/www.meliuz.com.br\/blog\/wp-content\/uploads\/2023\/05\/22-1140x1393.jpg 1140w, https:\/\/www.meliuz.com.br\/blog\/wp-content\/uploads\/2023\/05\/22.jpg 1228w\" sizes=\"auto, (max-width: 838px) 100vw, 838px\" \/><\/figure><\/div>\n\n\n<p>Outra op\u00e7\u00e3o que n\u00e3o poderia ficar de fora do nosso Guia de Compras sobre o melhor secador de cabelo do mercado \u00e9 o <strong>Mondial Chrome Pink Line<\/strong>, modelo que conta com pot\u00eancia de 2.000W.<\/p>\n\n\n\n<p>Al\u00e9m disso, outras caracter\u00edsticas essenciais deste secador de cabelo s\u00e3o as <strong>tr\u00eas op\u00e7\u00f5es de temperatura e duas velocidades<\/strong>. Logo, voc\u00ea ter\u00e1 uma maior versatilidade \u00e0 sua disposi\u00e7\u00e3o.<\/p>\n\n\n\n<p>Ah, \u00e9 claro que n\u00e3o poder\u00edamos nos esquecer de mencionar o jato de ar frio, recurso respons\u00e1vel tanto pela maior fixa\u00e7\u00e3o de alguns penteados, como tamb\u00e9m na redu\u00e7\u00e3o do frizz.<\/p>\n\n\n\n<ul class=\"wp-block-list\">\n<li>Pot\u00eancia: 2.000W<\/li>\n\n\n\n<li>Velocidades: 2 velocidades<\/li>\n\n\n\n<li>Temperaturas: 3 temperaturas<\/li>\n\n\n\n<li>Jato frio: sim<\/li>\n\n\n\n<li>Comprimento do fio: 1,5 m<\/li>\n\n\n\n<li>Peso aproximado: 544 g<\/li>\n\n\n\n<li>Acess\u00f3rios inclusos: bico direcionador de ar, grade de cer\u00e2mica, grade traseira remov\u00edvel, al\u00e7a para pendurar<\/li>\n\n\n\n<li>Tens\u00e3o: 127V ou 220V<\/li>\n\n\n\n<li>Consumo de energia: 2,0 kWh<\/li>\n\n\n\n<li>Pre\u00e7o m\u00e9dio: R$ 149<\/li>\n<\/ul>\n\n\n\n<div class=\"wp-block-buttons is-horizontal is-content-justification-center is-layout-flex wp-container-core-buttons-is-layout-499968f5 wp-block-buttons-is-layout-flex\">\n<div class=\"wp-block-button\"><a class=\"wp-block-button__link has-text-color has-background wp-element-button\" href=\"https:\/\/www.meliuz.com.br\/desconto\/cupom-desconto-amazon\" style=\"color:#ffffff;background-color:#f34986\" target=\"_blank\" rel=\"noreferrer noopener\">Compre agora com cashback<\/a><\/div>\n<\/div>\n\n\n\n<h4 class=\"wp-block-heading\"><strong>23. Mondial Infinity Ion 2500<\/strong><\/h4>\n\n\n<div class=\"wp-block-image\">\n<figure class=\"aligncenter size-large is-resized\"><img loading=\"lazy\" decoding=\"async\" width=\"981\" height=\"1024\" src=\"https:\/\/www.meliuz.com.br\/blog\/wp-content\/uploads\/2023\/07\/mondial-infinity-ion-2500-981x1024.jpg\" alt=\"Mondial Infinity Ion 2500\" class=\"wp-image-48789\" style=\"width:301px;height:314px\" srcset=\"https:\/\/www.meliuz.com.br\/blog\/wp-content\/uploads\/2023\/07\/mondial-infinity-ion-2500-981x1024.jpg 981w, https:\/\/www.meliuz.com.br\/blog\/wp-content\/uploads\/2023\/07\/mondial-infinity-ion-2500-287x300.jpg 287w, https:\/\/www.meliuz.com.br\/blog\/wp-content\/uploads\/2023\/07\/mondial-infinity-ion-2500-768x802.jpg 768w, https:\/\/www.meliuz.com.br\/blog\/wp-content\/uploads\/2023\/07\/mondial-infinity-ion-2500-1140x1190.jpg 1140w, https:\/\/www.meliuz.com.br\/blog\/wp-content\/uploads\/2023\/07\/mondial-infinity-ion-2500.jpg 1437w\" sizes=\"auto, (max-width: 981px) 100vw, 981px\" \/><\/figure><\/div>\n\n\n<p>O secador de cabelo <strong>Mondial Infinity Ion 2500 <\/strong>\u00e9 perfeito para quem deseja obter resultados positivos. Isso porque ele deixa o cabelo macio, brilhante e sem a presen\u00e7a de frizz.<\/p>\n\n\n\n<p>Sendo assim, por pouco mais do que R$ 150, voc\u00ea ter\u00e1 \u00e0 sua disposi\u00e7\u00e3o um <strong>secador com 2.000W de pot\u00eancia<\/strong>, o que garante um processo de secagem mais r\u00e1pido e eficiente.<\/p>\n\n\n\n<p>Al\u00e9m disso, vale a pena mencionar que estamos falando de um modelo com v\u00e1rios recursos. A come\u00e7ar por suas 3 op\u00e7\u00f5es de temperaturas e duas velocidades, al\u00e9m de jato de ar frio e bocal direcionador.<\/p>\n\n\n\n<ul class=\"wp-block-list\">\n<li><strong>Pot\u00eancia: <\/strong>2.000W<\/li>\n\n\n\n<li><strong>Velocidades:<\/strong> 2 velocidades<\/li>\n\n\n\n<li><strong>Temperaturas:<\/strong> 3 temperaturas<\/li>\n\n\n\n<li><strong>Jato frio:<\/strong> sim<\/li>\n\n\n\n<li><strong>Comprimento do fio: <\/strong>1,5 m<\/li>\n\n\n\n<li><strong>Peso aproximado:<\/strong> 500 g<\/li>\n\n\n\n<li><strong>Acess\u00f3rios inclusos:<\/strong> 1 bocal concentrador<\/li>\n\n\n\n<li><strong>Tens\u00e3o: <\/strong>127V ou 220V<\/li>\n\n\n\n<li><strong>Consumo de energia<\/strong>: 2,0 kWh<\/li>\n\n\n\n<li><strong>Pre\u00e7o m\u00e9dio:<\/strong> R$ 152<\/li>\n<\/ul>\n\n\n\n<div class=\"wp-block-buttons is-horizontal is-content-justification-center is-layout-flex wp-container-core-buttons-is-layout-499968f5 wp-block-buttons-is-layout-flex\">\n<div class=\"wp-block-button\"><a class=\"wp-block-button__link has-text-color has-background wp-element-button\" href=\"https:\/\/www.meliuz.com.br\/desconto\/cupom-desconto-amazon\" style=\"color:#ffffff;background-color:#f34986\" target=\"_blank\" rel=\"noreferrer noopener\">Compre agora com cashback<\/a><\/div>\n<\/div>\n\n\n\n<h4 class=\"wp-block-heading\"><strong>24. Mallory Ion Pro 4000<\/strong><\/h4>\n\n\n<div class=\"wp-block-image\">\n<figure class=\"aligncenter size-full is-resized\"><img loading=\"lazy\" decoding=\"async\" width=\"551\" height=\"520\" src=\"https:\/\/www.meliuz.com.br\/blog\/wp-content\/uploads\/2023\/07\/mallory-ion-bivolt.jpg\" alt=\"Mallory Ion Pro 4000\" class=\"wp-image-48790\" style=\"width:276px;height:260px\" srcset=\"https:\/\/www.meliuz.com.br\/blog\/wp-content\/uploads\/2023\/07\/mallory-ion-bivolt.jpg 551w, https:\/\/www.meliuz.com.br\/blog\/wp-content\/uploads\/2023\/07\/mallory-ion-bivolt-300x283.jpg 300w\" sizes=\"auto, (max-width: 551px) 100vw, 551px\" \/><\/figure><\/div>\n\n\n<p>Vamos finalizar a nossa lista sobre o melhor secador de cabelo com o modelo <strong>Mallory Ion Pro 4000. <\/strong>Aqui, temos uma op\u00e7\u00e3o bivolt que conta com nada menos do que 2.000W de pot\u00eancia.<\/p>\n\n\n\n<p>Deste modo, assim como as demais op\u00e7\u00f5es do nosso Guia de Compras, ele garante uma secagem mais r\u00e1pida e eficiente, proporcionando um maior brilho e maciez para os fios.<\/p>\n\n\n\n<p>Por fim, \u00e9 importante mencionar que ele tamb\u00e9m conta com 3 op\u00e7\u00f5es de temperaturas, duas velocidades, bot\u00e3o de ar frio e recursos que facilitam a sua limpeza.<\/p>\n\n\n\n<ul class=\"wp-block-list\">\n<li><strong>Pot\u00eancia: <\/strong>2.000W<\/li>\n\n\n\n<li><strong>Velocidades:<\/strong> 2 velocidades<\/li>\n\n\n\n<li><strong>Temperaturas:<\/strong> 3 temperaturas<\/li>\n\n\n\n<li><strong>Jato frio:<\/strong> sim<\/li>\n\n\n\n<li><strong>Comprimento do fio: <\/strong>1,8 m<\/li>\n\n\n\n<li><strong>Peso aproximado:<\/strong> 480 g<\/li>\n\n\n\n<li><strong>Acess\u00f3rios inclusos:<\/strong> 1 bocal concentrador<\/li>\n\n\n\n<li><strong>Tens\u00e3o: <\/strong>127V ou 220V<\/li>\n\n\n\n<li><strong>Consumo de energia<\/strong>: 2,0 kWh<\/li>\n\n\n\n<li><strong>Pre\u00e7o m\u00e9dio:<\/strong> R$ 127<\/li>\n<\/ul>\n\n\n\n<div class=\"wp-block-buttons is-horizontal is-content-justification-center is-layout-flex wp-container-core-buttons-is-layout-499968f5 wp-block-buttons-is-layout-flex\">\n<div class=\"wp-block-button\"><a class=\"wp-block-button__link has-text-color has-background wp-element-button\" href=\"https:\/\/www.meliuz.com.br\/desconto\/cupom-desconto-amazon\" style=\"color:#ffffff;background-color:#f34986\" target=\"_blank\" rel=\"noreferrer noopener\">Compre agora com cashback<\/a><\/div>\n<\/div>\n\n\n\n<h2 class=\"wp-block-heading\"><strong>Como saber se um secador de cabelo \u00e9 bom ou n\u00e3o?<\/strong><\/h2>\n\n\n\n<p>H\u00e1 v\u00e1rias especifica\u00e7\u00f5es que variam entre os secadores e, para que voc\u00ea possa escolher aquele que efetivamente seja o melhor para o que procura, \u00e9 importante analisar as seguintes caracter\u00edsticas:<\/p>\n\n\n\n<h3 class=\"wp-block-heading\"><strong>1. Pot\u00eancia<\/strong><\/h3>\n\n\n\n<p>Quanto maior for a pot\u00eancia do secador de cabelo, <strong>maior \u00e9 a quantidade de ar quente lan\u00e7ado<\/strong>, o que resulta em uma secagem mais r\u00e1pida dos fios.<\/p>\n\n\n\n<p>Deste modo, vale a pena entender que a pot\u00eancia de um secador \u00e9 informada em watts (W). Normalmente, boa parte dos modelos encontrados no mercado <strong>variam entre 1200W e 2700W.<\/strong><\/p>\n\n\n\n<p>No momento de utilizar o seu secador de cabelo, \u00e9 necess\u00e1rio tomar alguns cuidados. Ou seja, fa\u00e7a a escolha da voltagem de acordo com o seu tipo de cabelo.<\/p>\n\n\n\n<p>Por exemplo, para cabelos cacheados e crespos, o indicado \u00e9 optar por um secador que possua mais de 1900W, evitando assim qualquer tipo de dano aos seus fios.<\/p>\n\n\n\n<h3 class=\"wp-block-heading\"><strong>2. Velocidades<\/strong><\/h3>\n\n\n\n<p>Diferentes regulagens de velocidade permitem a escolha entre um vento mais r\u00e1pido ou mais lento, o que facilita a obten\u00e7\u00e3o de resultados desejados em rela\u00e7\u00e3o \u00e0 secagem.<\/p>\n\n\n\n<p>Al\u00e9m disso, um secador com v\u00e1rias op\u00e7\u00f5es de velocidades tamb\u00e9m contribui na garantia da <strong>seguran\u00e7a dos seus fios.<\/strong> Afinal de contas, voc\u00ea poder\u00e1 ajust\u00e1-lo da forma que bem entender.<\/p>\n\n\n\n<h3 class=\"wp-block-heading\"><strong>3. Temperaturas<\/strong><\/h3>\n\n\n\n<p>Este controle garante que se obtenha a temperatura mais pr\u00f3xima poss\u00edvel da desejada, o que \u00e9 importante para secar cabelos com fios de diferentes tamanhos, espessuras e caracter\u00edsticas.<\/p>\n\n\n\n<p>Hoje, \u00e9 comum encontrar op\u00e7\u00f5es de secadores com tr\u00eas op\u00e7\u00f5es distintas de temperaturas: <strong>frio, morno e quente<\/strong>. Logo, voc\u00ea ter\u00e1 um maior controle no momento de secar os fios de cabelo.<\/p>\n\n\n\n<p><strong>Al\u00e9m disso, leia sobre <\/strong><a href=\"https:\/\/www.meliuz.com.br\/blog\/melhor-tenis-para-corrida\/\" target=\"_blank\" rel=\"noreferrer noopener\">qual \u00e9 o melhor t\u00eanis para corrida<\/a><\/p>\n\n\n\n<h3 class=\"wp-block-heading\"><strong>4. Jato frio<\/strong><\/h3>\n\n\n\n<p>A presen\u00e7a do jato frio ajuda na modelagem durante a secagem, ideal para fazer penteados especiais. Aqui, estamos falando de um recurso que traz uma s\u00e9rie de benef\u00edcios para quem est\u00e1 utilizando um secador de cabelo.<\/p>\n\n\n\n<p>Deste modo, se voc\u00ea deseja investir em um look especial, utilizar um modelo de secador de cabelo com jato frio pode ser uma boa ideia! Afinal de contas, al\u00e9m de ajudar na fixa\u00e7\u00e3o do penteado, ele tamb\u00e9m reduz danos e proporciona um maior conforto.<\/p>\n\n\n\n<h3 class=\"wp-block-heading\"><strong>5. Comprimento do fio<\/strong><\/h3>\n\n\n\n<p>Quanto maior for o fio do secador,<strong> mais liberdade haver\u00e1 para se movimentar<\/strong> no ambiente em que se estiver, o que \u00e9 especialmente importante para os cabeleireiros.<\/p>\n\n\n\n<p>Sendo assim, se voc\u00ea deseja ter um maior conforto e, de quebra, tamb\u00e9m oferecer uma experi\u00eancia completa aos seus clientes, busque por um produto que te garanta isso.<\/p>\n\n\n\n<h3 class=\"wp-block-heading\"><strong>6. Peso aproximado<\/strong><\/h3>\n\n\n\n<p>Secadores muito pesados podem se tornar mais desconfort\u00e1veis com o passar do tempo, tamb\u00e9m especialmente para os cabeleireiros profissionais, que precisam segurar os secadores por v\u00e1rias horas ao longo do dia.<\/p>\n\n\n\n<p>Sendo assim, se voc\u00ea deseja levar o seu secador para outros lugares, busque optar por um modelo leve, tendo muito <strong>conforto <\/strong>\u00e0 sua disposi\u00e7\u00e3o.<\/p>\n\n\n\n<h3 class=\"wp-block-heading\"><strong>7. Acess\u00f3rios inclusos<\/strong><\/h3>\n\n\n\n<p>Voc\u00ea sabia que um maior n\u00famero de acess\u00f3rios ajuda a trazer mais versatilidade ao secador.<\/p>\n\n\n\n<p>Ou seja, eles se dividem entre bicos direcionadores de ar e difusores de ar, sendo esses \u00faltimos mais recomendados para pessoas com cabelo cacheado, j\u00e1 que a secagem se d\u00e1 sem vento e de forma homog\u00eanea.<\/p>\n\n\n\n<p>Na hora de comprar o seu secador de cabelo, que tal ter \u00e0 sua disposi\u00e7\u00e3o <a href=\"https:\/\/www.meliuz.com.br\/cupom\" target=\"_blank\" rel=\"noreferrer noopener\">cupons de desconto<\/a>? <strong>Com o M\u00e9liuz, voc\u00ea encontra mais de 800 lojas parceiras para economizar muito!<\/strong><\/p>\n\n\n\n<p><strong>Al\u00e9m de conhecer os melhores secadores de cabelo, aproveite para ganhar <\/strong><a href=\"https:\/\/www.meliuz.com.br\/premium-link\/45\" target=\"_blank\" rel=\"noreferrer noopener\">100% de cashback na Amazon<\/a><strong>!<\/strong><\/p>\n\n\n\n<h3 class=\"wp-block-heading\"><strong>8. Tens\u00e3o<\/strong><\/h3>\n\n\n\n<p>A tens\u00e3o do melhor secador de cabelo se refere \u00e0 tens\u00e3o el\u00e9trica na qual ele foi projetado para funcionar. Hoje, a maioria dos modelos funcionam apenas em redes 127V ou em 220V, mas alguns secadores contam com a versatilidade de serem bivolt.<\/p>\n\n\n\n<p>Desse modo, \u00e9 comum que a pot\u00eancia quando ligados em redes de 220V seja maior do que nas redes de 127V. E, se voc\u00ea n\u00e3o quer encontrar problemas, basta optar por um secador de cabelo bivolt, que s\u00e3o os modelos que operam em diferentes tens\u00f5es.<\/p>\n\n\n\n<h3 class=\"wp-block-heading\"><strong>9. Consumo de energia<\/strong><\/h3>\n\n\n\n<p>Secadores que consomem menos energia el\u00e9trica ajudam a receber uma conta de luz menor no final do m\u00eas, outra diferen\u00e7a que se aplica especialmente nos sal\u00f5es de beleza e pode ser respons\u00e1vel por uma varia\u00e7\u00e3o bastante significativa.<\/p>\n\n\n\n<p>Sendo assim, ao comparar todos esses detalhes, fica muito mais f\u00e1cil escolher qual \u00e9 o <strong>melhor secador de cabelo<\/strong> para o que voc\u00ea procura, n\u00e3o \u00e9 mesmo?<\/p>\n\n\n\n<p>Inclusive, o melhor secador de cabelo se apresenta como uma \u00f3tima op\u00e7\u00e3o de presente para a sua sogra! Por isso, n\u00e3o deixe de surpreend\u00ea-la, seja no seu anivers\u00e1rio, dia da sogra ou sem ter nenhuma ocasi\u00e3o especial.<\/p>\n\n\n\n<div class=\"wp-block-buttons is-layout-flex wp-block-buttons-is-layout-flex\">\n<div class=\"wp-block-button\"><a class=\"wp-block-button__link has-background wp-element-button\" href=\"https:\/\/www.meliuz.com.br\/blog\/presente-para-sogra\/\" style=\"background-color:#f34986\" target=\"_blank\" rel=\"noreferrer noopener\">Melhores presentes para a sogra<\/a><\/div>\n<\/div>\n\n\n\n<h3 class=\"wp-block-heading\"><strong>10. Pre\u00e7o<\/strong><\/h3>\n\n\n\n<p>Por fim, no momento de comprar o melhor secador de cabelo do mercado, \u00e9 necess\u00e1rio analisar o seu pre\u00e7o. Aqui, \u00e9 de suma import\u00e2ncia levar em considera\u00e7\u00e3o \u00e0 sua atual realidade financeira.<\/p>\n\n\n\n<p>Isso porque a sua compra deve <strong>respeitar o seu or\u00e7amento<\/strong>. Caso contr\u00e1rio, voc\u00ea pode acabar abrindo as portas para d\u00edvidas. E, precisamos concordar que ningu\u00e9m quer colocar a vida financeira em risco, n\u00e9?<\/p>\n\n\n\n<p>Por isso, na hora de buscar por um secador de cabelo bom, aproveite para contar com o M\u00e9liuz! Afinal de contas, disponibilizamos os melhores benef\u00edcios para economizar nas suas compras.<\/p>\n\n\n\n<p><strong>Al\u00e9m disso, conhe\u00e7a com a gente algumas das melhores op\u00e7\u00f5es de <\/strong><a href=\"https:\/\/www.meliuz.com.br\/blog\/cartao-de-credito-sem-anuidade-2022\/\" target=\"_blank\" rel=\"noreferrer noopener\">cart\u00e3o de cr\u00e9dito sem anuidade<\/a> <strong>para fazer as suas compras!<\/strong><\/p>\n\n\n\n<h2 class=\"wp-block-heading\"><strong>O que eu preciso saber antes de comprar um secador de cabelo?<\/strong><\/h2>\n\n\n\n<p>Muitas pessoas compartilham algumas d\u00favidas no momento de comprar um secador de cabelo. Se voc\u00ea \u00e9 uma delas, n\u00e3o se preocupe! Estamos aqui para te ajudar!<\/p>\n\n\n\n<p>Sendo assim, acompanhe agora alguns dos principais questionamentos sobre o produto e obtenha as devidas respostas:<\/p>\n\n\n\n<h3 class=\"wp-block-heading\"><strong>Qual a melhor marca de secador de cabelo para uso dom\u00e9stico?<\/strong><\/h3>\n\n\n\n<p>Atualmente, basta uma pesquisa r\u00e1pida de mercado para encontrar uma s\u00e9rie de op\u00e7\u00f5es de secador de cabelo para uso dom\u00e9stico. Com isso, d\u00favidas sobre qual \u00e9 a melhor marca podem surgir.<\/p>\n\n\n\n<p>Neste momento, vale a pena entender que existem v\u00e1rias marcas de secadores que s\u00e3o <strong>bem conceituadas entre os consumidores <\/strong>e populares quando o assunto \u00e9 o uso dom\u00e9stico.<\/p>\n\n\n\n<p>\u00c9 importante ressaltar que a escolha da melhor fabricante pode variar de acordo com alguns fatores. \u00c9 o caso, por exemplo, das necessidades individuais de cada consumidor, caracter\u00edsticas buscadas em um secador e o or\u00e7amento dispon\u00edvel para a sua compra.<\/p>\n\n\n\n<p>Deste modo, marcas como <strong>Taiff, Dyson, Gama Italy, Philips<\/strong> entre outras s\u00e3o bastante populares. Com aparelhos avan\u00e7ados e recursos inteligentes, voc\u00ea pode encontrar um secador de cabelo que atenda \u00e0s suas necessidades.<\/p>\n\n\n\n<p>Portanto, antes de fazer a sua compra, n\u00e3o deixe de fazer uma pesquisa detalhada sobre os modelos espec\u00edficos de cada marca, lendo as suas caracter\u00edsticas e buscando avalia\u00e7\u00f5es de outros consumidores.<\/p>\n\n\n\n<p><strong>Que tal poupar dinheiro todo m\u00eas? Ent\u00e3o leia o nosso conte\u00fado sobre<\/strong> <a href=\"https:\/\/www.meliuz.com.br\/blog\/como-organizar-as-financas-do-casal\/\" target=\"_blank\" rel=\"noreferrer noopener\">como organizar as finan\u00e7as do casal<\/a><\/p>\n\n\n\n<h3 class=\"wp-block-heading\"><strong>Como saber se o secador de cabelo \u00e9 potente?<\/strong><\/h3>\n\n\n\n<p>A performance de um secador de cabelo est\u00e1 associada \u00e0 sua pot\u00eancia. Desta forma, voc\u00ea deve verificar a sua pot\u00eancia nominal que, normalmente, <strong>est\u00e1 indicada na quantidade de Watts (W)<\/strong>.<\/p>\n\n\n\n<p>Ou seja, quanto maior for o valor em Watts,<strong> maior ser\u00e1 a pot\u00eancia de um secador de cabelo<\/strong>. Hoje, uma op\u00e7\u00e3o para uso dom\u00e9stico varia entre 1.000 W e 2.000 W, sendo que os modelos com mais de 1.800 W s\u00e3o mais caros.<\/p>\n\n\n\n<p>Al\u00e9m disso, existem outros fatores que podem interferir na pot\u00eancia de um secador, como \u00e9 o caso das tecnologias adicionais, controles de temperatura, fluxo de ar, velocidade do ar, entre outros.<\/p>\n\n\n\n<h3 class=\"wp-block-heading\"><strong>Quais s\u00e3o os tipos de secador de cabelo?<\/strong><\/h3>\n\n\n\n<p>Os modelos de secador de cabelo podem variar de acordo com a tecnologia utilizada. Este \u00e9 um ponto que pode acabar gerando muitas d\u00favidas entre os consumidores.<\/p>\n\n\n\n<p>Deste modo, descubra quais s\u00e3o os tipos de secador e quais s\u00e3o as suas respectivas diferen\u00e7as:<\/p>\n\n\n\n<ul class=\"wp-block-list\">\n<li><strong>\u00cdons:<\/strong> Os \u00edons s\u00e3o respons\u00e1veis por quebrar as mol\u00e9culas de \u00e1gua existentes na superf\u00edcie. Com isso, \u00e9 poss\u00edvel selar o fio e reduzir o frizz durante a secagem;<\/li>\n\n\n\n<li><strong>Cer\u00e2mica:<\/strong> O aquecimento cer\u00e2mico, durante a secagem, causa menos danos aos fios, uma vez que, por meio do calor infravermelho, ele \u00e9 respons\u00e1vel por reter a umidade;<\/li>\n\n\n\n<li><strong>Turmalina:<\/strong> O foco da tecnologia turmalina \u00e9 estimular a produ\u00e7\u00e3o de \u00edons negativos.<\/li>\n<\/ul>\n\n\n\n<p>A fim de escolher a melhor op\u00e7\u00e3o de secador de cabelo para voc\u00ea, n\u00e3o se esque\u00e7a de identificar qual tecnologia ele utiliza e, assim, encontrar o modelo perfeito para os seus cabelos.<\/p>\n\n\n\n<p><strong>Veja tamb\u00e9m:<\/strong> <a href=\"https:\/\/www.meliuz.com.br\/desconto\/cupom-simple-organic\" target=\"_blank\" rel=\"noreferrer noopener\">Cupom Simple Organic<\/a><\/p>\n\n\n\n<h3 class=\"wp-block-heading\"><strong>Qual o melhor secador para cabelos crespos?<\/strong><\/h3>\n\n\n\n<p>Cabelos crespos s\u00e3o mais sens\u00edveis e, com isso, \u00e9 necess\u00e1rio optar por secadores com v\u00e1rias op\u00e7\u00f5es de temperatura. Al\u00e9m disso, o ideal \u00e9 escolher um modelo com pot\u00eancia abaixo de 2.000w.<\/p>\n\n\n\n<p>Se poss\u00edvel, busque por secadores que possuem tecnologia turmalina, uma vez que eles s\u00e3o respons\u00e1veis por manter os seus cachos, al\u00e9m de controlar o frizz do cabelo.<\/p>\n\n\n\n<p>No momento de comprar o melhor secador de cabelo para voc\u00ea, <strong>n\u00e3o deixe de contar com a Extens\u00e3o do M\u00e9liuz<\/strong>! Assim, voc\u00ea n\u00e3o corre mais o risco de se esquecer de ativar benef\u00edcios como cupom de desconto e cashback.<\/p>\n\n\n\n<div class=\"wp-block-buttons is-layout-flex wp-block-buttons-is-layout-flex\">\n<div class=\"wp-block-button\"><a class=\"wp-block-button__link has-background wp-element-button\" href=\"https:\/\/www.meliuz.com.br\/extensao\" style=\"background-color:#f34986\" target=\"_blank\" rel=\"noreferrer noopener\">Economize com a Extens\u00e3o do M\u00e9liuz<\/a><\/div>\n<\/div>\n\n\n\n<h3 class=\"wp-block-heading\"><strong>Qual o melhor secador para cabelos cacheados?<\/strong><\/h3>\n\n\n\n<p>Para cabelos cacheados e ondulados, busque por aqueles modelos de secadores com difusores. Isso porque, o acess\u00f3rio \u00e9 o respons\u00e1vel por conservar o formato original dos cachos.<\/p>\n\n\n\n<p>Al\u00e9m disso, \u00e9 muito importante utilizar velocidades mais baixas, garantindo assim que o formato ondulado se desfa\u00e7a.<\/p>\n\n\n\n<h3 class=\"wp-block-heading\"><strong>Qual o melhor secador para cabelos finos?<\/strong><\/h3>\n\n\n\n<p>Quando falamos em cabelos finos, estamos nos referindo \u00e0 fios que possuem uma maior sensibilidade \u00e0 temperaturas mais altas. Com isso, recomenda-se expor eles \u00e0 baixas temperaturas.<\/p>\n\n\n\n<p>Desta forma, uma boa alternativa \u00e9 optar por aqueles setores que possuem pot\u00eancia entre 1500w e 1900w.<\/p>\n\n\n\n<p>Al\u00e9m disso, voc\u00ea pode buscar tamb\u00e9m por aqueles modelos com tecnologia de \u00edons negativos ou cer\u00e2mica. Isso porque, eles podem cuidar da sa\u00fade dos cabelos mais finos.<\/p>\n\n\n\n<p><strong>Confira tamb\u00e9m: <\/strong><a href=\"https:\/\/www.meliuz.com.br\/desconto\/cupom-desconto-amazon\/\" target=\"_blank\" rel=\"noreferrer noopener\">Cupom de Desconto Amazon<\/a><\/p>\n\n\n\n<h3 class=\"wp-block-heading\"><strong>Qual secador levar para uma viagem?<\/strong><\/h3>\n\n\n\n<p>Ao arrumar a mala para uma viagem, muitas pessoas n\u00e3o abrem m\u00e3o de levar um secador. Logo, deve-se escolher um modelo compacto e que tenha o seu cabo dobr\u00e1vel.<\/p>\n\n\n\n<p><strong>Inclusive, aproveite para conferir o nosso Guia de Compras completo sobre o <\/strong><a href=\"https:\/\/www.meliuz.com.br\/blog\/melhor-secador-de-cabelo-pequeno\/\">mel<\/a><a href=\"https:\/\/www.meliuz.com.br\/blog\/melhor-secador-de-cabelo-pequeno\/\" target=\"_blank\" rel=\"noreferrer noopener\">h<\/a><a href=\"https:\/\/www.meliuz.com.br\/blog\/melhor-secador-de-cabelo-pequeno\/\">or secador de cabelo pequeno<\/a><strong>.<\/strong><\/p>\n\n\n\n<p>Isso permite que o seu secador ocupe somente um pequeno espa\u00e7o na sua mala. Al\u00e9m disso, \u00e9 importante tamb\u00e9m prezar por aqueles modelos com maior pot\u00eancia, diminuindo assim o tempo de uso no cabelo.<\/p>\n\n\n\n<h3 class=\"wp-block-heading\"><strong>Como \u00e9 o processo para secar o meu cabelo?<\/strong><\/h3>\n\n\n\n<p>Com rotinas cada vez mais atarefadas, as pessoas est\u00e3o buscando cada vez mais por processos r\u00e1pidos e pr\u00e1ticos. N\u00e3o \u00e9 diferente quando o assunto \u00e9 secar o cabelo.<\/p>\n\n\n\n<p>Para que os resultados proporcionados por um secador de cabelo sejam r\u00e1pidos, \u00e9 preciso seguir alguns passos. Veja:<\/p>\n\n\n\n<ul class=\"wp-block-list\">\n<li>Em primeiro lugar, lembre-se de usar o protetor t\u00e9rmico;<\/li>\n\n\n\n<li>Seque os seus cabelos com os cabelos \u00famidos;<\/li>\n\n\n\n<li>Opte por um secador de cabelo mais potente;<\/li>\n\n\n\n<li>Comece a secar de cima para baixo;<\/li>\n\n\n\n<li>Finalize com a op\u00e7\u00e3o de jato frio.<\/li>\n<\/ul>\n\n\n\n<p>Pronto! Assim, voc\u00ea poder\u00e1 secar o seu cabelo de forma r\u00e1pida, tendo mais tempo para outras atividades.<\/p>\n\n\n\n<p>Sendo assim, n\u00e3o se esque\u00e7a de escolher o melhor modelo de secador de cabelo. Ou seja, aquele capaz de atender todas as suas necessidades e, \u00e9 claro, que caiba no seu bolso!<\/p>\n\n\n\n<p><meta charset=\"utf-8\"><strong>Al\u00e9m disso, aproveite e descubra tudo sobre o novo<\/strong> <a href=\"https:\/\/www.meliuz.com.br\/cartao-de-credito\" target=\"_blank\" rel=\"noreferrer noopener\">Cart\u00e3o M\u00e9liuz<\/a><\/p>\n\n\n\n<h3 class=\"wp-block-heading\"><strong>Como aumentar a durabilidade de um secador?<\/strong><\/h3>\n\n\n\n<p>Ningu\u00e9m merece comprar um produto novo e v\u00ea-lo estragar pouco tempo depois, n\u00e3o \u00e9 mesmo?<\/p>\n\n\n\n<p>Por isso, ap\u00f3s comprar o secador de cabelo, \u00e9 necess\u00e1rio tomar alguns cuidados, a fim de garantir a durabilidade do produto. <strong>O que passa, por exemplo, pelo processo de limpeza.<\/strong><\/p>\n\n\n\n<p>Sendo assim, \u00e9 de suma import\u00e2ncia fazer a higieniza\u00e7\u00e3o do seu secador de cabelo de forma frequente. Caso a limpeza n\u00e3o seja feita, voc\u00ea est\u00e1 correndo o risco de v\u00ea-lo estragar.<\/p>\n\n\n\n<p>Al\u00e9m disso, tome cuidado para n\u00e3o dobrar o fio do secador no momento de guard\u00e1-lo. Isso \u00e9 fundamental, uma vez que evita causar um certo desgaste no fio, beleza?<\/p>\n\n\n\n<h3 class=\"wp-block-heading\"><strong>Como fazer a limpeza de um secador de cabelo?<\/strong><\/h3>\n\n\n\n<p>Se voc\u00ea deseja ter o mesmo secador de cabelo por anos, \u00e9 muito importante realizar a sua limpeza. Neste momento, \u00e9 importante retirar e limpar o filtro localizado na sua parte traseira.<\/p>\n\n\n\n<p>Isso porque, este filtro \u00e9 respons\u00e1vel por acumular uma grande quantidade de poeira e fios de cabelo. Logo, retire-o e fa\u00e7a a sua lavagem com \u00e1gua e um sab\u00e3o neutro.<\/p>\n\n\n\n<p>Agora, quanto \u00e0 frequ\u00eancia na qual a limpeza deve ser feita, \u00e9 preciso levar em considera\u00e7\u00e3o o quanto voc\u00ea o utiliza. Por isso, o ideal \u00e9 verificar como o estado atual do filtro.<\/p>\n\n\n\n<h3 class=\"wp-block-heading\"><strong>Onde comprar o melhor secador de cabelo?<\/strong><\/h3>\n\n\n\n<p>Quem n\u00e3o gosta de economizar na compra de um produto? N\u00e3o seria diferente quando o assunto \u00e9 o melhor secador de cabelo do mercado, n\u00e3o \u00e9 mesmo?<\/p>\n\n\n\n<p>Para encontrar o melhor custo-benef\u00edcio, \u00e9 necess\u00e1rio, em primeiro lugar, <strong>fazer uma pesquisa de mercado<\/strong>. Ou seja, verificar o pre\u00e7o do secador de cabelo nas principais lojas.<\/p>\n\n\n\n<p>E, se voc\u00ea n\u00e3o sabe nem por onde come\u00e7afr a sua pesquisa, deixa que a gente te ajuda! Separamos algumas das melhores lojas para comprar produtos como um secador de cabelo. Veja:<\/p>\n\n\n\n<ul class=\"wp-block-list\">\n<li><a href=\"https:\/\/www.meliuz.com.br\/desconto\/cupom-magazine-luiza\/\" target=\"_blank\" rel=\"noreferrer noopener\">Magazine Luiza<\/a>;<\/li>\n\n\n\n<li><a href=\"https:\/\/www.meliuz.com.br\/desconto\/cupom-americanas\/\" target=\"_blank\" rel=\"noreferrer noopener\">Americanas<\/a>;<\/li>\n\n\n\n<li><a href=\"https:\/\/www.meliuz.com.br\/desconto\/cupom-desconto-amazon\/\" target=\"_blank\" rel=\"noreferrer noopener\">Amazon<\/a>;<\/li>\n\n\n\n<li><a href=\"https:\/\/www.meliuz.com.br\/desconto\/cupom-submarino\/\" target=\"_blank\" rel=\"noreferrer noopener\">Submarino<\/a>;<\/li>\n\n\n\n<li><a href=\"https:\/\/www.meliuz.com.br\/desconto\/cupom-carrefour\/\" target=\"_blank\" rel=\"noreferrer noopener\">Carrefour<\/a>;<\/li>\n\n\n\n<li><a href=\"https:\/\/www.meliuz.com.br\/desconto\/cupom-casas-bahia\/\" target=\"_blank\" rel=\"noreferrer noopener\">Casas Bahia<\/a>.<\/li>\n<\/ul>\n\n\n\n<p>Portanto, n\u00e3o deixe de usar o <a href=\"https:\/\/www.meliuz.com.br\/desconto\/cupom-americanas\/\" target=\"_blank\" rel=\"noreferrer noopener\">Cupom Americanas<\/a>, <a href=\"https:\/\/www.meliuz.com.br\/desconto\/cupom-casas-bahia\/\" target=\"_blank\" rel=\"noreferrer noopener\">Cupom Casas Bahia<\/a>  e <a href=\"https:\/\/www.meliuz.com.br\/desconto\/cupom-desconto-mercado-livre\" target=\"_blank\" rel=\"noreferrer noopener\">Cupom Mercado Livre<\/a> ou nas demais lojas citadas para encontrar as melhores ofertas dispon\u00edveis nas lojas virtuais.<\/p>\n\n\n\n<div class=\"wp-block-buttons is-layout-flex wp-block-buttons-is-layout-flex\">\n<div class=\"wp-block-button\"><a class=\"wp-block-button__link has-background wp-element-button\" href=\"https:\/\/www.meliuz.com.br\/desconto\/cupom-aliexpress?oid=234172&amp;position=1\" style=\"background-color:#f34986\" target=\"_blank\" rel=\"noreferrer noopener\">Cupom de Desconto AliExpress<\/a><\/div>\n<\/div>\n\n\n\n<h3 class=\"wp-block-heading\"><strong>Vale a pena comprar um secador de cabelo na Black Friday 2024?<\/strong><\/h3>\n\n\n\n<p>Se voc\u00ea n\u00e3o abre m\u00e3o de uma boa economia, uma estrat\u00e9gia que pode ser colocada em pr\u00e1tica \u00e9 deixar para comprar o seu secador de cabelo na Black Friday.<\/p>\n\n\n\n<p>Em 2024, <strong>a sexta-feira mais aguardada do ano vai acontecer no dia 29 de novembro<\/strong>. Com isso, voc\u00ea deve ficar de olho nas melhores lojas do pa\u00eds, a fim de encontrar condi\u00e7\u00f5es mais acess\u00edveis para fazer as suas compras.<\/p>\n\n\n\n<p>Anualmente, centenas de lojas participam da Black Friday. O que faz com que seja mais do que poss\u00edvel encontrar ofertas e descontos para o melhor secador de cabelo do mercado.<\/p>\n\n\n\n<p>Desta forma, voc\u00ea pode aproveitar a data comemorativa para fazer a troca de um secador de cabelo ou para fazer a compra de outros produtos! Que tal adiantar a compra dos presentes de Natal de uma vez?<\/p>\n\n\n\n<h2 class=\"wp-block-heading\"><strong>No final das contas, qual \u00e9 o melhor secador de cabelo?<\/strong><\/h2>\n\n\n\n<p>Entre tantas op\u00e7\u00f5es, fica dif\u00edcil escolher apenas uma, j\u00e1 que tudo depende do que voc\u00ea procura! No entanto, alternativas n\u00e3o faltam para os mais variados gostos e prefer\u00eancias.<\/p>\n\n\n\n<p>Se a busca for pela pot\u00eancia, o Taiff Unique Duo \u00e9 o grande vencedor, j\u00e1 que oferece 2.700W quando ligado em redes 220V, seguido de perto pelo Taiff VIS Unique, que tem 2.600W.<\/p>\n\n\n\n<p>Deste modo, por serem mais potentes, o pre\u00e7o tamb\u00e9m aumenta, o que os torna boas op\u00e7\u00f5es para sal\u00f5es e cabeleireiros.<\/p>\n\n\n\n<p>O Arno Signature Pro AC \u00e9 outra op\u00e7\u00e3o potente, com 2.200W, e pre\u00e7o bem menor que os dois anteriores, j\u00e1 que pode ser encontrado por, em m\u00e9dia, R$ 150.<\/p>\n\n\n\n<p>Ou seja, <strong>o modelo cabe at\u00e9 mesmo no or\u00e7amento de quem procura um acess\u00f3rio para uso dom\u00e9stico.<\/strong><\/p>\n\n\n\n<p>Para levar em uma viagem, o Mondial Max Travel SC-10 \u00e9 a melhor pedida, j\u00e1 que pesa apenas 340 gramas e custa R$ 60.<\/p>\n\n\n\n<p>Dessa forma, vale a pena ter um em casa para levar para onde precisar a qualquer momento. Mas \u00e9 importante destacar que sua pot\u00eancia de 1.200W tamb\u00e9m \u00e9 significativamente menor que a dos demais.<\/p>\n\n\n\n<p>Caso voc\u00ea n\u00e3o abra m\u00e3o de ter um difusor, especialmente importante para quem tem cabelo cacheado, as duas op\u00e7\u00f5es s\u00e3o o Gama Profissional Glow 3D e o Philco PH3700 Gold, pois ambos j\u00e1 vem com o acess\u00f3rio.<\/p>\n\n\n\n<h2 class=\"wp-block-heading\"><strong>Economize na compra dos melhores secadores de cabelo<\/strong><\/h2>\n\n\n\n<p>Para n\u00e3o perder nenhuma oferta, \u00e9 bom ficar de olho nas principais lojas do mercado. Voc\u00ea poder\u00e1 comprar um secador de cabelo bom e, al\u00e9m disso, outros produtos com maior economia!<\/p>\n\n\n\n<p>Sendo assim, agora que voc\u00ea j\u00e1 sabe como escolher <strong>qual o melhor secador de cabelo<\/strong> para o que procura, acesse o <a href=\"https:\/\/meliuz.onelink.me\/2657008059\/9285202e\" target=\"_blank\" rel=\"noreferrer noopener\">M\u00e9liuz<\/a> para encontrar ofertas e <a href=\"https:\/\/www.meliuz.com.br\/cupom\" target=\"_blank\" rel=\"noreferrer noopener\">cupons de desconto<\/a> imperd\u00edveis, e ganhe muito cashback em suas compras!<\/p>\n\n\n\n<div class=\"wp-block-buttons is-layout-flex wp-block-buttons-is-layout-flex\">\n<div class=\"wp-block-button\"><a class=\"wp-block-button__link has-background wp-element-button\" href=\"https:\/\/www.meliuz.com.br\/cupom\" style=\"background-color:#f34986\" target=\"_blank\" rel=\"noreferrer noopener\">Os melhores Cupons de Desconto <\/a><\/div>\n<\/div>\n","protected":false},"excerpt":{"rendered":"<p>Conhe\u00e7a os melhores secadores de cabelo em 2024 e escolha o que for perfeito para voc\u00ea! Voc\u00ea sabe qual \u00e9 o melhor secador de cabelo do mercado? Essa \u00e9 uma pergunta dif\u00edcil de responder, j\u00e1 que existe uma grande variedade de modelos, pot\u00eancias, tecnologias, tamanhos e outros detalhes que variam entre eles. Inclusive, diante de tantas oportunidades de mercado, como cupom de desconto, cashback e a pr\u00f3pria Black Friday, \u00e9 poss\u00edvel garantir uma maior economia nas suas compras! Desta maneira, para te ajudar a tomar sua decis\u00e3o, n\u00f3s separamos 24 excelentes modelos e comentamos sobre suas principais caracter\u00edsticas. Assim, voc\u00ea poder\u00e1 fazer a melhor compra poss\u00edvel! Antes de voc\u00ea come\u00e7ar a sua leitura, vamos apresentar uma dica exclusiva: com o M\u00e9liuz voc\u00ea encontra os melhores cupons de desconto e cashback para comprar o seu secador de cabelo! Portanto, fa\u00e7a o seu cadastro e aproveite! Al\u00e9m disso, saiba que os melhores secadores de cabelo se apresentam como uma \u00f3tima op\u00e7\u00e3o de presentes de Natal Por que comprar um secador de cabelo? No momento de investir na compra de um secador de cabelo, muitas pessoas ficam em d\u00favida sobre qual op\u00e7\u00e3o comprar. Uma alternativa que garante uma maior chance de acerto \u00e9 investir em modelos profissionais. Afinal de contas, eles s\u00e3o capazes de entregar um resultado melhor. O que se justifica pelo processo de secagem do secador e pelas tecnologias empregadas. Ou seja, menores ser\u00e3o as chances de ter qualquer tipo de problema. Sendo assim, voc\u00ea ter\u00e1 um resultado final que preserva a sa\u00fade dos fios e, al\u00e9m disso, reduz a presen\u00e7a de frizz. Nada melhor do que garantir a sua seguran\u00e7a enquanto seca o cabelo, n\u00e3o \u00e9 mesmo? No entanto, antes de fazer a sua compra, n\u00e3o deixe de levar em considera\u00e7\u00e3o alguns pontos. Aqui, deve-se atentar tanto para os modelos dispon\u00edveis no mercado, como tamb\u00e9m para o pre\u00e7o de cada um. Para economizar na compra do melhor secador de cabelo, tenha o M\u00e9liuz ao seu lado! Fa\u00e7a o download do nosso app em seu smartphone e tenha benef\u00edcios como cupom de desconto e cashback sempre \u00e0 sua disposi\u00e7\u00e3o! Qual \u00e9 a melhor marca de secador de cabelo? Ao buscar pelos melhores secadores de cabelo no mercado, \u00e9 poss\u00edvel encontrar modelos de diferentes marcas. Com isso, nada melhor do que optar por produtos de fabricantes mais renomados, certo? Se voc\u00ea possui d\u00favidas quanto \u00e0 escolha da melhor marca de secador de cabelo, n\u00e3o se preocupe! Aqui, selecionamos algumas das fabricantes mais conhecidas do mercado: A Taiff, inclusive, \u00e9 uma das refer\u00eancias no assunto. Afinal de contas, ela disponibiliza uma s\u00e9rie de produtos, fabricados com alta tecnologia. Logo, voc\u00ea poder\u00e1 ter uma boa experi\u00eancia com um secador de cabelo. No entanto, outras fabricantes como a Gama, Mondial, Brit\u00e2nia, Arno e Philco tamb\u00e9m surgem com algumas boas op\u00e7\u00f5es. Ou seja, modelo de secador de cabelo \u00e9 o que n\u00e3o falta no mercado! Qual o melhor secador de cabelo? Conhe\u00e7a os 24 modelos escolhidos: Modelo Caracter\u00edsticas Pre\u00e7o m\u00e9dio Brit\u00e2nia Beauty Blue Titanium Bonito, potente e com fun\u00e7\u00e3o Tourmaline Ion R$ 170 Mondial Max Travel SC-10 Leve, dobr\u00e1vel, port\u00e1til, barato e bivolt, perfeito para viagens R$ 60 Parlux 385 Powerlight De marca italiana, \u00e9 leve e compacto, tem 2.150W e 4 temperaturas, mas \u00e9 o mais caro da lista R$ 1.000 Philco PH3700 Gold Potente e com \u00f3timo custo-benef\u00edcio, ainda vem com difusor R$ 120 Taiff Fox \u00cdon 3 Modelo de secador profissional, com \u00f3timos recursos R$ 430 Taiff Tourmaline \u00cdon Cer\u00e2mica Um dos mais aclamados e procurados, tem cabo de 3 metros para facilitar a locomo\u00e7\u00e3o R$ 260 Taiff Unique Duo O mais potente da lista, com 2.700W a 220V, \u00e9 bivolt e oferece 2.100W a 127V R$ 700 Taiff VIS Unique Potente, tem 2.600W e 5 temperaturas para maior controle R$ 800 Philips Prestige Melhor secador de cabelo para cabelos cacheados R$ 560 Gama Italy Light Secador de cabelo ideal para quem quer economizar dinheiro R$ 139 Philco Beauty Rose Secador indicado para mulheres com cabelos cacheados R$ 149 Gama Italy Sensi 4D Op\u00e7\u00e3o com tecnologia 4D Therapy, deixando o cabelo saud\u00e1vel R$ 319 Taiff Red \u00cdon Secador com 1.900W de pot\u00eancia e 5 op\u00e7\u00f5es de temperatura R$ 270 Philco Travel Blue Modelo que possui design simples, com cabo dobr\u00e1vel R$ 117 Cadence Divine 2200 Op\u00e7\u00e3o que pode ser encontrada por pre\u00e7os mais acess\u00edveis R$ 122 Game Italy Keration 3D Secador que possui tecnologia Micro Glitt R$ 219 Brit\u00e2nia Beauty Compact Secador de cabelo com tecnologia Tourmaline Ion R$ 150 Multilaser Essenza Modelo profissional com \u00f3timo desempenho R$ 162 Taiff Style Modelo com 200W de pot\u00eancia, indicado para uso pessoal R$ 200 Taiff Style Pro Op\u00e7\u00e3o com motor AC Profissional, garantindo uma \u00f3tima performance R$ 229 Taiff Vulcan Op\u00e7\u00e3o profissional com 2.500W de pot\u00eancia e 5 op\u00e7\u00f5es de velocidade R$ 610 Mondial Chrome Pink Line Modelo que conta com 2.00W de pot\u00eancia, 3 op\u00e7\u00f5es de temperatura e duas velocidades R$ 149 Mondial Infinity Ion 2500 Modelo capaz de deixar o cabelo macio, brilhante e sem a presen\u00e7a de frizz R$ 152 Mallory Ion Pro 4000 Modelo que conta com 3 op\u00e7\u00f5es de temperaturas, duas velocidades e bot\u00e3o de ar frio R$ 127 Caracter\u00edsticas dos melhores secadores de cabelo Depois de ver a nossa lista com as melhores recomenda\u00e7\u00f5es de secadores de cabelo para te ajudar a manter a beleza e sa\u00fade dos seus fios, chegou a hora de conhecer maiores informa\u00e7\u00f5es sobre cada um dos modelos. Portanto, continue a leitura do nosso Guia de Compras at\u00e9 o final e descubra qual \u00e9 o melhor secador de cabelo para voc\u00ea: Al\u00e9m disso, veja tamb\u00e9m: Qual o melhor aquecedor de ambiente? 1 &#8211; Brit\u00e2nia Beauty Blue Titanium O Brit\u00e2nia Beauty Blue Titanium tamb\u00e9m visa entregar resultados profissionais para o seu cabelo, muito por conta do motor AC, que potencializa ainda mais o seu desempenho. A fun\u00e7\u00e3o Tourmaline Ion ajuda os cabelos a ficarem brilhantes e macios, ao passo que o bot\u00e3o Cool Shot lan\u00e7a um jato de ar frio para fixar melhor os penteados. O modelo tamb\u00e9m conta com um anel para pendurar, perfeito para otimizar espa\u00e7o e manter a organiza\u00e7\u00e3o em dia. 2 &#8211; Mondial Max Travel SC-10 Se voc\u00ea precisa de um secador de cabelo para viagem, o Mondial Max Travel SC-10 \u00e9 uma escolha inteligente, pois ele \u00e9 bem leve e port\u00e1til, especialmente pelo fato do seu cabo ser dobr\u00e1vel. \u00c9 fato que ele \u00e9 menos potente que outros modelos aqui da lista, com apenas 1.200W, no entanto, h\u00e1 que se considerar a portabilidade e as dimens\u00f5es menores, al\u00e9m de ser focado para viagens e outras necessidades especiais. Se voc\u00ea est\u00e1 em busca do melhor secador de cabelo do mercado, o M\u00e9liuz pode te ajudar! Fa\u00e7a o seu cadastro e veja o seu dinheiro voltando para o seu bolso ap\u00f3s as suas compras! 3 &#8211; Parlux 385 Powerlight Pode at\u00e9 ser que voc\u00ea nunca tenha ouvido falar da Parlux, mas a fabricante italiana \u00e9 uma das principais quando se fala sobre secadores de cabelo, e o Parlux 385 Powerlight \u00e9 um excelente modelo, leve e compacto, mas ao mesmo tempo bastante poderoso. Com apenas 468 gramas, sem o cabo, ele ainda consegue fornecer uma pot\u00eancia de 2.150W (ou 2.100W em 127V), al\u00e9m de possuir a tecnologia Ionic &amp; Ceramic\u00ae, que preserva a umidade do cabelo e o deixa com mais brilho, maciez e sa\u00fade.&nbsp; No entanto, para ter acesso a tudo isso, prepare-se para desembolsar um valor mais elevado. 4 &#8211; Philco PH3700 Gold Se voc\u00ea busca por um secador de cabelo com difusor, ent\u00e3o o Philco PH3700 Gold \u00e9 outra boa op\u00e7\u00e3o. Elegante, o modelo oferece uma pot\u00eancia de 2.000W e tamb\u00e9m traz a tecnologia Tourmaline Ion, que resulta na emiss\u00e3o de \u00edons negativos para cabelos saud\u00e1veis, brilhantes e com menos frizz. Se voc\u00ea tem cabelos cacheados, \u00e9 ineg\u00e1vel que o Philco PH3700 Gold \u00e9 uma das melhores op\u00e7\u00f5es dispon\u00edveis no mercado pelo fato de j\u00e1 vir com difusor. Al\u00e9m disso, o modelo apresenta o melhor custo-benef\u00edcio da lista, pela boa pot\u00eancia e pelo pre\u00e7o acess\u00edvel pelo qual pode ser adquirido. 5 \u2013 Taiff Fox \u00cdon 3 Se a sua busca passa por um secador profissional, o Taiff Fox \u00cdon 3 surge como uma boa oportunidade. Inclusive, ele pode ser encontrado em duas cores diferentes, soft rose e soft gold. Com 2220w de pot\u00eancia, ele \u00e9 recomendado para procedimentos que necessitam de altas temperaturas. Al\u00e9m disso, com a sua tecnologia tourmaline \u00edon, \u00e9 poss\u00edvel manter os fios hidratados ap\u00f3s a sua utiliza\u00e7\u00e3o. Portanto, o Taiff Fox \u00cdon 3 \u00e9 um produto bastante recomendado. 6 &#8211; Taiff Tourmaline \u00cdon Cer\u00e2mica Um dos modelos mais aclamados e elogiados e que, portanto, n\u00e3o poderia estar de fora da lista, \u00e9 o Taiff Tourmaline \u00cdon Cer\u00e2mica. Isso porque, ele alia o ganho de brilho intenso da cer\u00e2mica com os \u00edons negativos potencializados pela turmalina, que sela as cut\u00edculas dos fios e tamb\u00e9m ajuda no brilho. O resultado \u00e9 um cabelo com mais brilho e maciez e menos frizz, al\u00e9m de uma hidrata\u00e7\u00e3o especial, como se tivessem secado naturalmente. Al\u00e9m disso, ele tamb\u00e9m tem um cabo de 3 metros, \u00f3timo para se locomover pelo sal\u00e3o de beleza ou mesmo em sua casa. Com o Cupom de Desconto Amazon, voc\u00ea pode fazer as suas compras com seguran\u00e7a e ainda garantir uma boa economia. N\u00e3o deixe de aproveitar as melhores ofertas do mercado! 7 &#8211; Taiff Unique Duo Quem busca por um secador de cabelo potente encontra no Taiff Unique Duo a op\u00e7\u00e3o perfeita, j\u00e1 que ele oferece fant\u00e1sticos 2.700W de pot\u00eancia a 220V e 2.100W a 127V. Isso sem contar a versatilidade de ser bivolt, o que te permite utiliz\u00e1-lo em v\u00e1rios ambientes sem ter que se preocupar com as redes el\u00e9tricas dispon\u00edveis. Portanto, esse secador profissional resulta em cabelos macios, brilhantes e com menos frizz, al\u00e9m da tecnologia Tourmaline Cer\u00e2mica para secar os fios com agilidade e manter sua hidrata\u00e7\u00e3o. Al\u00e9m disso, o encaixe nas m\u00e3os \u00e9 \u00f3timo gra\u00e7as \u00e0 borracha lateral, que evita deslizamentos e, assim, aumenta a seguran\u00e7a durante o uso. 8 &#8211; Taiff VIS Unique Para fechar a lista de melhores secadores de cabelo, trazemos outro \u00f3timo modelo, o Taiff Unique Vis. Super potente, esse secador entrega 2.600W, o que o coloca na segunda posi\u00e7\u00e3o em pot\u00eancia na compara\u00e7\u00e3o com todos os demais da lista, perdendo apenas para o Taiff Unique Duo, que vimos anteriormente. Desta forma, com motor AC profissional de alta rota\u00e7\u00e3o e maior vaz\u00e3o de ar, a secagem ocorre com muita agilidade, tamb\u00e9m gra\u00e7as \u00e0s 5 temperaturas, o que \u00e9 \u00f3timo para ganhar tempo. Al\u00e9m do mais, os \u00edons negativos neutralizam a eletricidade est\u00e1tica dos fios e combatem o frizz, o que ajuda a ter resultados ainda melhores. 9 &#8211; Philips Prestige Para mulheres com cabelo cacheado e ondulado, o secador de cabelo Philips Prestige se apresenta como uma boa op\u00e7\u00e3o. Isso porque, ele conta com um difusor, que possui como fun\u00e7\u00e3o principal preservar a sa\u00fade dos fios. Al\u00e9m disso, ele tamb\u00e9m possui uma tecnologia chamada Moisture Protect, respons\u00e1vel por medir a temperatura dos fios. Assim, ele ajusta o calor utilizado, evitando danos aos fios de cabelo. 10 &#8211; Gama Italy Light Se voc\u00ea \u00e9 uma pessoa que gosta de economizar dinheiro, certamente o Gama Italy Light \u00e9 o modelo ideal. Isso porque, hoje \u00e9 poss\u00edvel encontr\u00e1-lo por pouco mais de R$ 100 nas principais lojas de todo o mercado. Sendo assim, \u00e9 importante entender que voc\u00ea ter\u00e1 \u00e0 disposi\u00e7\u00e3o um secador com 2.000W de pot\u00eancia e tecnologia Ceramic Ion, permitindo assim um processo de secagem dos fios mais r\u00e1pido. 11 &#8211; Philco Beauty Rose Uma op\u00e7\u00e3o de secador de cabelo que, inclusive, \u00e9 utilizado por muitos profissionais, \u00e9 o Beauty Rose, da marca Philco. Com 2.200W de pot\u00eancia, voc\u00ea ter\u00e1 \u00e0 sua disposi\u00e7\u00e3o um modelo capaz de entregar uma experi\u00eancia positiva. Al\u00e9m disso, estamos falando de um secador que acompanha um difusor, perfeito para as mulheres que possuem cabelos cacheados. Al\u00e9m disso, ele tamb\u00e9m possui dois bocais concentradores, aumentando a sua efici\u00eancia. 12 &#8211; Gama Italy Sensi 4D Antes&#8230;<\/p>\n","protected":false},"author":13,"featured_media":35742,"comment_status":"open","ping_status":"open","sticky":false,"template":"","format":"standard","meta":{"_jetpack_memberships_contains_paid_content":false,"footnotes":""},"categories":[1623],"tags":[],"class_list":["post-35740","post","type-post","status-publish","format-standard","has-post-thumbnail","hentry","category-guia-de-compras"],"yoast_head":"<!-- This site is optimized with the Yoast SEO plugin v25.4 - https:\/\/yoast.com\/wordpress\/plugins\/seo\/ -->\n<title>Melhor secador de cabelo de 2024: conhe\u00e7a os 24 escolhidos<\/title>\n<meta name=\"description\" content=\"Escolher o melhor secador de cabelo do mercado n\u00e3o \u00e9 uma tarefa f\u00e1cil, mas podemos ajudar. Acesse e conhe\u00e7a nossas 22 recomenda\u00e7\u00f5es!\" \/>\n<meta name=\"robots\" content=\"index, follow, max-snippet:-1, max-image-preview:large, max-video-preview:-1\" \/>\n<link rel=\"canonical\" href=\"https:\/\/www.meliuz.com.br\/blog\/melhor-secador-de-cabelo\/\" \/>\n<meta property=\"og:locale\" content=\"pt_BR\" \/>\n<meta property=\"og:type\" content=\"article\" \/>\n<meta property=\"og:title\" content=\"Melhor secador de cabelo de 2024: conhe\u00e7a os 24 escolhidos\" \/>\n<meta property=\"og:description\" content=\"Escolher o melhor secador de cabelo do mercado n\u00e3o \u00e9 uma tarefa f\u00e1cil, mas podemos ajudar. Acesse e conhe\u00e7a nossas 22 recomenda\u00e7\u00f5es!\" \/>\n<meta property=\"og:url\" content=\"https:\/\/www.meliuz.com.br\/blog\/melhor-secador-de-cabelo\/\" \/>\n<meta property=\"og:site_name\" content=\"M\u00e9liuz\" \/>\n<meta property=\"article:publisher\" content=\"https:\/\/www.facebook.com\/Meliuz\" \/>\n<meta property=\"article:published_time\" content=\"2024-03-11T01:28:41+00:00\" \/>\n<meta property=\"article:modified_time\" content=\"2024-03-11T01:28:44+00:00\" \/>\n<meta property=\"og:image\" content=\"https:\/\/www.meliuz.com.br\/blog\/wp-content\/uploads\/2020\/09\/Capa-para-post-no-Blog-do-M\u00e9liuz-Melhor-secador-de-cabelo-20200921-GM-Aquisi\u00e7\u00e3o.png\" \/>\n\t<meta property=\"og:image:width\" content=\"1000\" \/>\n\t<meta property=\"og:image:height\" content=\"652\" \/>\n\t<meta property=\"og:image:type\" content=\"image\/png\" \/>\n<meta name=\"author\" content=\"Bruna do M\u00e9liuz\" \/>\n<meta name=\"twitter:card\" content=\"summary_large_image\" \/>\n<meta name=\"twitter:creator\" content=\"@MeliuzOficial\" \/>\n<meta name=\"twitter:site\" content=\"@MeliuzOficial\" \/>\n<meta name=\"twitter:label1\" content=\"Escrito por\" \/>\n\t<meta name=\"twitter:data1\" content=\"Bruna do M\u00e9liuz\" \/>\n\t<meta name=\"twitter:label2\" content=\"Est. tempo de leitura\" \/>\n\t<meta name=\"twitter:data2\" content=\"43 minutos\" \/>\n<script type=\"application\/ld+json\" class=\"yoast-schema-graph\">{\"@context\":\"https:\/\/schema.org\",\"@graph\":[{\"@type\":\"Article\",\"@id\":\"https:\/\/www.meliuz.com.br\/blog\/melhor-secador-de-cabelo\/#article\",\"isPartOf\":{\"@id\":\"https:\/\/www.meliuz.com.br\/blog\/melhor-secador-de-cabelo\/\"},\"author\":{\"name\":\"Bruna do M\u00e9liuz\",\"@id\":\"https:\/\/www.meliuz.com.br\/blog\/#\/schema\/person\/b4cfb14129773056c4332eb99ae412c2\"},\"headline\":\"Melhor secador de cabelo de 2024: conhe\u00e7a os 24 escolhidos\",\"datePublished\":\"2024-03-11T01:28:41+00:00\",\"dateModified\":\"2024-03-11T01:28:44+00:00\",\"mainEntityOfPage\":{\"@id\":\"https:\/\/www.meliuz.com.br\/blog\/melhor-secador-de-cabelo\/\"},\"wordCount\":7115,\"commentCount\":7,\"publisher\":{\"@id\":\"https:\/\/www.meliuz.com.br\/blog\/#organization\"},\"image\":{\"@id\":\"https:\/\/www.meliuz.com.br\/blog\/melhor-secador-de-cabelo\/#primaryimage\"},\"thumbnailUrl\":\"https:\/\/www.meliuz.com.br\/blog\/wp-content\/uploads\/2020\/09\/Capa-para-post-no-Blog-do-M\u00e9liuz-Melhor-secador-de-cabelo-20200921-GM-Aquisi\u00e7\u00e3o.png\",\"articleSection\":[\"Guia de Compras\"],\"inLanguage\":\"pt-BR\",\"potentialAction\":[{\"@type\":\"CommentAction\",\"name\":\"Comment\",\"target\":[\"https:\/\/www.meliuz.com.br\/blog\/melhor-secador-de-cabelo\/#respond\"]}]},{\"@type\":\"WebPage\",\"@id\":\"https:\/\/www.meliuz.com.br\/blog\/melhor-secador-de-cabelo\/\",\"url\":\"https:\/\/www.meliuz.com.br\/blog\/melhor-secador-de-cabelo\/\",\"name\":\"Melhor secador de cabelo de 2024: conhe\u00e7a os 24 escolhidos\",\"isPartOf\":{\"@id\":\"https:\/\/www.meliuz.com.br\/blog\/#website\"},\"primaryImageOfPage\":{\"@id\":\"https:\/\/www.meliuz.com.br\/blog\/melhor-secador-de-cabelo\/#primaryimage\"},\"image\":{\"@id\":\"https:\/\/www.meliuz.com.br\/blog\/melhor-secador-de-cabelo\/#primaryimage\"},\"thumbnailUrl\":\"https:\/\/www.meliuz.com.br\/blog\/wp-content\/uploads\/2020\/09\/Capa-para-post-no-Blog-do-M\u00e9liuz-Melhor-secador-de-cabelo-20200921-GM-Aquisi\u00e7\u00e3o.png\",\"datePublished\":\"2024-03-11T01:28:41+00:00\",\"dateModified\":\"2024-03-11T01:28:44+00:00\",\"description\":\"Escolher o melhor secador de cabelo do mercado n\u00e3o \u00e9 uma tarefa f\u00e1cil, mas podemos ajudar. Acesse e conhe\u00e7a nossas 22 recomenda\u00e7\u00f5es!\",\"breadcrumb\":{\"@id\":\"https:\/\/www.meliuz.com.br\/blog\/melhor-secador-de-cabelo\/#breadcrumb\"},\"inLanguage\":\"pt-BR\",\"potentialAction\":[{\"@type\":\"ReadAction\",\"target\":[\"https:\/\/www.meliuz.com.br\/blog\/melhor-secador-de-cabelo\/\"]}]},{\"@type\":\"ImageObject\",\"inLanguage\":\"pt-BR\",\"@id\":\"https:\/\/www.meliuz.com.br\/blog\/melhor-secador-de-cabelo\/#primaryimage\",\"url\":\"https:\/\/www.meliuz.com.br\/blog\/wp-content\/uploads\/2020\/09\/Capa-para-post-no-Blog-do-M\u00e9liuz-Melhor-secador-de-cabelo-20200921-GM-Aquisi\u00e7\u00e3o.png\",\"contentUrl\":\"https:\/\/www.meliuz.com.br\/blog\/wp-content\/uploads\/2020\/09\/Capa-para-post-no-Blog-do-M\u00e9liuz-Melhor-secador-de-cabelo-20200921-GM-Aquisi\u00e7\u00e3o.png\",\"width\":1000,\"height\":652,\"caption\":\"Melhor secador de cabelo\"},{\"@type\":\"BreadcrumbList\",\"@id\":\"https:\/\/www.meliuz.com.br\/blog\/melhor-secador-de-cabelo\/#breadcrumb\",\"itemListElement\":[{\"@type\":\"ListItem\",\"position\":1,\"name\":\"Blog\",\"item\":\"https:\/\/www.meliuz.com.br\/blog\/\"},{\"@type\":\"ListItem\",\"position\":2,\"name\":\"Melhor secador de cabelo de 2024: conhe\u00e7a os 24 escolhidos\"}]},{\"@type\":\"WebSite\",\"@id\":\"https:\/\/www.meliuz.com.br\/blog\/#website\",\"url\":\"https:\/\/www.meliuz.com.br\/blog\/\",\"name\":\"M\u00e9liuz\",\"description\":\"Dicas de compras, cupons de desconto, cashback e mais\",\"publisher\":{\"@id\":\"https:\/\/www.meliuz.com.br\/blog\/#organization\"},\"potentialAction\":[{\"@type\":\"SearchAction\",\"target\":{\"@type\":\"EntryPoint\",\"urlTemplate\":\"https:\/\/www.meliuz.com.br\/blog\/?s={search_term_string}\"},\"query-input\":{\"@type\":\"PropertyValueSpecification\",\"valueRequired\":true,\"valueName\":\"search_term_string\"}}],\"inLanguage\":\"pt-BR\"},{\"@type\":\"Organization\",\"@id\":\"https:\/\/www.meliuz.com.br\/blog\/#organization\",\"name\":\"M\u00e9liuz\",\"url\":\"https:\/\/www.meliuz.com.br\/blog\/\",\"logo\":{\"@type\":\"ImageObject\",\"inLanguage\":\"pt-BR\",\"@id\":\"https:\/\/www.meliuz.com.br\/blog\/#\/schema\/logo\/image\/\",\"url\":\"https:\/\/www.meliuz.com.br\/blog\/wp-content\/uploads\/2022\/02\/meliuz-blog.png\",\"contentUrl\":\"https:\/\/www.meliuz.com.br\/blog\/wp-content\/uploads\/2022\/02\/meliuz-blog.png\",\"width\":300,\"height\":100,\"caption\":\"M\u00e9liuz\"},\"image\":{\"@id\":\"https:\/\/www.meliuz.com.br\/blog\/#\/schema\/logo\/image\/\"},\"sameAs\":[\"https:\/\/www.facebook.com\/Meliuz\",\"https:\/\/x.com\/MeliuzOficial\",\"http:\/\/instagram.com\/meliuzoficial\/\"]},{\"@type\":\"Person\",\"@id\":\"https:\/\/www.meliuz.com.br\/blog\/#\/schema\/person\/b4cfb14129773056c4332eb99ae412c2\",\"name\":\"Bruna do M\u00e9liuz\",\"description\":\"Acho que dinheiro \u00e9 uma ferramenta sensacional para aproveitar ao m\u00e1ximo a vida! Por isso sempre procuro descontos, dinheiro de volta e formas de fazer o meu dinheiro render muito! N\u00e3o abro m\u00e3o de conforto, excelentes experi\u00eancias e comprar o que quero - e quero compartilhar como consigo isso com voc\u00eas!\",\"url\":\"https:\/\/www.meliuz.com.br\/blog\/author\/brunadomeliuz\/\"}]}<\/script>\n<!-- \/ Yoast SEO plugin. -->","yoast_head_json":{"title":"Melhor secador de cabelo de 2024: conhe\u00e7a os 24 escolhidos","description":"Escolher o melhor secador de cabelo do mercado n\u00e3o \u00e9 uma tarefa f\u00e1cil, mas podemos ajudar. Acesse e conhe\u00e7a nossas 22 recomenda\u00e7\u00f5es!","robots":{"index":"index","follow":"follow","max-snippet":"max-snippet:-1","max-image-preview":"max-image-preview:large","max-video-preview":"max-video-preview:-1"},"canonical":"https:\/\/www.meliuz.com.br\/blog\/melhor-secador-de-cabelo\/","og_locale":"pt_BR","og_type":"article","og_title":"Melhor secador de cabelo de 2024: conhe\u00e7a os 24 escolhidos","og_description":"Escolher o melhor secador de cabelo do mercado n\u00e3o \u00e9 uma tarefa f\u00e1cil, mas podemos ajudar. Acesse e conhe\u00e7a nossas 22 recomenda\u00e7\u00f5es!","og_url":"https:\/\/www.meliuz.com.br\/blog\/melhor-secador-de-cabelo\/","og_site_name":"M\u00e9liuz","article_publisher":"https:\/\/www.facebook.com\/Meliuz","article_published_time":"2024-03-11T01:28:41+00:00","article_modified_time":"2024-03-11T01:28:44+00:00","og_image":[{"width":1000,"height":652,"url":"https:\/\/www.meliuz.com.br\/blog\/wp-content\/uploads\/2020\/09\/Capa-para-post-no-Blog-do-M\u00e9liuz-Melhor-secador-de-cabelo-20200921-GM-Aquisi\u00e7\u00e3o.png","type":"image\/png"}],"author":"Bruna do M\u00e9liuz","twitter_card":"summary_large_image","twitter_creator":"@MeliuzOficial","twitter_site":"@MeliuzOficial","twitter_misc":{"Escrito por":"Bruna do M\u00e9liuz","Est. tempo de leitura":"43 minutos"},"schema":{"@context":"https:\/\/schema.org","@graph":[{"@type":"Article","@id":"https:\/\/www.meliuz.com.br\/blog\/melhor-secador-de-cabelo\/#article","isPartOf":{"@id":"https:\/\/www.meliuz.com.br\/blog\/melhor-secador-de-cabelo\/"},"author":{"name":"Bruna do M\u00e9liuz","@id":"https:\/\/www.meliuz.com.br\/blog\/#\/schema\/person\/b4cfb14129773056c4332eb99ae412c2"},"headline":"Melhor secador de cabelo de 2024: conhe\u00e7a os 24 escolhidos","datePublished":"2024-03-11T01:28:41+00:00","dateModified":"2024-03-11T01:28:44+00:00","mainEntityOfPage":{"@id":"https:\/\/www.meliuz.com.br\/blog\/melhor-secador-de-cabelo\/"},"wordCount":7115,"commentCount":7,"publisher":{"@id":"https:\/\/www.meliuz.com.br\/blog\/#organization"},"image":{"@id":"https:\/\/www.meliuz.com.br\/blog\/melhor-secador-de-cabelo\/#primaryimage"},"thumbnailUrl":"https:\/\/www.meliuz.com.br\/blog\/wp-content\/uploads\/2020\/09\/Capa-para-post-no-Blog-do-M\u00e9liuz-Melhor-secador-de-cabelo-20200921-GM-Aquisi\u00e7\u00e3o.png","articleSection":["Guia de Compras"],"inLanguage":"pt-BR","potentialAction":[{"@type":"CommentAction","name":"Comment","target":["https:\/\/www.meliuz.com.br\/blog\/melhor-secador-de-cabelo\/#respond"]}]},{"@type":"WebPage","@id":"https:\/\/www.meliuz.com.br\/blog\/melhor-secador-de-cabelo\/","url":"https:\/\/www.meliuz.com.br\/blog\/melhor-secador-de-cabelo\/","name":"Melhor secador de cabelo de 2024: conhe\u00e7a os 24 escolhidos","isPartOf":{"@id":"https:\/\/www.meliuz.com.br\/blog\/#website"},"primaryImageOfPage":{"@id":"https:\/\/www.meliuz.com.br\/blog\/melhor-secador-de-cabelo\/#primaryimage"},"image":{"@id":"https:\/\/www.meliuz.com.br\/blog\/melhor-secador-de-cabelo\/#primaryimage"},"thumbnailUrl":"https:\/\/www.meliuz.com.br\/blog\/wp-content\/uploads\/2020\/09\/Capa-para-post-no-Blog-do-M\u00e9liuz-Melhor-secador-de-cabelo-20200921-GM-Aquisi\u00e7\u00e3o.png","datePublished":"2024-03-11T01:28:41+00:00","dateModified":"2024-03-11T01:28:44+00:00","description":"Escolher o melhor secador de cabelo do mercado n\u00e3o \u00e9 uma tarefa f\u00e1cil, mas podemos ajudar. Acesse e conhe\u00e7a nossas 22 recomenda\u00e7\u00f5es!","breadcrumb":{"@id":"https:\/\/www.meliuz.com.br\/blog\/melhor-secador-de-cabelo\/#breadcrumb"},"inLanguage":"pt-BR","potentialAction":[{"@type":"ReadAction","target":["https:\/\/www.meliuz.com.br\/blog\/melhor-secador-de-cabelo\/"]}]},{"@type":"ImageObject","inLanguage":"pt-BR","@id":"https:\/\/www.meliuz.com.br\/blog\/melhor-secador-de-cabelo\/#primaryimage","url":"https:\/\/www.meliuz.com.br\/blog\/wp-content\/uploads\/2020\/09\/Capa-para-post-no-Blog-do-M\u00e9liuz-Melhor-secador-de-cabelo-20200921-GM-Aquisi\u00e7\u00e3o.png","contentUrl":"https:\/\/www.meliuz.com.br\/blog\/wp-content\/uploads\/2020\/09\/Capa-para-post-no-Blog-do-M\u00e9liuz-Melhor-secador-de-cabelo-20200921-GM-Aquisi\u00e7\u00e3o.png","width":1000,"height":652,"caption":"Melhor secador de cabelo"},{"@type":"BreadcrumbList","@id":"https:\/\/www.meliuz.com.br\/blog\/melhor-secador-de-cabelo\/#breadcrumb","itemListElement":[{"@type":"ListItem","position":1,"name":"Blog","item":"https:\/\/www.meliuz.com.br\/blog\/"},{"@type":"ListItem","position":2,"name":"Melhor secador de cabelo de 2024: conhe\u00e7a os 24 escolhidos"}]},{"@type":"WebSite","@id":"https:\/\/www.meliuz.com.br\/blog\/#website","url":"https:\/\/www.meliuz.com.br\/blog\/","name":"M\u00e9liuz","description":"Dicas de compras, cupons de desconto, cashback e mais","publisher":{"@id":"https:\/\/www.meliuz.com.br\/blog\/#organization"},"potentialAction":[{"@type":"SearchAction","target":{"@type":"EntryPoint","urlTemplate":"https:\/\/www.meliuz.com.br\/blog\/?s={search_term_string}"},"query-input":{"@type":"PropertyValueSpecification","valueRequired":true,"valueName":"search_term_string"}}],"inLanguage":"pt-BR"},{"@type":"Organization","@id":"https:\/\/www.meliuz.com.br\/blog\/#organization","name":"M\u00e9liuz","url":"https:\/\/www.meliuz.com.br\/blog\/","logo":{"@type":"ImageObject","inLanguage":"pt-BR","@id":"https:\/\/www.meliuz.com.br\/blog\/#\/schema\/logo\/image\/","url":"https:\/\/www.meliuz.com.br\/blog\/wp-content\/uploads\/2022\/02\/meliuz-blog.png","contentUrl":"https:\/\/www.meliuz.com.br\/blog\/wp-content\/uploads\/2022\/02\/meliuz-blog.png","width":300,"height":100,"caption":"M\u00e9liuz"},"image":{"@id":"https:\/\/www.meliuz.com.br\/blog\/#\/schema\/logo\/image\/"},"sameAs":["https:\/\/www.facebook.com\/Meliuz","https:\/\/x.com\/MeliuzOficial","http:\/\/instagram.com\/meliuzoficial\/"]},{"@type":"Person","@id":"https:\/\/www.meliuz.com.br\/blog\/#\/schema\/person\/b4cfb14129773056c4332eb99ae412c2","name":"Bruna do M\u00e9liuz","description":"Acho que dinheiro \u00e9 uma ferramenta sensacional para aproveitar ao m\u00e1ximo a vida! Por isso sempre procuro descontos, dinheiro de volta e formas de fazer o meu dinheiro render muito! N\u00e3o abro m\u00e3o de conforto, excelentes experi\u00eancias e comprar o que quero - e quero compartilhar como consigo isso com voc\u00eas!","url":"https:\/\/www.meliuz.com.br\/blog\/author\/brunadomeliuz\/"}]}},"jetpack_sharing_enabled":true,"jetpack_featured_media_url":"https:\/\/www.meliuz.com.br\/blog\/wp-content\/uploads\/2020\/09\/Capa-para-post-no-Blog-do-M\u00e9liuz-Melhor-secador-de-cabelo-20200921-GM-Aquisi\u00e7\u00e3o.png","_links":{"self":[{"href":"https:\/\/www.meliuz.com.br\/blog\/wp-json\/wp\/v2\/posts\/35740","targetHints":{"allow":["GET"]}}],"collection":[{"href":"https:\/\/www.meliuz.com.br\/blog\/wp-json\/wp\/v2\/posts"}],"about":[{"href":"https:\/\/www.meliuz.com.br\/blog\/wp-json\/wp\/v2\/types\/post"}],"author":[{"embeddable":true,"href":"https:\/\/www.meliuz.com.br\/blog\/wp-json\/wp\/v2\/users\/13"}],"replies":[{"embeddable":true,"href":"https:\/\/www.meliuz.com.br\/blog\/wp-json\/wp\/v2\/comments?post=35740"}],"version-history":[{"count":57,"href":"https:\/\/www.meliuz.com.br\/blog\/wp-json\/wp\/v2\/posts\/35740\/revisions"}],"predecessor-version":[{"id":50349,"href":"https:\/\/www.meliuz.com.br\/blog\/wp-json\/wp\/v2\/posts\/35740\/revisions\/50349"}],"wp:featuredmedia":[{"embeddable":true,"href":"https:\/\/www.meliuz.com.br\/blog\/wp-json\/wp\/v2\/media\/35742"}],"wp:attachment":[{"href":"https:\/\/www.meliuz.com.br\/blog\/wp-json\/wp\/v2\/media?parent=35740"}],"wp:term":[{"taxonomy":"category","embeddable":true,"href":"https:\/\/www.meliuz.com.br\/blog\/wp-json\/wp\/v2\/categories?post=35740"},{"taxonomy":"post_tag","embeddable":true,"href":"https:\/\/www.meliuz.com.br\/blog\/wp-json\/wp\/v2\/tags?post=35740"}],"curies":[{"name":"wp","href":"https:\/\/api.w.org\/{rel}","templated":true}]}}