{"id":36007,"date":"2023-12-29T10:08:50","date_gmt":"2023-12-29T13:08:50","guid":{"rendered":"https:\/\/www.meliuz.com.br\/blog\/?p=36007"},"modified":"2023-12-29T10:08:53","modified_gmt":"2023-12-29T13:08:53","slug":"chapinha-profissional-para-progressiva","status":"publish","type":"post","link":"https:\/\/www.meliuz.com.br\/blog\/chapinha-profissional-para-progressiva\/","title":{"rendered":"Qual \u00e9 a melhor chapinha profissional para progressiva de 2024?"},"content":{"rendered":"\n<h2 class=\"wp-block-heading\"><strong>Conhe\u00e7a as melhores chapinhas profissionais em 2024 e fa\u00e7a progressivas com ainda mais qualidade e agilidade!<\/strong><\/h2>\n\n\n\n<p>A busca pela <strong>melhor chapinha profissional para progressiva<\/strong> \u00e9 uma d\u00favida que faz toda a diferen\u00e7a para voc\u00ea, cabeleireiro ou cabeleireira.<\/p>\n\n\n\n<p>Afinal de contas, \u00e9 indispens\u00e1vel ter ferramentas de \u00f3tima qualidade para que os resultados sejam t\u00e3o bons quanto os clientes desejam.<\/p>\n\n\n\n<p>De acordo com uma pesquisa feita pela <a href=\"https:\/\/www.ebit.com.br\/\" target=\"_blank\" rel=\"noreferrer noopener\">Ebit<\/a>, <strong>92% dos clientes satisfeitos voltam a consumir produtos e servi\u00e7os no mesmo lugar.<\/strong><\/p>\n\n\n\n<p>Sendo assim, investir nos equipamentos do seu sal\u00e3o de beleza \u00e9 fundamental, n\u00e3o \u00e9 mesmo? Ou voc\u00ea n\u00e3o quer fidelizar os seus clientes por muitos anos?<\/p>\n\n\n\n<p>Portanto, se voc\u00ea quer solucionar essa d\u00favida de uma vez por todas, saiba que veio ao lugar certo, pois <strong>n\u00f3s separamos 15 modelos de chapinha para progressiva que se destacam por suas caracter\u00edsticas<\/strong> e que, assim, podem maximizar a efici\u00eancia das suas t\u00e9cnicas e pr\u00e1ticas com os cabelos dos clientes. Confira!<\/p>\n\n\n\n<p>Antes, aproveite para fazer o seu cadastro no M\u00e9liuz e ter acesso exclusivo \u00e0 <strong>centenas de cupons de desconto nas maiores e melhores lojas online do pa\u00eds<\/strong>!<\/p>\n\n\n\n<div class=\"wp-block-buttons is-content-justification-center is-layout-flex wp-container-core-buttons-is-layout-16018d1d wp-block-buttons-is-layout-flex\">\n<div class=\"wp-block-button\"><a class=\"wp-block-button__link has-background wp-element-button\" href=\"https:\/\/www.meliuz.com.br\/registrar\" style=\"background-color:#f34986\" target=\"_blank\" rel=\"noreferrer noopener\">Cadastre-se no M\u00e9liuz<\/a><\/div>\n<\/div>\n\n\n\n<p><strong>Antes de conhecer tudo sobre prancha para progressiva, n\u00e3o deixe de conhecer com a gente algumas das melhores op\u00e7\u00f5es de <\/strong><a href=\"https:\/\/www.meliuz.com.br\/blog\/presentes-para-namorada\/\" target=\"_blank\" rel=\"noreferrer noopener\">presentes para namorada<\/a><strong> e veja como surpreend\u00ea-la!<\/strong><\/p>\n\n\n\n<h3 class=\"wp-block-heading\"><strong>Qual o melhor tipo de chapinha profissional para progressiva?<\/strong><\/h3>\n\n\n\n<p>Para atender diferentes tipos de cabelos, \u00e9 necess\u00e1rio ter mais de uma op\u00e7\u00e3o de chapinha profissional para progressiva no mercado. E, hoje, \u00e9 poss\u00edvel encontrar os mais variados modelos.<\/p>\n\n\n\n<p>Ou seja, s\u00e3o v\u00e1rias as tecnologias utilizadas neste produto, o que faz com que o consumidor tenha um leque de op\u00e7\u00f5es \u00e0 sua disposi\u00e7\u00e3o. A seguir, conhe\u00e7a alguns dos principais exemplos:<\/p>\n\n\n\n<div class=\"wp-block-buttons is-horizontal is-content-justification-center is-layout-flex wp-container-core-buttons-is-layout-499968f5 wp-block-buttons-is-layout-flex\">\n<div class=\"wp-block-button\"><a class=\"wp-block-button__link has-text-color has-background wp-element-button\" href=\"https:\/\/meliuz.onelink.me\/2657008059\/b2373b3f\" style=\"color:#ffffff;background-color:#f34986\" target=\"_blank\" rel=\"nofollow noopener noreferrer\">Baixe o app do M\u00e9liuz<\/a><\/div>\n<\/div>\n\n\n\n<h4 class=\"wp-block-heading\"><strong>1. Chapinha de cer\u00e2mica<\/strong><\/h4>\n\n\n\n<p>A chapinha de cer\u00e2mica \u00e9 uma op\u00e7\u00e3o dispon\u00edvel para quem busca a <strong>cauteriza\u00e7\u00e3o dos seus fios<\/strong>. Al\u00e9m disso, este modelo tamb\u00e9m \u00e9 respons\u00e1vel pela recupera\u00e7\u00e3o das fibras e dos fios que se encontram danificados.<\/p>\n\n\n\n<h4 class=\"wp-block-heading\"><strong>2. Chapinha de turmalina<\/strong><\/h4>\n\n\n\n<p>Outro tipo de chapinha dispon\u00edvel no mercado \u00e9 a turmalina. Aqui, estamos falando de uma op\u00e7\u00e3o com tecnologia de \u00edons negativos, perfeita para quem quer controlar a presen\u00e7a de frizz no cabelo.<\/p>\n\n\n\n<p>Al\u00e9m disso, <strong>as chapinhas de turmalina tamb\u00e9m contribuem no combate ao ressecamento do cabelo<\/strong>. Logo, voc\u00ea poder\u00e1 colher uma s\u00e9rie de benef\u00edcios ao utilizar este modelo.<\/p>\n\n\n\n<p><strong>Confira tamb\u00e9m o nosso Guia de Compras completo sobre o <\/strong><a href=\"https:\/\/www.meliuz.com.br\/blog\/melhor-climatizador-de-ar\/\" target=\"_blank\" rel=\"noreferrer noopener\">melhor climatizador de ar<strong>&nbsp;<\/strong><\/a><\/p>\n\n\n\n<h4 class=\"wp-block-heading\"><strong>3. Chapinha de tit\u00e2nio<\/strong><\/h4>\n\n\n\n<p>Aqui, temos um outro tipo de chapinha profissional para progressiva que utiliza a tecnologia de \u00edons negativos. Al\u00e9m disso, ela tamb\u00e9m possui fun\u00e7\u00f5es como a cauteriza\u00e7\u00e3o dos fios de cabelo.<\/p>\n\n\n\n<h3 class=\"wp-block-heading\"><strong>Quais as melhores marcas de chapinha profissional?<\/strong><\/h3>\n\n\n\n<p>Hoje, ao fazer uma pesquisa no mercado pela melhor chapinha profissional para progressiva, \u00e9 poss\u00edvel achar diversos produtos de diferentes marcas. Com isso, como fazer uma escolha assertiva?<\/p>\n\n\n\n<p>O primeiro passo \u00e9 optar por aquelas fabricantes que possuem uma maior reputa\u00e7\u00e3o no mercado. Assim, <strong>menores ser\u00e3o as chances de se fazer uma compra na qual se arrependa depois<\/strong>.<\/p>\n\n\n\n<p>Desta forma, se voc\u00ea tem d\u00favidas sobre quais s\u00e3o as melhores marcas quando o assunto \u00e9 chapinha profissional para progressiva, confira algumas delas:<\/p>\n\n\n\n<ul class=\"wp-block-list\">\n<li>Taiff;<\/li>\n\n\n\n<li>Gama Italy;<\/li>\n\n\n\n<li>Babyliss;<\/li>\n\n\n\n<li>Mondial;<\/li>\n\n\n\n<li>Lizze.<\/li>\n<\/ul>\n\n\n\n<p><strong>Ao utilizar o <\/strong><a href=\"https:\/\/www.meliuz.com.br\/desconto\/cupom-americanas\" target=\"_blank\" rel=\"noreferrer noopener\"><strong>Cupom Amazon<\/strong><\/a><strong>, voc\u00ea pode economizar na compra dos seus produtos, inclusive de uma chapinha<\/strong>. N\u00e3o deixe de acessar e conferir as melhores ofertas do mercado.<\/p>\n\n\n\n<div class=\"wp-block-buttons is-layout-flex wp-block-buttons-is-layout-flex\">\n<div class=\"wp-block-button\"><a class=\"wp-block-button__link has-background wp-element-button\" href=\"https:\/\/www.meliuz.com.br\/blog\/o-que-comprar-para-mae\/\" style=\"background-color:#f34986\" target=\"_blank\" rel=\"noreferrer noopener\">Os melhores presentes para m\u00e3e<\/a><\/div>\n<\/div>\n\n\n\n<p><strong>Veja tamb\u00e9m as melhores op\u00e7\u00f5es de <\/strong><a href=\"https:\/\/www.meliuz.com.br\/blog\/presentes-de-natal\/\" target=\"_blank\" rel=\"noreferrer noopener\">Presentes de Natal<\/a><strong> e confira as nossas dicas para economizar na data!<\/strong><\/p>\n\n\n\n<h3 class=\"wp-block-heading\"><strong>Quanto gastar na compra de uma chapinha?<\/strong><\/h3>\n\n\n\n<p>Voc\u00ea se considera uma pessoa com a vida financeira organizada? Se a resposta for sim, saiba que est\u00e1 no caminho certo!<\/p>\n\n\n\n<p>Isso porque, <strong>elaborar um <a href=\"https:\/\/www.meliuz.com.br\/blog\/planejamento-financeiro\/\" target=\"_blank\" rel=\"noreferrer noopener\">planejamento financeiro<\/a> \u00e9 muito importante <\/strong>para n\u00e3o fazer uma compra e, s\u00f3 depois, perceber que comprometeu o or\u00e7amento. Deste modo, que tal descobrir quanto voc\u00ea dever\u00e1 gastar na compra de uma chapinha?<\/p>\n\n\n\n<p>Aqui, depende dos modelos que voc\u00ea procura. Ou seja, as op\u00e7\u00f5es mais b\u00e1sicas e intermedi\u00e1rias podem ser encontradas na faixa de R$ 100 e R$ 300, em m\u00e9dia. Inclusive, \u00e9 poss\u00edvel at\u00e9 mesmo encontrar alguns modelos por menos de R$ 100!<\/p>\n\n\n\n<p>Em contrapartida, se voc\u00ea possui um sal\u00e3o de beleza e est\u00e1 em busca de uma chapinha profissional para progressiva, se prepare para gastar maios! Hoje, existem op\u00e7\u00f5es de at\u00e9 R$ 1 mil nas principais lojas do mercado.<\/p>\n\n\n\n<h3 class=\"wp-block-heading\"><strong>Para quem a chapinha profissional para progressiva \u00e9 indicada?<\/strong><\/h3>\n\n\n\n<p>Como o pr\u00f3prio nome indica, <strong>a chapinha profissional para progressiva \u00e9 recomendada para aquelas pessoas que possuem um sal\u00e3o<\/strong>. Afinal de contas, estamos falando de produtos mais potentes.<\/p>\n\n\n\n<p>Deste modo, o ideal \u00e9 buscar por aqueles modelos que possuem uma maior capacidade de suportar temperaturas mais elevadas. Isso, principalmente, se ela for utilizada para realizar a progressiva.<\/p>\n\n\n\n<p>Se voc\u00ea deseja ter uma maior praticidade ao utilizar uma chapinha profissional para progressiva, busque por produtos com maior versatilidade. Fun\u00e7\u00f5es como o controle de temperatura, por exemplo, pode ser fundamental.<\/p>\n\n\n\n<div class=\"wp-block-buttons is-layout-flex wp-block-buttons-is-layout-flex\">\n<div class=\"wp-block-button\"><a class=\"wp-block-button__link has-background wp-element-button\" href=\"https:\/\/www.meliuz.com.br\/desconto\/cupom-desconto-mercado-livre\" style=\"background-color:#f34986\" target=\"_blank\" rel=\"noreferrer noopener\">Cupom de Desconto Mercado Livre<\/a><\/div>\n<\/div>\n\n\n\n<p><strong>Veja tamb\u00e9m: <\/strong><a href=\"https:\/\/www.meliuz.com.br\/blog\/qual-o-melhor-aquecedor-de-ambiente\/\" target=\"_blank\" rel=\"noreferrer noopener\">Qual o melhor aquecedor de ambiente?<\/a> e <a href=\"https:\/\/www.meliuz.com.br\/black-friday\" target=\"_blank\" rel=\"noreferrer noopener\">Black Friday<\/a><\/p>\n\n\n\n<h3 class=\"wp-block-heading\"><strong>Chapinha para progressiva x escova alisadora<\/strong><\/h3>\n\n\n\n<p>No momento de comprar uma chapinha profissional para progressiva, \u00e9 comum se deparar com outros equipamentos no mercado, como a <a href=\"https:\/\/www.meliuz.com.br\/blog\/melhor-escova-secadora\/\" target=\"_blank\" rel=\"noreferrer noopener\">escova secadora<\/a> ou alisadora. No entanto, qual \u00e9 melhor?<\/p>\n\n\n\n<p>Se o intuito \u00e9 aumentar o cuidado com os fios, o mais indicado \u00e9 que voc\u00ea opte por uma chapinha para progressiva.<\/p>\n\n\n\n<p>Al\u00e9m disso, o alisamento \u00e9 feito com maior efici\u00eancia em equipamentos profissionais, como \u00e9 o caso das chapinhas.<\/p>\n\n\n\n<h3 class=\"wp-block-heading\"><strong>Qual \u00e9 a melhor chapinha profissional para progressiva? Top 15 modelos<\/strong><\/h3>\n\n\n\n<figure class=\"wp-block-table\"><table><tbody><tr><td><strong>Modelo<\/strong><\/td><td><strong>Caracter\u00edsticas<\/strong><\/td><td><strong>Pre\u00e7o m\u00e9dio<\/strong><\/td><\/tr><tr><td><a href=\"#1\">Lizz Professional Smart Titanium<\/a><\/td><td>O dobro de emiss\u00e3o de \u00edons, placas de titanium extra longas revestidas em cer\u00e2mica e visor LED<\/td><td>R$ 500<\/td><\/tr><tr><td><a href=\"#2\">Lizze Extreme 250\u00ba C Titanium Profissional<\/a><\/td><td>Atinge a temperatura de 250\u00ba C, a mais alta da lista, al\u00e9m de as placas manterem a temperatura constante<\/td><td>R$ 380<\/td><\/tr><tr><td><a href=\"#3\">MQ Hair Pro Titanium 480<\/a><\/td><td>Placa de Titanium, transferindo o calor para o cabelo com maior rapidez<\/td><td>R$ 390<\/td><\/tr><tr><td><a href=\"#4\">MQ Professional Unique Slim Titanium<\/a><\/td><td>15 regulagens de temperatura, o que a torna super vers\u00e1til<\/td><td>R$ 420<\/td><\/tr><tr><td><a href=\"#5\">Malina Elite Pink Leopard<\/a><\/td><td>Alisamentos e modelagens com resist\u00eancia \u00e0 umidade causada por suor e chuvisco<\/td><td>R$ 400<\/td><\/tr><tr><td><a href=\"#6\">Roger BaByliss Nano Titanium<\/a><\/td><td>Excelente custo-benef\u00edcio e \u00f3timas avalia\u00e7\u00f5es pelos usu\u00e1rios<\/td><td>R$ 260<\/td><\/tr><tr><td><a href=\"#7\">Roger BaByliss Pro Optima 3000<\/a><\/td><td>Aquecimento de at\u00e9 240\u00ba C e tamb\u00e9m recomendada para quem quer fazer cachos<\/td><td>R$ 550<\/td><\/tr><tr><td><a href=\"#8\">Taiff Fox \u00cdon 3<\/a><\/td><td>Modelo mais barato da lista, tem f\u00e1cil manuseio e resist\u00eancia cer\u00e2mica com temperatura que se controla automaticamente<\/td><td>R$ 440<\/td><\/tr><tr><td><a href=\"#9\">Taiff Titanium 450 Colors<\/a><\/td><td>Permite modelagens em diferentes sentidos para maior agilidade e precis\u00e3o<\/td><td>R$ 400<\/td><\/tr><tr><td><a href=\"#10\">Taiff Vulcan<\/a><\/td><td>Atinge a temperatura de 250\u00b0 C e tem perfil de cer\u00e2mica para melhor modelagem<\/td><td>R$ 600<\/td><\/tr><tr><td><a href=\"#11\">Elegance Led Keration<\/a><\/td><td>Modelo com tecnologia Micro Glitt<\/td><td>R$ 290<\/td><\/tr><tr><td><a href=\"#12\">Eleganza Infinity One<\/a><\/td><td>Op\u00e7\u00e3o para cabelos longos e volumosos<\/td><td>R$ 849<\/td><\/tr><tr><td><a href=\"#13\">Malina Beauty<\/a><\/td><td>Op\u00e7\u00e3o com revestimento de turmalina e temperatura m\u00e1xima de at\u00e9 235\u00ba C<\/td><td>R$ 599<\/td><\/tr><tr><td><a href=\"#14\">Taiff Super Mini<\/a><\/td><td>Modelo ideal para quem gosta de viajar<\/td><td>R$ 168<\/td><\/tr><tr><td><a href=\"#15\">Brit\u00e2nia Titanium Blue<\/a><\/td><td>Op\u00e7\u00e3o com aquecimento r\u00e1pido e uniforme, garantindo um alisamento perfeito<\/td><td>R$ 120<\/td><\/tr><\/tbody><\/table><\/figure>\n\n\n\n<p><strong>Aproveite o nosso Guia de Compras sobre chapinha para progressiva para escolher a melhor op\u00e7\u00e3o para <\/strong><a href=\"https:\/\/www.meliuz.com.br\/blog\/presente-para-sogra\/\" target=\"_blank\" rel=\"noreferrer noopener\">presente para sogra<\/a><\/p>\n\n\n\n<h3 class=\"wp-block-heading\"><strong>Caracter\u00edsticas das melhores chapinhas profissionais para progressiva<\/strong><\/h3>\n\n\n\n<p>Ao saber dessas caracter\u00edsticas, voc\u00ea ter\u00e1 o embasamento que precisa para tomar uma excelente decis\u00e3o e, assim, ter uma ferramenta de trabalho que entregue toda a temperatura, precis\u00e3o e praticidade que voc\u00ea precisa para o dia a dia na profiss\u00e3o.<\/p>\n\n\n\n<p>Ah, os modelos est\u00e3o ordenados alfabeticamente, e n\u00e3o do melhor para o pior. Sendo assim, voc\u00ea poder\u00e1 encontrar mais facilmente as marcas que prefere. Pr\u00e1tico, n\u00e9?<\/p>\n\n\n\n<p>Vamos l\u00e1:<\/p>\n\n\n\n<h4 class=\"wp-block-heading\"><a name=\"1\"><\/a><strong>1 &#8211; Lizz Professional Smart Titanium<\/strong><\/h4>\n\n\n<div class=\"wp-block-image\">\n<figure class=\"aligncenter size-large is-resized\"><img loading=\"lazy\" decoding=\"async\" width=\"1000\" height=\"1000\" src=\"https:\/\/www.meliuz.com.br\/blog\/wp-content\/uploads\/2020\/10\/1-3.jpg\" alt=\"Chapinha para progressiva Lizz Professional Smart Titanium\" class=\"wp-image-36026\" style=\"width:250px;height:250px\" srcset=\"https:\/\/www.meliuz.com.br\/blog\/wp-content\/uploads\/2020\/10\/1-3.jpg 1000w, https:\/\/www.meliuz.com.br\/blog\/wp-content\/uploads\/2020\/10\/1-3-300x300.jpg 300w, https:\/\/www.meliuz.com.br\/blog\/wp-content\/uploads\/2020\/10\/1-3-768x768.jpg 768w\" sizes=\"auto, (max-width: 1000px) 100vw, 1000px\" \/><\/figure><\/div>\n\n\n<p>A Lizz Professional Smart Titanium \u00e9 uma prancha de alta qualidade, que permite alisar e modelar os fios com praticidade e agilidade.<\/p>\n\n\n\n<p>Desse modo, ela libera 2x mais \u00edons, al\u00e9m de possuir placas de titanium extra longas com revestimento em cer\u00e2mica e um visor digital LED para mostrar a temperatura, expressa em Fahrenheit (F).<\/p>\n\n\n\n<div class=\"wp-block-group\"><div class=\"wp-block-group__inner-container is-layout-flow wp-block-group-is-layout-flow\">\n<ul class=\"wp-block-list\">\n<li><strong>Temperatura m\u00e1xima:<\/strong> 230\u00ba C  <\/li>\n\n\n\n<li><strong>Controle de temperatura:<\/strong> Sim (de 100\u00ba C a 230\u00ba C)<\/li>\n\n\n\n<li><strong>Revestimento das placas:<\/strong> Cer\u00e2mica<\/li>\n\n\n\n<li><strong>Comprimento do cabo<\/strong>: 3,0 m<\/li>\n\n\n\n<li><strong>Cabo girat\u00f3rio<\/strong>: Sim<\/li>\n\n\n\n<li><strong>Tecnologias<\/strong>: 2x mais emiss\u00e3o de \u00edons<\/li>\n\n\n\n<li><strong>Peso aproximado:<\/strong> 300 g<\/li>\n\n\n\n<li><strong>Tens\u00e3o<\/strong>: 127V ou 220V (n\u00e3o \u00e9 bivolt)<\/li>\n\n\n\n<li><strong>Consumo aproximado de energia<\/strong>: 0,05 kWh<\/li>\n\n\n\n<li><strong>Pre\u00e7o m\u00e9dio:<\/strong> R$ 500<\/li>\n<\/ul>\n\n\n\n<div class=\"wp-block-buttons is-horizontal is-content-justification-center is-layout-flex wp-container-core-buttons-is-layout-499968f5 wp-block-buttons-is-layout-flex\">\n<div class=\"wp-block-button\"><a class=\"wp-block-button__link has-text-color has-background wp-element-button\" href=\"https:\/\/www.meliuz.com.br\/desconto\/cupom-fast-shop\/\" style=\"color:#ffffff;background-color:#f34986\" target=\"_blank\" rel=\"noreferrer noopener\">Compre agora com Cashback<\/a><\/div>\n<\/div>\n<\/div><\/div>\n\n\n\n<h4 class=\"wp-block-heading\"><a name=\"2\"><\/a><strong>2 &#8211; Lizze Extreme 250\u00ba C Titanium Profissional<\/strong><\/h4>\n\n\n<div class=\"wp-block-image\">\n<figure class=\"aligncenter size-large is-resized\"><img loading=\"lazy\" decoding=\"async\" width=\"524\" height=\"1024\" src=\"https:\/\/www.meliuz.com.br\/blog\/wp-content\/uploads\/2020\/10\/2-3-524x1024.jpg\" alt=\"Chapinha para progressiva Lizze Extreme 250\u00ba C Titanium Profissional\" class=\"wp-image-36027\" style=\"width:131px;height:256px\" srcset=\"https:\/\/www.meliuz.com.br\/blog\/wp-content\/uploads\/2020\/10\/2-3-524x1024.jpg 524w, https:\/\/www.meliuz.com.br\/blog\/wp-content\/uploads\/2020\/10\/2-3-154x300.jpg 154w, https:\/\/www.meliuz.com.br\/blog\/wp-content\/uploads\/2020\/10\/2-3.jpg 768w\" sizes=\"auto, (max-width: 524px) 100vw, 524px\" \/><\/figure><\/div>\n\n\n<p>Se a Lizze Extreme 250\u00ba C Titanium Profissional n\u00e3o \u00e9 a <strong>melhor chapinha profissional para progressiva<\/strong>, certamente \u00e9 uma das melhores.<\/p>\n\n\n\n<p>Afinal de contas, a fabricante afirma que \u00e9 poss\u00edvel economizar at\u00e9 70% do tempo com este modelo, que tem uma \u00f3tima temperatura m\u00e1xima de 250\u00ba C.<\/p>\n\n\n\n<div class=\"wp-block-group\"><div class=\"wp-block-group__inner-container is-layout-flow wp-block-group-is-layout-flow\">\n<ul class=\"wp-block-list\">\n<li><strong>Temperatura m\u00e1xima:<\/strong> 250\u00ba C<\/li>\n\n\n\n<li><strong>Controle de temperatura:<\/strong> Sim (de 150\u00ba C a 250\u00ba C)<\/li>\n\n\n\n<li><strong>Revestimento das placas:<\/strong> Cer\u00e2mica<\/li>\n\n\n\n<li><strong>Comprimento do cabo<\/strong>: 2,6 m<\/li>\n\n\n\n<li><strong>Cabo girat\u00f3rio<\/strong>: Sim<\/li>\n\n\n\n<li><strong>Tecnologias<\/strong>: <em>Floating Plates<\/em> (placas que se ajustam \u00e0s mechas); sistema MCH para n\u00e3o perder calor ao passar as placas nos fios<\/li>\n\n\n\n<li><strong>Peso aproximado:<\/strong> 460 g<\/li>\n\n\n\n<li><strong>Tens\u00e3o<\/strong>: 127V ou 220V (n\u00e3o \u00e9 bivolt)<\/li>\n\n\n\n<li><strong>Consumo aproximado de energia<\/strong>: 0,126 kWh (127V) \/ 0,21W (220V)<\/li>\n\n\n\n<li><strong>Pre\u00e7o m\u00e9dio:<\/strong> R$ 380<\/li>\n<\/ul>\n<\/div><\/div>\n\n\n\n<div class=\"wp-block-buttons is-horizontal is-content-justification-center is-layout-flex wp-container-core-buttons-is-layout-499968f5 wp-block-buttons-is-layout-flex\">\n<div class=\"wp-block-button is-style-fill\"><a class=\"wp-block-button__link has-background wp-element-button\" href=\"https:\/\/www.meliuz.com.br\/desconto\/cupom-desconto-amazon\/\" style=\"background-color:#f34986\" target=\"_blank\" rel=\"noreferrer noopener\">Compre agora com Cashback<\/a><\/div>\n<\/div>\n\n\n\n<h4 class=\"wp-block-heading\"><strong>3 \u2013 MQ Hair Pro Titanium 480<\/strong><\/h4>\n\n\n<div class=\"wp-block-image\">\n<figure class=\"aligncenter is-resized\"><img decoding=\"async\" src=\"https:\/\/lh3.googleusercontent.com\/-WJGyTw5HM008ArWgn89JmzcBM0bper24l3Ltoq4xVuA1nRqkWs-3iIUyFJ03NBxdoBvbYHEol9w_-WXpIxyIS6oQpOr8YWHHbIx55TqrRoFDvC7s92v-k22wkwofSljDSIq9ITD\" alt=\"Chapinha para progressiva MQ Hair Pro Titanium 480\" style=\"width:371px;height:122px\"\/><\/figure><\/div>\n\n\n<p>Muitos profissionais que atuam em sal\u00f5es de beleza encontram, na MQ Hair Pro Titanium 480, uma op\u00e7\u00e3o com bastantes recursos e que proporciona um excelente resultado.<\/p>\n\n\n\n<p>Tudo come\u00e7a nos 250\u00baC de temperatura m\u00e1xima que, com placas ultra lisas, facilita a sua utiliza\u00e7\u00e3o nas mechas.<\/p>\n\n\n\n<p>Al\u00e9m disso, por meio de placas de Titanium, \u00e9 poss\u00edvel transferir o calor para o cabelo com maior rapidez. Logo, \u00e9 poss\u00edvel modelar os fios de forma pr\u00e1tica, sem danific\u00e1-los.<\/p>\n\n\n\n<ul class=\"wp-block-list\">\n<li><strong>Temperatura m\u00e1xima:<\/strong> 250\u00ba C<\/li>\n\n\n\n<li><strong>Controle de temperatura:<\/strong> Sim<\/li>\n\n\n\n<li><strong>Revestimento das placas:<\/strong> N\u00e3o informado<\/li>\n\n\n\n<li><strong>Comprimento do cabo<\/strong>: 3 m<\/li>\n\n\n\n<li><strong>Cabo girat\u00f3rio<\/strong>: Sim<\/li>\n\n\n\n<li><strong>Tecnologias<\/strong>: Placas de Titanium, facilitando a transfer\u00eancia de calor para o cabelo, display digital e mais dif\u00edcil de quebrar<\/li>\n\n\n\n<li><strong>Tens\u00e3o<\/strong>: Bivolt<\/li>\n\n\n\n<li><strong>Consumo aproximado de energia<\/strong>: N\u00e3o informado<\/li>\n\n\n\n<li><strong>Pre\u00e7o m\u00e9dio:<\/strong> R$ 390<\/li>\n<\/ul>\n\n\n\n<div class=\"wp-block-buttons is-horizontal is-content-justification-center is-layout-flex wp-container-core-buttons-is-layout-499968f5 wp-block-buttons-is-layout-flex\">\n<div class=\"wp-block-button is-style-fill\"><a class=\"wp-block-button__link has-background wp-element-button\" href=\"https:\/\/www.meliuz.com.br\/desconto\/cupom-desconto-amazon\/\" style=\"background-color:#f34986\" target=\"_blank\" rel=\"noreferrer noopener\">Compre agora com Cashback<\/a><\/div>\n<\/div>\n\n\n\n<h4 class=\"wp-block-heading\"><a name=\"3\"><\/a><\/h4>\n\n\n\n<h4 class=\"wp-block-heading\"><strong>4 &#8211; MQ Professional Unique Slim Titanium<\/strong><\/h4>\n\n\n<div class=\"wp-block-image\">\n<figure class=\"aligncenter size-large is-resized\"><img loading=\"lazy\" decoding=\"async\" width=\"650\" height=\"650\" src=\"https:\/\/www.meliuz.com.br\/blog\/wp-content\/uploads\/2020\/10\/3-2.jpg\" alt=\"Chapinha para progressiva MQ Professional Unique Slim Titanium\" class=\"wp-image-36028\" style=\"width:325px;height:325px\" srcset=\"https:\/\/www.meliuz.com.br\/blog\/wp-content\/uploads\/2020\/10\/3-2.jpg 650w, https:\/\/www.meliuz.com.br\/blog\/wp-content\/uploads\/2020\/10\/3-2-300x300.jpg 300w\" sizes=\"auto, (max-width: 650px) 100vw, 650px\" \/><\/figure><\/div>\n\n\n<p>A MQ Professional Unique Slim Titanium tem 15 regulagens de temperatura, o que a torna extremamente vers\u00e1til.<\/p>\n\n\n\n<p>Ela tamb\u00e9m tem display digital, placas de Titanium que deslizam suavemente, tecnologia IONIC para trazer luminosidade aos fios e duplo canh\u00e3o de \u00edons negativos, al\u00e9m de bivolt autom\u00e1tico.<\/p>\n\n\n\n<div class=\"wp-block-group\"><div class=\"wp-block-group__inner-container is-layout-flow wp-block-group-is-layout-flow\">\n<ul class=\"wp-block-list\">\n<li><strong>Temperatura m\u00e1xima:<\/strong>  232\u00ba C<\/li>\n\n\n\n<li><strong>Controle de temperatura:<\/strong> Sim (15 n\u00edveis)<\/li>\n\n\n\n<li><strong>Revestimento das placas:<\/strong> N\u00e3o informado<\/li>\n\n\n\n<li><strong>Comprimento do cabo<\/strong>: 3,0 m <\/li>\n\n\n\n<li><strong>Cabo girat\u00f3rio<\/strong>: Sim <\/li>\n\n\n\n<li><strong>Tecnologias<\/strong>: <em>Floating Plates<\/em> (placas que se ajustam \u00e0s mechas); sistema MCH para n\u00e3o perder calor ao passar as placas nos fios; ponta t\u00e9rmica; duplo canh\u00e3o de \u00edons negativos<\/li>\n\n\n\n<li><strong>Peso aproximado:<\/strong> 458 g<\/li>\n\n\n\n<li><strong>Tens\u00e3o<\/strong>: Bivolt autom\u00e1tico <\/li>\n\n\n\n<li><strong>Consumo aproximado de energia<\/strong>: N\u00e3o informado<\/li>\n\n\n\n<li><strong>Pre\u00e7o m\u00e9dio:<\/strong> R$ 420<\/li>\n<\/ul>\n<\/div><\/div>\n\n\n\n<div class=\"wp-block-buttons is-horizontal is-content-justification-center is-layout-flex wp-container-core-buttons-is-layout-499968f5 wp-block-buttons-is-layout-flex\">\n<div class=\"wp-block-button is-style-fill\"><a class=\"wp-block-button__link has-background wp-element-button\" href=\"https:\/\/www.meliuz.com.br\/desconto\/cupom-americanas\/\" style=\"background-color:#f34986\" target=\"_blank\" rel=\"noreferrer noopener\">Compre agora com Cashback<\/a><\/div>\n<\/div>\n\n\n\n<h4 class=\"wp-block-heading\"><strong>5 &#8211; Malina Elite Pink Leopard<\/strong><\/h4>\n\n\n<div class=\"wp-block-image\">\n<figure class=\"aligncenter size-large is-resized\"><img loading=\"lazy\" decoding=\"async\" width=\"914\" height=\"658\" src=\"https:\/\/www.meliuz.com.br\/blog\/wp-content\/uploads\/2020\/10\/4-3.jpg\" alt=\"chapinha para progressiva Malina Elite Pink Leopard\" class=\"wp-image-36029\" style=\"width:229px;height:165px\" srcset=\"https:\/\/www.meliuz.com.br\/blog\/wp-content\/uploads\/2020\/10\/4-3.jpg 914w, https:\/\/www.meliuz.com.br\/blog\/wp-content\/uploads\/2020\/10\/4-3-300x216.jpg 300w, https:\/\/www.meliuz.com.br\/blog\/wp-content\/uploads\/2020\/10\/4-3-768x553.jpg 768w\" sizes=\"auto, (max-width: 914px) 100vw, 914px\" \/><\/figure><\/div>\n\n\n<p>A Malina Elite Pink Leopard \u00e9 um modelo de chapinha para progressiva que pode n\u00e3o ser t\u00e3o conhecido quanto os outros, mas traz recursos de boa qualidade.<\/p>\n\n\n\n<p>Dessa forma, ela conta com placas flutuantes 100% tit\u00e2nio, emiss\u00e3o de \u00edons negativos, infravermelho e, de acordo com a marca, resist\u00eancia \u00e0 umidade causada por suor e chuvisco, o que eleva a durabilidade dos resultados.<\/p>\n\n\n\n<div class=\"wp-block-group\"><div class=\"wp-block-group__inner-container is-layout-flow wp-block-group-is-layout-flow\">\n<ul class=\"wp-block-list\">\n<li><strong>Temperatura m\u00e1xima:<\/strong> 235\u00ba C<\/li>\n\n\n\n<li><strong>Controle de temperatura:<\/strong> Sim (de 60\u00ba C a 235\u00ba C)<\/li>\n\n\n\n<li><strong>Revestimento das placas:<\/strong> N\u00e3o informado<\/li>\n\n\n\n<li><strong>Comprimento do cabo<\/strong>: 2,0 m<\/li>\n\n\n\n<li><strong>Cabo girat\u00f3rio<\/strong>: Sim <\/li>\n\n\n\n<li><strong>Tecnologias<\/strong>: Emiss\u00e3o de \u00edons negativos; infravermelho; placas flutuantes; deixa os fios resistentes \u00e0 umidade de suor e chuvisco<\/li>\n\n\n\n<li><strong>Peso aproximado:<\/strong> 266 g<\/li>\n\n\n\n<li><strong>Tens\u00e3o<\/strong>: Bivolt autom\u00e1tico<\/li>\n\n\n\n<li><strong>Consumo aproximado de energia<\/strong>: N\u00e3o informado<\/li>\n\n\n\n<li><strong>Pre\u00e7o m\u00e9dio:<\/strong> R$ 400<\/li>\n<\/ul>\n<\/div><\/div>\n\n\n\n<div class=\"wp-block-buttons is-horizontal is-content-justification-center is-layout-flex wp-container-core-buttons-is-layout-499968f5 wp-block-buttons-is-layout-flex\">\n<div class=\"wp-block-button is-style-fill\"><a class=\"wp-block-button__link has-background wp-element-button\" href=\"https:\/\/www.meliuz.com.br\/desconto\/cupom-shoptime\/\" style=\"background-color:#f34986\" target=\"_blank\" rel=\"noreferrer noopener\">Compre agora com Cashback<\/a><\/div>\n<\/div>\n\n\n\n<h4 class=\"wp-block-heading\"><strong>6 &#8211; Roger BaByliss Nano Titanium<\/strong><\/h4>\n\n\n<div class=\"wp-block-image\">\n<figure class=\"aligncenter size-large is-resized\"><img loading=\"lazy\" decoding=\"async\" width=\"1000\" height=\"1000\" src=\"https:\/\/www.meliuz.com.br\/blog\/wp-content\/uploads\/2020\/10\/5-4.jpg\" alt=\"Chapinha progressiva Roger BaByliss Nano Titanium\" class=\"wp-image-36031\" style=\"width:250px;height:250px\" srcset=\"https:\/\/www.meliuz.com.br\/blog\/wp-content\/uploads\/2020\/10\/5-4.jpg 1000w, https:\/\/www.meliuz.com.br\/blog\/wp-content\/uploads\/2020\/10\/5-4-300x300.jpg 300w, https:\/\/www.meliuz.com.br\/blog\/wp-content\/uploads\/2020\/10\/5-4-768x768.jpg 768w\" sizes=\"auto, (max-width: 1000px) 100vw, 1000px\" \/><\/figure><\/div>\n\n\n<p>Uma das op\u00e7\u00f5es de chapinha profissional para progressiva com o melhor custo-benef\u00edcio \u00e9 a Roger BaByliss Nano Titanium.<\/p>\n\n\n\n<p>Afinal, ela traz a tecnologia Nano Titanium\u2122, com um excelente condutor de calor para manter a estabilidade em temperaturas altas, al\u00e9m de controle digital de temperatura, emiss\u00e3o de \u00edons e tecnologia Ryton\u00ae resistente a altas temperaturas.<\/p>\n\n\n\n<div class=\"wp-block-group\"><div class=\"wp-block-group__inner-container is-layout-flow wp-block-group-is-layout-flow\">\n<ul class=\"wp-block-list\">\n<li><strong>Temperatura m\u00e1xima:<\/strong> 230\u00b0 C<\/li>\n\n\n\n<li><strong>Controle de temperatura:<\/strong> Sim (controlador digital)<\/li>\n\n\n\n<li><strong>Revestimento das placas:<\/strong> N\u00e3o informado<\/li>\n\n\n\n<li><strong>Comprimento do cabo<\/strong>: 2,77 m <\/li>\n\n\n\n<li><strong>Cabo girat\u00f3rio<\/strong>: Sim<\/li>\n\n\n\n<li><strong>Tecnologias<\/strong>: Nano Titanium\u00ae para condu\u00e7\u00e3o do calor; resist\u00eancia de cer\u00e2mica; controle digital de temperatura<\/li>\n\n\n\n<li><strong>Peso aproximado:<\/strong> N\u00e3o informado<\/li>\n\n\n\n<li><strong>Tens\u00e3o<\/strong>: 127V ou 220V (n\u00e3o \u00e9 bivolt)<\/li>\n\n\n\n<li><strong>Consumo aproximado de energia<\/strong>: N\u00e3o informado<\/li>\n\n\n\n<li><strong>Pre\u00e7o m\u00e9dio:<\/strong> R$ 260<\/li>\n<\/ul>\n<\/div><\/div>\n\n\n\n<div class=\"wp-block-buttons is-horizontal is-content-justification-center is-layout-flex wp-container-core-buttons-is-layout-499968f5 wp-block-buttons-is-layout-flex\">\n<div class=\"wp-block-button is-style-fill\"><a class=\"wp-block-button__link has-background wp-element-button\" href=\"https:\/\/www.meliuz.com.br\/desconto\/cupom-submarino\/\" style=\"background-color:#f34986\" target=\"_blank\" rel=\"noreferrer noopener\">Compre agora com Cashback<\/a><\/div>\n<\/div>\n\n\n\n<h4 class=\"wp-block-heading\"><strong>7 &#8211; Roger BaByliss Pro Optima 3000<\/strong><\/h4>\n\n\n<div class=\"wp-block-image\">\n<figure class=\"aligncenter size-large is-resized\"><img loading=\"lazy\" decoding=\"async\" width=\"1000\" height=\"1000\" src=\"https:\/\/www.meliuz.com.br\/blog\/wp-content\/uploads\/2020\/10\/6-2.jpg\" alt=\"Chapinha para progressiva Roger BaByliss Pro Optima 3000\" class=\"wp-image-36033\" style=\"width:250px;height:250px\" srcset=\"https:\/\/www.meliuz.com.br\/blog\/wp-content\/uploads\/2020\/10\/6-2.jpg 1000w, https:\/\/www.meliuz.com.br\/blog\/wp-content\/uploads\/2020\/10\/6-2-300x300.jpg 300w, https:\/\/www.meliuz.com.br\/blog\/wp-content\/uploads\/2020\/10\/6-2-768x768.jpg 768w\" sizes=\"auto, (max-width: 1000px) 100vw, 1000px\" \/><\/figure><\/div>\n\n\n<p>A Roger BaByliss Pro Optima 3000 \u00e9 a <strong>melhor chapinha profissional para progressiva<\/strong> para quem tamb\u00e9m quer fazer cachos.<\/p>\n\n\n\n<p>Desta maneira, com exterior em a\u00e7o inoxid\u00e1vel SUS304, este modelo \u00e9 confort\u00e1vel para uso, al\u00e9m de oferecer 2x a concentra\u00e7\u00e3o de \u00edons e ter placas em tit\u00e2nio para otimizar a transfer\u00eancia de calor.<\/p>\n\n\n\n<div class=\"wp-block-group\"><div class=\"wp-block-group__inner-container is-layout-flow wp-block-group-is-layout-flow\">\n<ul class=\"wp-block-list\">\n<li><strong>Temperatura m\u00e1xima:<\/strong> 240\u00ba C<\/li>\n\n\n\n<li><strong>Controle de temperatura:<\/strong> Sim (de 148\u00b0 C a 240\u00b0 C)<\/li>\n\n\n\n<li><strong>Revestimento das placas:<\/strong> N\u00e3o informado<\/li>\n\n\n\n<li><strong>Comprimento do cabo<\/strong>: 2,75 m<\/li>\n\n\n\n<li><strong>Cabo girat\u00f3rio<\/strong>: Sim<\/li>\n\n\n\n<li><strong>Tecnologias<\/strong>: Placas em tit\u00e2nio; multiplicador de \u00edons<\/li>\n\n\n\n<li><strong>Peso aproximado:<\/strong> 550 g<\/li>\n\n\n\n<li><strong>Tens\u00e3o<\/strong>: 127V ou 220V (n\u00e3o \u00e9 bivolt)<\/li>\n\n\n\n<li><strong>Consumo aproximado de energia<\/strong>: N\u00e3o informado <\/li>\n\n\n\n<li><strong>Pre\u00e7o m\u00e9dio:<\/strong> R$ 550<\/li>\n<\/ul>\n<\/div><\/div>\n\n\n\n<div class=\"wp-block-buttons is-horizontal is-content-justification-center is-layout-flex wp-container-core-buttons-is-layout-499968f5 wp-block-buttons-is-layout-flex\">\n<div class=\"wp-block-button is-style-fill\"><a class=\"wp-block-button__link has-background wp-element-button\" href=\"https:\/\/www.meliuz.com.br\/desconto\/cupom-casas-bahia\/\" style=\"background-color:#f34986\" target=\"_blank\" rel=\"noreferrer noopener\">Compre agora com Cashback<\/a><\/div>\n<\/div>\n\n\n\n<h4 class=\"wp-block-heading\"><strong>8 &#8211; Taiff Fox \u00cdon 3<\/strong><\/h4>\n\n\n<div class=\"wp-block-image\">\n<figure class=\"aligncenter size-large is-resized\"><img loading=\"lazy\" decoding=\"async\" width=\"1000\" height=\"1000\" src=\"https:\/\/www.meliuz.com.br\/blog\/wp-content\/uploads\/2020\/10\/7-2.jpg\" alt=\"Chapinha para progressiva Taiff Fox \u00cdon 3\" class=\"wp-image-36034\" style=\"width:250px;height:250px\" srcset=\"https:\/\/www.meliuz.com.br\/blog\/wp-content\/uploads\/2020\/10\/7-2.jpg 1000w, https:\/\/www.meliuz.com.br\/blog\/wp-content\/uploads\/2020\/10\/7-2-300x300.jpg 300w, https:\/\/www.meliuz.com.br\/blog\/wp-content\/uploads\/2020\/10\/7-2-768x768.jpg 768w\" sizes=\"auto, (max-width: 1000px) 100vw, 1000px\" \/><\/figure><\/div>\n\n\n<p>O t\u00edtulo de chapinha para progressiva mais barata da lista vai para a Taiff Fox \u00cdon 3. Fina e de f\u00e1cil manuseio, ela conta com um perfil super deslizante e antiaderente para proporcionar brilho intenso aos fios, o que a torna altamente recomendada para progressivas.<\/p>\n\n\n\n<p>Al\u00e9m disso, ela tamb\u00e9m conta com um visor digital e bivolt autom\u00e1tico, aumentando assim o seu desempenho.<\/p>\n\n\n\n<div class=\"wp-block-group\"><div class=\"wp-block-group__inner-container is-layout-flow wp-block-group-is-layout-flow\">\n<ul class=\"wp-block-list\">\n<li><strong>Temperatura m\u00e1xima:<\/strong> 230\u00b0 C<\/li>\n\n\n\n<li><strong>Controle de temperatura:<\/strong> Sim (230\u00b0 C ou 200\u00ba C)<\/li>\n\n\n\n<li><strong>Revestimento das placas:<\/strong> Max Slider<\/li>\n\n\n\n<li><strong>Comprimento do cabo<\/strong>: 3,0 m<\/li>\n\n\n\n<li><strong>Cabo girat\u00f3rio<\/strong>: Sim<\/li>\n\n\n\n<li><strong>Tecnologias<\/strong>: Emiss\u00e3o de \u00edons negativos; resist\u00eancia cer\u00e2mica que se autocontrola (PTC)<\/li>\n\n\n\n<li><strong>Peso aproximado: <\/strong>380 g<\/li>\n\n\n\n<li><strong>Tens\u00e3o<\/strong>: Bivolt autom\u00e1tico<\/li>\n\n\n\n<li><strong>Consumo aproximado de energia<\/strong>: 0,62 kWh<\/li>\n\n\n\n<li><strong>Pre\u00e7o m\u00e9dio:<\/strong> R$ 440<\/li>\n<\/ul>\n<\/div><\/div>\n\n\n\n<div class=\"wp-block-buttons is-horizontal is-content-justification-center is-layout-flex wp-container-core-buttons-is-layout-499968f5 wp-block-buttons-is-layout-flex\">\n<div class=\"wp-block-button is-style-fill\"><a class=\"wp-block-button__link has-background wp-element-button\" href=\"https:\/\/www.meliuz.com.br\/desconto\/cupom-ponto-frio\" style=\"background-color:#f34986\" target=\"_blank\" rel=\"noreferrer noopener\">Compre agora com Cashback<\/a><\/div>\n<\/div>\n\n\n\n<h4 class=\"wp-block-heading\"><strong>9 &#8211; Taiff Titanium 450 Colors<\/strong><\/h4>\n\n\n<div class=\"wp-block-image\">\n<figure class=\"aligncenter size-large is-resized\"><img loading=\"lazy\" decoding=\"async\" width=\"1000\" height=\"1000\" src=\"https:\/\/www.meliuz.com.br\/blog\/wp-content\/uploads\/2020\/10\/8-2.jpg\" alt=\"Chapinha para progressiva Taiff Titanium 450 Colors\" class=\"wp-image-36035\" style=\"width:250px;height:250px\" srcset=\"https:\/\/www.meliuz.com.br\/blog\/wp-content\/uploads\/2020\/10\/8-2.jpg 1000w, https:\/\/www.meliuz.com.br\/blog\/wp-content\/uploads\/2020\/10\/8-2-300x300.jpg 300w, https:\/\/www.meliuz.com.br\/blog\/wp-content\/uploads\/2020\/10\/8-2-768x768.jpg 768w\" sizes=\"auto, (max-width: 1000px) 100vw, 1000px\" \/><\/figure><\/div>\n\n\n<p>Robusta e com \u00f3tima constru\u00e7\u00e3o, a Taiff Titanium merece estar na lista por sua versatilidade, j\u00e1 que os perfis podem ser movimentados em v\u00e1rios sentidos, de modo que a modelagem seja mais r\u00e1pida, precisa e uniforme.<\/p>\n\n\n\n<p>Al\u00e9m disso, estamos falando de um modelo que tamb\u00e9m consegue manter constante a temperatura das placas.<\/p>\n\n\n\n<div class=\"wp-block-group\"><div class=\"wp-block-group__inner-container is-layout-flow wp-block-group-is-layout-flow\">\n<ul class=\"wp-block-list\">\n<li><strong>Temperatura m\u00e1xima:<\/strong> 230\u00ba C<\/li>\n\n\n\n<li><strong>Controle de temperatura:<\/strong> Sim (230\u00ba C ou 200\u00ba C)<\/li>\n\n\n\n<li><strong>Revestimento das placas:<\/strong> Perfil de cer\u00e2mica<\/li>\n\n\n\n<li><strong>Comprimento do cabo<\/strong>: 3,0 m<\/li>\n\n\n\n<li><strong>Cabo girat\u00f3rio<\/strong>: Sim<\/li>\n\n\n\n<li><strong>Tecnologias<\/strong>: Emiss\u00e3o de \u00edons negativos; resist\u00eancia cer\u00e2mica que se autocontrola (PTC)<\/li>\n\n\n\n<li><strong>Peso aproximado: <\/strong>463 g<\/li>\n\n\n\n<li><strong>Tens\u00e3o<\/strong>: Bivolt autom\u00e1tico<\/li>\n\n\n\n<li><strong>Consumo aproximado de energia<\/strong>: 0,058 kWh a 0,062 kWh<\/li>\n\n\n\n<li><strong>Pre\u00e7o m\u00e9dio:<\/strong> R$ 400<\/li>\n<\/ul>\n<\/div><\/div>\n\n\n\n<div class=\"wp-block-buttons is-horizontal is-content-justification-center is-layout-flex wp-container-core-buttons-is-layout-499968f5 wp-block-buttons-is-layout-flex\">\n<div class=\"wp-block-button is-style-fill\"><a class=\"wp-block-button__link has-background wp-element-button\" href=\"https:\/\/www.meliuz.com.br\/desconto\/cupom-extra\/\" style=\"background-color:#f34986\" target=\"_blank\" rel=\"noreferrer noopener\">Compre agora com Cashback<\/a><\/div>\n<\/div>\n\n\n\n<h4 class=\"wp-block-heading\"><a name=\"9\"><\/a><strong>10 &#8211; Taiff Vulcan<\/strong><\/h4>\n\n\n<div class=\"wp-block-image\">\n<figure class=\"aligncenter size-large is-resized\"><img loading=\"lazy\" decoding=\"async\" width=\"1000\" height=\"1000\" src=\"https:\/\/www.meliuz.com.br\/blog\/wp-content\/uploads\/2020\/10\/9-2.jpg\" alt=\"Chapinha para progressiva Taiff Vulcan\" class=\"wp-image-36036\" style=\"width:250px;height:250px\" srcset=\"https:\/\/www.meliuz.com.br\/blog\/wp-content\/uploads\/2020\/10\/9-2.jpg 1000w, https:\/\/www.meliuz.com.br\/blog\/wp-content\/uploads\/2020\/10\/9-2-300x300.jpg 300w, https:\/\/www.meliuz.com.br\/blog\/wp-content\/uploads\/2020\/10\/9-2-768x768.jpg 768w\" sizes=\"auto, (max-width: 1000px) 100vw, 1000px\" \/><\/figure><\/div>\n\n\n<p>Para fechar a lista de melhor chapinha profissional para progressiva, trazemos a Taiff Vulcan, que entrega 250\u00b0 C de temperatura, o que \u00e9 \u00f3timo para progressivas, especialmente para cabelos com fios mais espessos.<\/p>\n\n\n\n<p>Al\u00e9m do perfil de cer\u00e2mica, seu design favorece a movimenta\u00e7\u00e3o em v\u00e1rios perfis para uma modelagem magn\u00edfica.<\/p>\n\n\n\n<div class=\"wp-block-group\"><div class=\"wp-block-group__inner-container is-layout-flow wp-block-group-is-layout-flow\">\n<ul class=\"wp-block-list\">\n<li><strong>Temperatura m\u00e1xima:<\/strong> 250\u00ba C<\/li>\n\n\n\n<li><strong>Controle de temperatura:<\/strong> Sim (250\u00ba C e 200\u00ba C)<\/li>\n\n\n\n<li><strong>Revestimento das placas:<\/strong> Perfil de cer\u00e2mica<\/li>\n\n\n\n<li><strong>Comprimento do cabo<\/strong>: 3,0 m<\/li>\n\n\n\n<li><strong>Cabo girat\u00f3rio<\/strong>: Sim<\/li>\n\n\n\n<li><strong>Tecnologias<\/strong>: Emiss\u00e3o de \u00edons negativos; resist\u00eancia cer\u00e2mica que se autocontrola (PTC); sistema de flutua\u00e7\u00e3o orbital (OFS)<\/li>\n\n\n\n<li><strong>Peso aproximado:<\/strong> 482 g<\/li>\n\n\n\n<li><strong>Tens\u00e3o<\/strong>: Bivolt autom\u00e1tico<\/li>\n\n\n\n<li><strong>Consumo aproximado de energia<\/strong>: 0,71 kWh<\/li>\n\n\n\n<li><strong>Pre\u00e7o m\u00e9dio:<\/strong> R$ 600<\/li>\n<\/ul>\n<\/div><\/div>\n\n\n\n<div class=\"wp-block-buttons is-horizontal is-content-justification-center is-layout-flex wp-container-core-buttons-is-layout-499968f5 wp-block-buttons-is-layout-flex\">\n<div class=\"wp-block-button is-style-fill\"><a class=\"wp-block-button__link has-background wp-element-button\" href=\"https:\/\/www.meliuz.com.br\/desconto\/cupom-epoca-cosmeticos\" style=\"background-color:#f34986\" target=\"_blank\" rel=\"noreferrer noopener\">Compre agora com Cashback<\/a><\/div>\n<\/div>\n\n\n\n<h4 class=\"wp-block-heading\"><strong>11 \u2013 Elegance Led Keration &#8211; Gama Italy<\/strong><\/h4>\n\n\n<div class=\"wp-block-image\">\n<figure class=\"aligncenter size-full is-resized\"><img loading=\"lazy\" decoding=\"async\" width=\"977\" height=\"431\" src=\"https:\/\/www.meliuz.com.br\/blog\/wp-content\/uploads\/2022\/07\/Elegance-Led-Keration-Pro.jpg\" alt=\"Elegance Led Keration - Gama Italy\" class=\"wp-image-44050\" style=\"width:244px;height:108px\" srcset=\"https:\/\/www.meliuz.com.br\/blog\/wp-content\/uploads\/2022\/07\/Elegance-Led-Keration-Pro.jpg 977w, https:\/\/www.meliuz.com.br\/blog\/wp-content\/uploads\/2022\/07\/Elegance-Led-Keration-Pro-300x132.jpg 300w, https:\/\/www.meliuz.com.br\/blog\/wp-content\/uploads\/2022\/07\/Elegance-Led-Keration-Pro-768x339.jpg 768w\" sizes=\"auto, (max-width: 977px) 100vw, 977px\" \/><\/figure><\/div>\n\n\n<p>Se voc\u00ea est\u00e1 em busca de um modelo leve, de f\u00e1cil manuseio e com aquecimento r\u00e1pido, a <strong>Elegance Led Keration<\/strong> \u00e9 uma boa op\u00e7\u00e3o.<\/p>\n\n\n\n<p>A chapinha da Gama Italy conta com a tecnologia Micro Glitt, que possui a fun\u00e7\u00e3o de proteger a queratina natural do cabelo. Assim, voc\u00ea n\u00e3o corre o risco de ver os fios se desgastarem.<\/p>\n\n\n\n<ul class=\"wp-block-list\">\n<li><strong>Temperatura m\u00e1xima:<\/strong> 230\u00ba C<\/li>\n\n\n\n<li><strong>Revestimento das placas:<\/strong> Perfil de cer\u00e2mica<\/li>\n\n\n\n<li><strong>Tecnologias<\/strong>: Micro Glitt<\/li>\n\n\n\n<li><strong>Peso aproximado:<\/strong> 390 g<\/li>\n\n\n\n<li><strong>Tens\u00e3o<\/strong>: Bivolt<\/li>\n\n\n\n<li><strong>Pre\u00e7o m\u00e9dio:<\/strong> R$ 290<\/li>\n<\/ul>\n\n\n\n<div class=\"wp-block-buttons is-horizontal is-content-justification-center is-layout-flex wp-container-core-buttons-is-layout-499968f5 wp-block-buttons-is-layout-flex\">\n<div class=\"wp-block-button is-style-fill\"><a class=\"wp-block-button__link has-background wp-element-button\" href=\"https:\/\/www.meliuz.com.br\/desconto\/cupom-desconto-amazon\/\" style=\"background-color:#f34986\" target=\"_blank\" rel=\"noreferrer noopener\">Compre agora com Cashback<\/a><\/div>\n<\/div>\n\n\n\n<h4 class=\"wp-block-heading\"><strong>12 \u2013 Lizze Supreme<\/strong><\/h4>\n\n\n<div class=\"wp-block-image\">\n<figure class=\"aligncenter size-full is-resized\"><img loading=\"lazy\" decoding=\"async\" width=\"919\" height=\"945\" src=\"https:\/\/www.meliuz.com.br\/blog\/wp-content\/uploads\/2022\/07\/Lizze-Supreme.jpg\" alt=\"Lizze Supreme\" class=\"wp-image-44051\" style=\"width:184px;height:189px\" srcset=\"https:\/\/www.meliuz.com.br\/blog\/wp-content\/uploads\/2022\/07\/Lizze-Supreme.jpg 919w, https:\/\/www.meliuz.com.br\/blog\/wp-content\/uploads\/2022\/07\/Lizze-Supreme-292x300.jpg 292w, https:\/\/www.meliuz.com.br\/blog\/wp-content\/uploads\/2022\/07\/Lizze-Supreme-768x790.jpg 768w\" sizes=\"auto, (max-width: 919px) 100vw, 919px\" \/><\/figure><\/div>\n\n\n<p>Um modelo que, apesar do pre\u00e7o mais elevado, <strong>\u00e9 capaz de proporcionar uma experi\u00eancia incr\u00edvel \u00e9 a Lizze Supreme<\/strong>. Aqui, temos uma op\u00e7\u00e3o indicada tanto para cabelos longos, como tamb\u00e9m volumosos.<\/p>\n\n\n\n<p>Deste modo, com revestimento de tit\u00e2nio, o modelo da Lizze possui temperatura m\u00e1xima de 250\u00baC. Logo, voc\u00ea ter\u00e1 uma prancha com r\u00e1pido aquecimento.<\/p>\n\n\n\n<ul class=\"wp-block-list\">\n<li><strong>Temperatura m\u00e1xima:<\/strong> 250\u00ba C<\/li>\n\n\n\n<li><strong>Controle de temperatura:<\/strong> Sim<\/li>\n\n\n\n<li><strong>Revestimento das placas:<\/strong> Perfil de tit\u00e2nio<\/li>\n\n\n\n<li><strong>Cabo girat\u00f3rio<\/strong>: Sim<\/li>\n\n\n\n<li><strong>Tecnologias<\/strong>: Emiss\u00e3o de \u00edons negativos;<\/li>\n\n\n\n<li><strong>Peso aproximado:<\/strong> 1,1 kg<\/li>\n\n\n\n<li><strong>Tens\u00e3o<\/strong>: Bivolt<\/li>\n\n\n\n<li><strong>Pre\u00e7o m\u00e9dio:<\/strong> R$ 849<\/li>\n<\/ul>\n\n\n\n<div class=\"wp-block-buttons is-horizontal is-content-justification-center is-layout-flex wp-container-core-buttons-is-layout-499968f5 wp-block-buttons-is-layout-flex\">\n<div class=\"wp-block-button is-style-fill\"><a class=\"wp-block-button__link has-background wp-element-button\" href=\"https:\/\/www.meliuz.com.br\/desconto\/cupom-desconto-amazon\/\" style=\"background-color:#f34986\" target=\"_blank\" rel=\"noreferrer noopener\">Compre agora com Cashback<\/a><\/div>\n<\/div>\n\n\n\n<h4 class=\"wp-block-heading\"><strong>13 &#8211; Malina Beauty Nova Turmalina Coral<\/strong><\/h4>\n\n\n<div class=\"wp-block-image\">\n<figure class=\"aligncenter size-large is-resized\"><img loading=\"lazy\" decoding=\"async\" width=\"1024\" height=\"672\" src=\"https:\/\/www.meliuz.com.br\/blog\/wp-content\/uploads\/2022\/12\/19-3-1024x672.jpg\" alt=\"Malina Beauty Nova Turmalina Coral\" class=\"wp-image-46782\" style=\"width:233px;height:153px\" srcset=\"https:\/\/www.meliuz.com.br\/blog\/wp-content\/uploads\/2022\/12\/19-3-1024x672.jpg 1024w, https:\/\/www.meliuz.com.br\/blog\/wp-content\/uploads\/2022\/12\/19-3-300x197.jpg 300w, https:\/\/www.meliuz.com.br\/blog\/wp-content\/uploads\/2022\/12\/19-3-350x230.jpg 350w, https:\/\/www.meliuz.com.br\/blog\/wp-content\/uploads\/2022\/12\/19-3-768x504.jpg 768w, https:\/\/www.meliuz.com.br\/blog\/wp-content\/uploads\/2022\/12\/19-3-1140x748.jpg 1140w, https:\/\/www.meliuz.com.br\/blog\/wp-content\/uploads\/2022\/12\/19-3.jpg 1182w\" sizes=\"auto, (max-width: 1024px) 100vw, 1024px\" \/><\/figure><\/div>\n\n\n<p>A Malina Beauty \u00e9 uma chapinha que conta com <strong>revestimento em turmalina<\/strong>, ocasionando assim em um resultado mais potente. Com isso, ela \u00e9 capaz de alinhar ou modelar aqueles fios de cabelo rebeldes.<\/p>\n\n\n\n<p>Dentre todas as suas facilidades, a chapinha possui cabo girat\u00f3rio de 2 metros, placas recuadas (a fim de evitar queimaduras nas m\u00e3os) e corpo feito em carbono.<\/p>\n\n\n\n<p>Al\u00e9m disso, <strong>outro diferencial da Malina Beauty \u00e9 o infravermelho.<\/strong> Aqui, o foco \u00e9 fortalecer a resist\u00eancia do cabelo contra a umidade, seja ela causada pelo suor ou at\u00e9 mesmo pela chuva.<\/p>\n\n\n\n<ul class=\"wp-block-list\">\n<li><strong>Temperatura m\u00e1xima:<\/strong> 235\u00ba C;<\/li>\n\n\n\n<li><strong>Controle de temperatura:<\/strong> Sim;<\/li>\n\n\n\n<li><strong>Revestimento das placas:<\/strong> Turmalina;<\/li>\n\n\n\n<li><strong>Cabo girat\u00f3rio<\/strong>: Sim;<\/li>\n\n\n\n<li><strong>Tecnologias<\/strong>: Emiss\u00e3o de \u00edons negativos;<\/li>\n\n\n\n<li><strong>Peso aproximado:<\/strong> 394 g;<\/li>\n\n\n\n<li><strong>Tens\u00e3o<\/strong>: Bivolt;<\/li>\n\n\n\n<li><strong>Pre\u00e7o m\u00e9dio:<\/strong> R$ 599<\/li>\n<\/ul>\n\n\n\n<div class=\"wp-block-buttons is-horizontal is-content-justification-center is-layout-flex wp-container-core-buttons-is-layout-499968f5 wp-block-buttons-is-layout-flex\">\n<div class=\"wp-block-button is-style-fill\"><a class=\"wp-block-button__link has-background wp-element-button\" href=\"https:\/\/www.meliuz.com.br\/desconto\/cupom-desconto-amazon\/\" style=\"background-color:#f34986\" target=\"_blank\" rel=\"noreferrer noopener\">Compre agora com Cashback<\/a><\/div>\n<\/div>\n\n\n\n<h4 class=\"wp-block-heading\"><strong>14 &#8211; Taiff Super Mini<\/strong><\/h4>\n\n\n<div class=\"wp-block-image\">\n<figure class=\"aligncenter size-large is-resized\"><img loading=\"lazy\" decoding=\"async\" width=\"1024\" height=\"767\" src=\"https:\/\/www.meliuz.com.br\/blog\/wp-content\/uploads\/2022\/12\/20-3-1024x767.jpg\" alt=\"Taiff Super Mini\" class=\"wp-image-46783\" style=\"width:213px;height:160px\" srcset=\"https:\/\/www.meliuz.com.br\/blog\/wp-content\/uploads\/2022\/12\/20-3-1024x767.jpg 1024w, https:\/\/www.meliuz.com.br\/blog\/wp-content\/uploads\/2022\/12\/20-3-300x225.jpg 300w, https:\/\/www.meliuz.com.br\/blog\/wp-content\/uploads\/2022\/12\/20-3-768x575.jpg 768w, https:\/\/www.meliuz.com.br\/blog\/wp-content\/uploads\/2022\/12\/20-3-1140x853.jpg 1140w, https:\/\/www.meliuz.com.br\/blog\/wp-content\/uploads\/2022\/12\/20-3.jpg 1000w\" sizes=\"auto, (max-width: 1024px) 100vw, 1024px\" \/><\/figure><\/div>\n\n\n<p>Que tal ter \u00e0 sua disposi\u00e7\u00e3o uma prancha mais compacta, leve e port\u00e1til? A <strong>Taiff Super Mini<\/strong> \u00e9 uma op\u00e7\u00e3o que pode te acompanhar em cada uma das suas viagens, uma vez que ela possui diferenciais com o fato de ser <strong>bivolt<\/strong>.<\/p>\n\n\n\n<p>Ou seja, estamos falando de uma op\u00e7\u00e3o com conta com<strong> 17 cm de comprimento <\/strong>e que pesa menos de <strong>200 g<\/strong>. Viu como lev\u00e1-la consigo n\u00e3o ser\u00e1 um problema?<\/p>\n\n\n\n<p>Al\u00e9m disso, vale a pena ressaltar que a Taiff Super Mini \u00e9 uma prancha que pode chegar em at\u00e9 <strong>200\u00baC de temperatura <\/strong>e demora cerca de 90 segundos para aquecer.<\/p>\n\n\n\n<ul class=\"wp-block-list\">\n<li><strong>Temperatura m\u00e1xima:<\/strong> 200\u00ba C;<\/li>\n\n\n\n<li><strong>Controle de temperatura:<\/strong> Sim;<\/li>\n\n\n\n<li><strong>Revestimento das placas:<\/strong> Cer\u00e2mica;<\/li>\n\n\n\n<li><strong>Cabo girat\u00f3rio<\/strong>: Sim;<\/li>\n\n\n\n<li><strong>Tecnologias<\/strong>: PTC;<\/li>\n\n\n\n<li><strong>Peso aproximado:<\/strong> 150 g;<\/li>\n\n\n\n<li><strong>Tens\u00e3o<\/strong>: Bivolt;<\/li>\n\n\n\n<li><strong>Pre\u00e7o m\u00e9dio:<\/strong> R$ 168<\/li>\n<\/ul>\n\n\n\n<div class=\"wp-block-buttons is-horizontal is-content-justification-center is-layout-flex wp-container-core-buttons-is-layout-499968f5 wp-block-buttons-is-layout-flex\">\n<div class=\"wp-block-button is-style-fill\"><a class=\"wp-block-button__link has-background wp-element-button\" href=\"https:\/\/www.meliuz.com.br\/desconto\/cupom-desconto-amazon\/\" style=\"background-color:#f34986\" target=\"_blank\" rel=\"noreferrer noopener\">Compre agora com Cashback<\/a><\/div>\n<\/div>\n\n\n\n<h4 class=\"wp-block-heading\"><strong>15 &#8211; Brit\u00e2nia Titanium Blue<\/strong><\/h4>\n\n\n<div class=\"wp-block-image\">\n<figure class=\"aligncenter size-full is-resized\"><img loading=\"lazy\" decoding=\"async\" width=\"964\" height=\"951\" src=\"https:\/\/www.meliuz.com.br\/blog\/wp-content\/uploads\/2023\/01\/21.jpg\" alt=\"Brit\u00e2nia Titanium Blue\" class=\"wp-image-47043\" style=\"width:217px;height:214px\" srcset=\"https:\/\/www.meliuz.com.br\/blog\/wp-content\/uploads\/2023\/01\/21.jpg 964w, https:\/\/www.meliuz.com.br\/blog\/wp-content\/uploads\/2023\/01\/21-300x296.jpg 300w, https:\/\/www.meliuz.com.br\/blog\/wp-content\/uploads\/2023\/01\/21-768x758.jpg 768w, https:\/\/www.meliuz.com.br\/blog\/wp-content\/uploads\/2023\/01\/21-75x75.jpg 75w\" sizes=\"auto, (max-width: 964px) 100vw, 964px\" \/><\/figure><\/div>\n\n\n<p>A Prancha Titanium Blue, da Brit\u00e2nia, \u00e9 uma op\u00e7\u00e3o capaz de atingir at\u00e9 220\u00baC e bivolt, perfeita para aquelas pessoas que gostam de viajar e, al\u00e9m disso, cuidar do cabelo.<\/p>\n\n\n\n<p>Por ter placas com revestimento Titanium, a prancha da Brit\u00e2nia possui <strong>aquecimento r\u00e1pido e uniforme em toda a sua superf\u00edcie<\/strong>, garantindo um alisamento perfeito para os cabelos.<\/p>\n\n\n\n<ul class=\"wp-block-list\">\n<li><strong>Temperatura m\u00e1xima:<\/strong>  220\u00baC;<\/li>\n\n\n\n<li><strong>Controle de temperatura:<\/strong> sim;<\/li>\n\n\n\n<li><strong>Revestimento das placas:<\/strong> Titanium;<\/li>\n\n\n\n<li><strong>Cabo girat\u00f3rio<\/strong>: sim;<\/li>\n\n\n\n<li><strong>Tecnologias<\/strong>: tecnologia Tourmaline \u00edon;<\/li>\n\n\n\n<li><strong>Peso aproximado:<\/strong> 290g;<\/li>\n\n\n\n<li><strong>Tens\u00e3o<\/strong>: bivolt;<\/li>\n\n\n\n<li><strong>Pre\u00e7o m\u00e9dio:<\/strong> R$ 120<\/li>\n<\/ul>\n\n\n\n<div class=\"wp-block-buttons is-horizontal is-content-justification-center is-layout-flex wp-container-core-buttons-is-layout-499968f5 wp-block-buttons-is-layout-flex\">\n<div class=\"wp-block-button is-style-fill\"><a class=\"wp-block-button__link has-background wp-element-button\" href=\"https:\/\/www.meliuz.com.br\/desconto\/cupom-desconto-amazon\" style=\"background-color:#f34986\" target=\"_blank\" rel=\"noreferrer noopener\">Compre agora com Cashback<\/a><\/div>\n<\/div>\n\n\n\n<h3 class=\"wp-block-heading\"><strong>Como saber se uma chapinha profissional para progressiva \u00e9 boa ou n\u00e3o?<\/strong><\/h3>\n\n\n\n<p>Existem alguns detalhes que foram utilizados para decidir quais seriam as pranchas alisadoras profissionais da nossa lista, que devem ser observados por voc\u00ea na hora da sua compra.<\/p>\n\n\n\n<p>Sendo assim, confira a seguir quais s\u00e3o esses detalhes e descubra como comprar a melhor chapinha progressiva para o seu sal\u00e3o de beleza:<\/p>\n\n\n\n<h4 class=\"wp-block-heading\"><strong>1. Temperatura m\u00e1xima<\/strong><\/h4>\n\n\n\n<p>Fator que indica a temperatura que o modelo pode atingir. \u00c9 um dos principais diferenciais, j\u00e1 que as progressivas demandam pranchas alisadoras que consigam atingir temperaturas bem elevadas.<\/p>\n\n\n\n<p>Neste momento, \u00e9 importante entender que cabelos cacheados demandam temperaturas mais altas, o que n\u00e3o pode passar despercebido. Afinal de contas, ningu\u00e9m quer prejudicar a sa\u00fade dos fios, n\u00e3o \u00e9 mesmo?<\/p>\n\n\n\n<p>Al\u00e9m disso, <strong>vale a pena entender que \u00e9 necess\u00e1rio tomar cuidado ao utilizar temperaturas mais altas. <\/strong>Logo, se poss\u00edvel, opte por aqueles modelos que possuem controle de temperatura, aumentando assim a sua seguran\u00e7a.<\/p>\n\n\n\n<h4 class=\"wp-block-heading\"><strong>2. Controle de temperatura<\/strong><\/h4>\n\n\n\n<p>Embora atingir temperaturas elevadas seja necess\u00e1rio para as progressivas,<strong> h\u00e1 casos em que \u00e9 preciso reduzi-la, como para pessoas com cabelos muito finos ou fragilizados<\/strong>.<\/p>\n\n\n\n<p>Portanto, este \u00e9 um recurso capaz de aumentar a versatilidade do alisador de cabelo. Inclusive, existem alguns modelos nos quais a temperatura \u00e9 indicada em um painel de LED, garantindo a sua seguran\u00e7a.<\/p>\n\n\n\n<h4 class=\"wp-block-heading\"><strong>3. Revestimento das placas<\/strong><\/h4>\n\n\n\n<p>Respons\u00e1vel por indicar qual \u00e9 o material ou tecnologia de revestimento das placas, tamb\u00e9m chamadas de patins, que s\u00e3o as partes da chapinha que entram em contato com o cabelo.<\/p>\n\n\n\n<p>Desse modo, quanto melhor for o material, melhor ser\u00e1 o deslizamento dos patins nos fios e tamb\u00e9m a distribui\u00e7\u00e3o de calor por sua extens\u00e3o.<\/p>\n\n\n\n<p>Antes de comprar a sua chapinha progressiva, certifique-se de ativar o cashback do M\u00e9liuz. Assim, <strong>voc\u00ea economiza e v\u00ea o seu dinheiro voltando para o seu bolso<\/strong>! <a href=\"https:\/\/www.meliuz.com.br\/registrar\" target=\"_blank\" rel=\"noreferrer noopener\">Fa\u00e7a o seu cadastro<\/a> e aproveite!<\/p>\n\n\n\n<h4 class=\"wp-block-heading\"><strong>4. Comprimento do cabo<\/strong><\/h4>\n\n\n\n<p>Mostra qual \u00e9 o comprimento do cabo, algo muito importante para que o profissional tenha liberdade para fazer seus procedimentos, sem precisar ficar sempre bem pertinho da tomada.<\/p>\n\n\n\n<p>Atualmente, a posi\u00e7\u00e3o e o tamanho do cabo \u00e9 uma dificuldade encontrada por muitas pessoas. Logo, se voc\u00ea n\u00e3o quer encontrar limita\u00e7\u00f5es na hora de alisar os cabelos, fatores como o comprimento do cabo s\u00e3o fundamentais.<\/p>\n\n\n\n<p><strong>Aproveite tamb\u00e9m para ler o nosso Guia de Compras completo sobre a <\/strong><a href=\"https:\/\/www.meliuz.com.br\/blog\/melhor-churrasqueira-eletrica\/\" target=\"_blank\" rel=\"noreferrer noopener\">melhor churrasqueira el\u00e9trica<\/a><\/p>\n\n\n\n<h4 class=\"wp-block-heading\"><strong>5. Cabo girat\u00f3rio<\/strong><\/h4>\n\n\n\n<p>Indica se o cabo \u00e9 girat\u00f3rio ou n\u00e3o, outro recurso muito importante, que agrega <strong>mais praticidade e comodidade <\/strong>aos procedimentos.<\/p>\n\n\n\n<p>Deste modo, o cabo girat\u00f3rio \u00e9 feito para facilitar a vida de quem vai usar uma chapinha, uma vez que estamos falando de um recurso que permite uma s\u00e9rie de movimentos.<\/p>\n\n\n\n<h4 class=\"wp-block-heading\"><strong>6. Tecnologia<\/strong><\/h4>\n\n\n\n<p>Diz respeito a quais tecnologias diferenciadas aquele modelo tem, como a<strong> emiss\u00e3o de \u00edons negativos, <\/strong>uma das mais comuns e que ajuda na selagem das cut\u00edculas dos fios, resultando em um cabelo brilhante e bem hidratado.<\/p>\n\n\n\n<p>Al\u00e9m disso, tamb\u00e9m ser\u00e1 poss\u00edvel encontrar outros tipos de tecnologias como <strong>infravermelho<\/strong>, que cuida dos fios de cabelo de dentro para fora, e <strong>PTC<\/strong>, respons\u00e1vel por proporcionar uma maior const\u00e2ncia para a chapinha.<\/p>\n\n\n\n<h4 class=\"wp-block-heading\"><strong>7. Peso aproximado<\/strong><\/h4>\n\n\n\n<p>O peso \u00e9 outro detalhe importante, j\u00e1 que o profissional ter\u00e1 que manusear a prancha alisadora por bastante tempo durante as progressivas. Logo, quanto menor for o peso, maior ser\u00e1 o conforto e menor a tens\u00e3o em seus bra\u00e7os.<\/p>\n\n\n\n<p>Ou seja, <strong>uma chapinha para progressiva pequena e leve pode ser levada com voc\u00ea em viagens<\/strong>. Afinal de contas, ela pode ser armazenada facilmente em uma <a href=\"https:\/\/www.meliuz.com.br\/blog\/qual-melhor-mala-de-viagem\/\" target=\"_blank\" rel=\"noreferrer noopener\">mala de viagem<\/a> ou at\u00e9 mesmo <a href=\"https:\/\/www.meliuz.com.br\/blog\/bagagem-de-mao\/\" target=\"_blank\" rel=\"noreferrer noopener\">bagagem de m\u00e3o<\/a>.<\/p>\n\n\n\n<p><strong>Al\u00e9m disso, leia tamb\u00e9m sobre as melhores <\/strong><a href=\"https:\/\/www.meliuz.com.br\/blog\/lojas-de-roupas-online\/\" target=\"_blank\" rel=\"noreferrer noopener\">lojas de roupas online<\/a><\/p>\n\n\n\n<h4 class=\"wp-block-heading\"><strong>8. Dimens\u00f5es aproximadas (L) x (A) x \u00a9<\/strong><\/h4>\n\n\n\n<p>Ajuda a ter uma ideia do tamanho da prancha alisadora profissional, que tamb\u00e9m est\u00e1 relacionado ao conforto durante a progressiva.<\/p>\n\n\n\n<p>Dessa maneira, <strong>as dimens\u00f5es aproximadas sempre estar\u00e3o dispostas na ordem<\/strong> <strong>largura x altura x comprimento<\/strong>, a menos que discriminado de maneira diferente na descri\u00e7\u00e3o.<\/p>\n\n\n\n<h4 class=\"wp-block-heading\"><strong>9. Tens\u00e3o<\/strong><\/h4>\n\n\n\n<p>Fator respons\u00e1vel por indicar se o modelo funciona em redes el\u00e9tricas de <strong>127V, 220V ou \u00e9 bivolt<\/strong>. Deste modo, se voc\u00ea n\u00e3o quer encontrar problemas ao utilizar a sua chapinha, n\u00e3o deixe este recurso passar despercebido.<\/p>\n\n\n\n<p>Isso porque, o ideal \u00e9 buscar por um modelo que seja compat\u00edvel com a sua rede el\u00e9trica. Portanto, se voc\u00ea gosta de viajar, aposte na compra de op\u00e7\u00f5es que sejam bivolt.<\/p>\n\n\n\n<h4 class=\"wp-block-heading\"><strong>10. Consumo aproximado de energia<\/strong><\/h4>\n\n\n\n<p>Mostra qual \u00e9 o consumo aproximado de energia el\u00e9trica de cada chapinha, o que influencia diretamente nas contas do sal\u00e3o de beleza.<\/p>\n\n\n\n<p>Sendo assim, para quem gosta e n\u00e3o perde uma oportunidade sequer de economizar dinheiro, n\u00e3o deixe de optar por aqueles modelos com menor consumo energ\u00e9tico.<\/p>\n\n\n\n<p><strong>Aproveite e leia sobre <\/strong><a href=\"https:\/\/www.meliuz.com.br\/blog\/celular-bom-e-barato-em-2022\/\" target=\"_blank\" rel=\"noreferrer noopener\">celular bom e barato<\/a> <strong>e descubra qual smartphone comprar para voc\u00ea em 2024!<\/strong><\/p>\n\n\n\n<h4 class=\"wp-block-heading\"><strong>11. Pre\u00e7o m\u00e9dio<\/strong><\/h4>\n\n\n\n<p>Por fim, traz o pre\u00e7o m\u00e9dio pelo qual o modelo pode ser encontrado no mercado, embora este possa variar de acordo com a disponibilidade do produto, promo\u00e7\u00f5es e condi\u00e7\u00f5es especiais.<\/p>\n\n\n\n<p>Sendo assim, essas foram as principais diferen\u00e7as analisadas entre os modelos, o que ajudar\u00e1 bastante na escolha da melhor chapinha profissional para fazer progressiva.<\/p>\n\n\n\n<p>Ah, se voc\u00ea deseja economizar nas suas compras, seja de uma prancha para progressiva ou outros produtos, aproveite para <strong>utilizar a Extens\u00e3o do M\u00e9liuz<\/strong>! Assim, benef\u00edcios como cupom de desconto e cashback ser\u00e3o ativados de forma autom\u00e1tica.<\/p>\n\n\n\n<div class=\"wp-block-buttons is-layout-flex wp-block-buttons-is-layout-flex\">\n<div class=\"wp-block-button\"><a class=\"wp-block-button__link has-background wp-element-button\" href=\"https:\/\/www.meliuz.com.br\/extensao\" style=\"background-color:#f34986\" target=\"_blank\" rel=\"noreferrer noopener\">Economize com a Extens\u00e3o do M\u00e9liuz<\/a><\/div>\n<\/div>\n\n\n\n<h2 class=\"wp-block-heading\"><strong>Qual \u00e9 a melhor chapinha para cada tipo de cabelo?<\/strong><\/h2>\n\n\n\n<p>A escolha de uma chapinha profissional passa, principalmente, pelas suas necessidades. O que faz com que seja necess\u00e1rio, por exemplo, levar em considera\u00e7\u00e3o o tipo de cabelo.<\/p>\n\n\n\n<p>Seja ele crespo, cacheado ou liso, <strong>existe um modelo de chapinha para cada cabelo. <\/strong>Desta forma, acompanhe conosco como acertar em cheio no momento de fazer a sua escolha!<\/p>\n\n\n\n<p><strong>Confira tamb\u00e9m: <\/strong><a href=\"https:\/\/www.meliuz.com.br\/blog\/melhor-aspirador-de-po-vertical\/\" target=\"_blank\" rel=\"noreferrer noopener\">Melhor aspirador de p\u00f3 vertical<\/a><\/p>\n\n\n\n<h3 class=\"wp-block-heading\"><strong>Qual a melhor chapinha profissional para cabelos crespos?<\/strong><\/h3>\n\n\n\n<p>Se voc\u00ea busca uma chapinha profissional para cabelos crespos, o ideal \u00e9 buscar por uma op\u00e7\u00e3o com regulagem de temperatura. Afinal, o calor n\u00e3o pode passar de 180\u00baC.<\/p>\n\n\n\n<h3 class=\"wp-block-heading\"><strong>Qual a melhor chapinha profissional para cabelos cacheados?<\/strong><\/h3>\n\n\n\n<p>Para cabelos cacheados, a chapinha mais indicada s\u00e3o as de cer\u00e2mica. Isso porque, elas proporcionam um maior equil\u00edbrio entre calor e temperatura, proporcionando resultados satisfat\u00f3rios.<\/p>\n\n\n\n<div class=\"wp-block-buttons is-layout-flex wp-block-buttons-is-layout-flex\">\n<div class=\"wp-block-button\"><a class=\"wp-block-button__link has-background wp-element-button\" href=\"https:\/\/www.meliuz.com.br\/desconto\/cupom-desconto-amazon\" style=\"background-color:#f34986\" target=\"_blank\" rel=\"noreferrer noopener\">Cupom de Desconto Amazon<\/a><\/div>\n<\/div>\n\n\n\n<h3 class=\"wp-block-heading\"><strong>Qual a melhor chapinha profissional para cabelos lisos?<\/strong><\/h3>\n\n\n\n<p>Cabelos que j\u00e1 s\u00e3o lisos de forma natural n\u00e3o precisam de uma chapinha com uma alta pot\u00eancia. Logo, um modelo mais b\u00e1sico j\u00e1 \u00e9 capaz de atender perfeitamente \u00e0s necessidades apresentadas.<\/p>\n\n\n\n<p><strong>Al\u00e9m disso, n\u00e3o deixe de conferir o nosso conte\u00fado completo sobre o <\/strong><a href=\"https:\/\/www.meliuz.com.br\/blog\/secador-dyson-vale-a-pena\/\" target=\"_blank\" rel=\"noreferrer noopener\">Secador Dyson<\/a><\/p>\n\n\n\n<h3 class=\"wp-block-heading\"><strong>Qual a melhor op\u00e7\u00e3o para quem gosta de viajar?<\/strong><\/h3>\n\n\n\n<p>Se voc\u00ea \u00e9 uma daquelas pessoas que n\u00e3o abre m\u00e3o de produtos como chapinha ou <a href=\"https:\/\/www.meliuz.com.br\/blog\/melhor-secador-de-cabelo-pequeno\/\" target=\"_blank\" rel=\"noreferrer noopener\">secador de cabelo<\/a> enquanto viaja, \u00e9 de fundamental import\u00e2ncia analisar alguns fatores na sua escolha.<\/p>\n\n\n\n<p>Neste momento, o ideal \u00e9 <strong>escolher um modelo bivolt<\/strong>. Afinal de contas, assim ser\u00e1 poss\u00edvel utiliz\u00e1-lo em qualquer lugar.<\/p>\n\n\n\n<p>Al\u00e9m disso, n\u00e3o se esque\u00e7a de ter prefer\u00eancia por aquelas op\u00e7\u00f5es mais compactas. O que, inclusive, acaba abrindo as portas para um maior espa\u00e7o na <a href=\"https:\/\/www.meliuz.com.br\/blog\/qual-melhor-mala-de-viagem\/\" target=\"_blank\" rel=\"noreferrer noopener\">mala de viagem<\/a>.<\/p>\n\n\n\n<h3 class=\"wp-block-heading\"><strong>Qual a melhor chapinha para uso dom\u00e9stico?<\/strong><\/h3>\n\n\n\n<p>Caso voc\u00ea esteja em busca de uma chapinha para usar no seu dia a dia, \u00e9 muito importante levar alguns fatores em considera\u00e7\u00e3o. Sendo que, sem sombra de d\u00favidas, o principal \u00e9 a sua pot\u00eancia.<\/p>\n\n\n\n<p>Hoje, voc\u00ea pode encontrar chapinhas com at\u00e9 400 W de pot\u00eancia. No entanto, saiba que elas s\u00e3o usadas de forma profissional, ok? <strong>Para uso dom\u00e9stico, o recomendado \u00e9 optar por um modelo com at\u00e9 60 W.<\/strong><\/p>\n\n\n\n<h3 class=\"wp-block-heading\"><strong>Onde comprar uma chapinha profissional para progressiva?<\/strong><\/h3>\n\n\n\n<p>Uma das principais d\u00favidas na hora de buscar por uma chapinha profissional para progressiva \u00e9 decidir em qual loja comprar. Isso porque, s\u00e3o v\u00e1rias as op\u00e7\u00f5es dispon\u00edveis no mercado.<\/p>\n\n\n\n<p>E, <strong>se voc\u00ea tem d\u00favidas sobre qual loja procurar por uma chapinha, n\u00e3o se preocupe<\/strong>! Separamos algumas das lojas que vale a pena conferir os pre\u00e7os dos produtos:<\/p>\n\n\n\n<ul class=\"wp-block-list\">\n<li><a href=\"https:\/\/www.meliuz.com.br\/desconto\/cupom-desconto-amazon\" target=\"_blank\" rel=\"noreferrer noopener\">Amazon<\/a>;<\/li>\n\n\n\n<li><a href=\"https:\/\/www.meliuz.com.br\/desconto\/cupom-americanas\" target=\"_blank\" rel=\"noreferrer noopener\">Americanas<\/a>;<\/li>\n\n\n\n<li><a href=\"https:\/\/www.meliuz.com.br\/desconto\/cupom-desconto-mercado-livre\/\" target=\"_blank\" rel=\"noreferrer noopener\">Mercado Livre<\/a>;<\/li>\n\n\n\n<li><a href=\"https:\/\/www.meliuz.com.br\/desconto\/cupom-magazine-luiza\" target=\"_blank\" rel=\"noreferrer noopener\">Magazine Luiza<\/a>;<\/li>\n\n\n\n<li><a href=\"https:\/\/www.meliuz.com.br\/desconto\/cupom-casas-bahia\" target=\"_blank\" rel=\"noreferrer noopener\">Casas Bahia<\/a>.<\/li>\n<\/ul>\n\n\n\n<p>Aproveite para <a href=\"https:\/\/www.meliuz.com.br\/registrar\" target=\"_blank\" rel=\"noreferrer noopener\">fazer o seu cadastro<\/a> no M\u00e9liuz e <strong>encontrar os melhores cupons de desconto da internet!<\/strong> Al\u00e9m de economizar muito, voc\u00ea tamb\u00e9m recebe parte do seu dinheiro de volta com o cashback!<\/p>\n\n\n\n<div class=\"wp-block-buttons is-layout-flex wp-block-buttons-is-layout-flex\">\n<div class=\"wp-block-button\"><a class=\"wp-block-button__link has-background wp-element-button\" href=\"https:\/\/www.meliuz.com.br\/cupom\" style=\"background-color:#f34986\" target=\"_blank\" rel=\"noreferrer noopener\">Os melhores cupons de desconto<\/a><\/div>\n<\/div>\n\n\n\n<h2 class=\"wp-block-heading\"><strong>No final das contas, qual a melhor chapinha profissional para progressiva?<\/strong><\/h2>\n\n\n\n<p>Depende de v\u00e1rios fatores, como a temperatura m\u00e1xima que voc\u00ea deseja atingir e o quanto quer gastar.<\/p>\n\n\n\n<p>Afinal de contas, existem diferentes op\u00e7\u00f5es, tanto de marcas mais conhecidas quanto de outras com menos destaque nas m\u00eddias, mas com um desempenho de tirar o chap\u00e9u.<\/p>\n\n\n\n<p>Em rela\u00e7\u00e3o ao custo-benef\u00edcio, temos a Roger BaByliss Nano Titanium como uma das melhores op\u00e7\u00f5es. Seu \u00f3timo desempenho faz com que ela seja bastante aclamada entre os usu\u00e1rios, o que \u00e9 muito bom para um modelo que pode ser encontrado por aproximadamente R$ 380.<\/p>\n\n\n\n<p>Al\u00e9m disso, se voc\u00ea tamb\u00e9m deseja oferecer alisamentos e modelagens que resistam \u00e0 umidade, a Malina Elite Pink Leopard \u00e9 a escolha indicada. Por R$ 650, <strong>a marca promete resist\u00eancia contra suor e chuviscos nos fios, o que \u00e9 um diferencial e tanto<\/strong>.<\/p>\n\n\n\n<p>Um modelo de chapinha indicada tamb\u00e9m para enrolar as madeixas, a Roger BaByliss Pro Optima 3000, \u00e9 super recomendada, j\u00e1 que tem um design pensado especialmente para isso.<\/p>\n\n\n\n<p>Deste modo, se o objetivo \u00e9 atingir temperaturas alt\u00edssimas, as principais escolhas s\u00e3o a Lizze Extreme 250\u00ba C Titanium Profissional e a Taiff Vulcan, que chegam a impressionantes 250\u00ba C, temperatura apropriada para pessoas com cabelos mais grossos.<\/p>\n\n\n\n<p>Enfim, op\u00e7\u00f5es n\u00e3o faltam para proporcionar progressivas de excelente qualidade em seu sal\u00e3o de beleza, o que far\u00e1 com que os clientes fiquem com as madeixas escorridas, fiquem super satisfeitas e, assim, voltem muitas outras vezes.<\/p>\n\n\n\n<p><strong>Ou seja, estamos falando de um investimento que realmente vale a pena ser feito<\/strong>, <strong>uma vez que voc\u00ea poder\u00e1 colher uma s\u00e9rie de frutos positivos.<\/strong> Voc\u00ea pode encontrar algumas marcas citadas tamb\u00e9m e usar<a href=\"https:\/\/www.meliuz.com.br\/desconto\/cupom-shopee\"> cupom Shopee<\/a>.<\/p>\n\n\n\n<h2 class=\"wp-block-heading\"><strong>Vale a pena comprar na Black Friday 2024?<\/strong><\/h2>\n\n\n\n<p>Para aquelas pessoas que n\u00e3o abrem m\u00e3o de uma economia, uma das melhores formas de comprar uma chapinha profissional para progressiva \u00e9 <strong>aproveitar a <a href=\"https:\/\/www.meliuz.com.br\/blog\/quando-e-a-black-friday\/\" target=\"_blank\" rel=\"noreferrer noopener\">Black Friday<\/a>!<\/strong><\/p>\n\n\n\n<p>Isso porque estamos falando de uma data que re\u00fane as melhores ofertas e descontos do mercado. Em 2024, <strong>a Black Friday ser\u00e1 realizada no dia 29 novembro<\/strong> nas principais lojas online e f\u00edsicas.<\/p>\n\n\n\n<p>Deste modo, caso queria esperar at\u00e9 a sexta-feira mais aguardada do ano para fazer as suas compras,<strong> \u00e9 importante se planejar. <\/strong>Ou seja, defina quais s\u00e3o as suas prioridades e, desde j\u00e1, tenha um or\u00e7amento focado na data.<\/p>\n\n\n\n<p>Sendo assim, quando a Black Friday chegar, n\u00e3o se esque\u00e7a de fazer uma compara\u00e7\u00e3o de pre\u00e7os de uma chapinha profissional para progressiva nas melhores lojas. \u00c9 o que far\u00e1 com que voc\u00ea<strong> encontre o melhor custo-benef\u00edcio do mercado!<\/strong><\/p>\n\n\n\n<p><strong>Agora que voc\u00ea j\u00e1 sabe tudo sobre chapinha para progressiva, acompanhe com a gente quais s\u00e3o <\/strong><a href=\"https:\/\/www.meliuz.com.br\/blog\/as-melhores-lojas-para-comprar-na-black-friday\/\" target=\"_blank\" rel=\"noreferrer noopener\">as melhores lojas para comprar na Black Friday<\/a><\/p>\n\n\n\n<h2 class=\"wp-block-heading\"><strong>Fa\u00e7a sua compra e economize com o M\u00e9liuz<\/strong><\/h2>\n\n\n\n<p>Agora que voc\u00ea pode escolher a <strong>melhor chapinha profissional para progressiva<\/strong>, acesse o M\u00e9liuz e aproveite promo\u00e7\u00f5es e cupons de desconto especiais, al\u00e9m de cashback para conseguir uma parte do seu dinheiro de volta. Legal, n\u00e9?<\/p>\n\n\n\n<p>Afinal de contas, s\u00e3o mais de 800 lojas parceiras, <strong>nas quais voc\u00ea pode economizar e ganhar dinheiro nas suas compras!<\/strong> Deste modo, voc\u00ea encontra \u00e0 sua disposi\u00e7\u00e3o os melhores de <a href=\"https:\/\/www.meliuz.com.br\/blog\/cupom-de-desconto-2022\/\" target=\"_blank\" rel=\"noreferrer noopener\">cupons de desconto<\/a> e muito <a href=\"https:\/\/www.meliuz.com.br\/blog\/cashback-meliuz\/\" target=\"_blank\" rel=\"noreferrer noopener\">cashback<\/a> exclusivo para uso!<\/p>\n\n\n\n<p>Portanto, baixe o app do M\u00e9liuz e n\u00e3o perca a oportunidade de ter \u00e0 sua disposi\u00e7\u00e3o todos os benef\u00edcios! \u00c9 o seu momento de finalmente comprar aquele produto que est\u00e1 h\u00e1 meses parado no seu carrinho de compras!<\/p>\n\n\n\n<div class=\"wp-block-buttons is-horizontal is-content-justification-center is-layout-flex wp-container-core-buttons-is-layout-499968f5 wp-block-buttons-is-layout-flex\">\n<div class=\"wp-block-button\"><a class=\"wp-block-button__link has-text-color has-background wp-element-button\" href=\"https:\/\/meliuz.onelink.me\/2657008059\/b2373b3f\" style=\"color:#ffffff;background-color:#f34986\" target=\"_blank\" rel=\"nofollow noopener noreferrer\">Baixe o app do M\u00e9liuz<\/a><\/div>\n<\/div>\n\n\n\n<p>Muito obrigada pela sua aten\u00e7\u00e3o e at\u00e9 a pr\u00f3xima!<\/p>\n","protected":false},"excerpt":{"rendered":"<p>Conhe\u00e7a as melhores chapinhas profissionais em 2024 e fa\u00e7a progressivas com ainda mais qualidade e agilidade! A busca pela melhor chapinha profissional para progressiva \u00e9 uma d\u00favida que faz toda a diferen\u00e7a para voc\u00ea, cabeleireiro ou cabeleireira. Afinal de contas, \u00e9 indispens\u00e1vel ter ferramentas de \u00f3tima qualidade para que os resultados sejam t\u00e3o bons quanto os clientes desejam. De acordo com uma pesquisa feita pela Ebit, 92% dos clientes satisfeitos voltam a consumir produtos e servi\u00e7os no mesmo lugar. Sendo assim, investir nos equipamentos do seu sal\u00e3o de beleza \u00e9 fundamental, n\u00e3o \u00e9 mesmo? Ou voc\u00ea n\u00e3o quer fidelizar os seus clientes por muitos anos? Portanto, se voc\u00ea quer solucionar essa d\u00favida de uma vez por todas, saiba que veio ao lugar certo, pois n\u00f3s separamos 15 modelos de chapinha para progressiva que se destacam por suas caracter\u00edsticas e que, assim, podem maximizar a efici\u00eancia das suas t\u00e9cnicas e pr\u00e1ticas com os cabelos dos clientes. Confira! Antes, aproveite para fazer o seu cadastro no M\u00e9liuz e ter acesso exclusivo \u00e0 centenas de cupons de desconto nas maiores e melhores lojas online do pa\u00eds! Antes de conhecer tudo sobre prancha para progressiva, n\u00e3o deixe de conhecer com a gente algumas das melhores op\u00e7\u00f5es de presentes para namorada e veja como surpreend\u00ea-la! Qual o melhor tipo de chapinha profissional para progressiva? Para atender diferentes tipos de cabelos, \u00e9 necess\u00e1rio ter mais de uma op\u00e7\u00e3o de chapinha profissional para progressiva no mercado. E, hoje, \u00e9 poss\u00edvel encontrar os mais variados modelos. Ou seja, s\u00e3o v\u00e1rias as tecnologias utilizadas neste produto, o que faz com que o consumidor tenha um leque de op\u00e7\u00f5es \u00e0 sua disposi\u00e7\u00e3o. A seguir, conhe\u00e7a alguns dos principais exemplos: 1. Chapinha de cer\u00e2mica A chapinha de cer\u00e2mica \u00e9 uma op\u00e7\u00e3o dispon\u00edvel para quem busca a cauteriza\u00e7\u00e3o dos seus fios. Al\u00e9m disso, este modelo tamb\u00e9m \u00e9 respons\u00e1vel pela recupera\u00e7\u00e3o das fibras e dos fios que se encontram danificados. 2. Chapinha de turmalina Outro tipo de chapinha dispon\u00edvel no mercado \u00e9 a turmalina. Aqui, estamos falando de uma op\u00e7\u00e3o com tecnologia de \u00edons negativos, perfeita para quem quer controlar a presen\u00e7a de frizz no cabelo. Al\u00e9m disso, as chapinhas de turmalina tamb\u00e9m contribuem no combate ao ressecamento do cabelo. Logo, voc\u00ea poder\u00e1 colher uma s\u00e9rie de benef\u00edcios ao utilizar este modelo. Confira tamb\u00e9m o nosso Guia de Compras completo sobre o melhor climatizador de ar&nbsp; 3. Chapinha de tit\u00e2nio Aqui, temos um outro tipo de chapinha profissional para progressiva que utiliza a tecnologia de \u00edons negativos. Al\u00e9m disso, ela tamb\u00e9m possui fun\u00e7\u00f5es como a cauteriza\u00e7\u00e3o dos fios de cabelo. Quais as melhores marcas de chapinha profissional? Hoje, ao fazer uma pesquisa no mercado pela melhor chapinha profissional para progressiva, \u00e9 poss\u00edvel achar diversos produtos de diferentes marcas. Com isso, como fazer uma escolha assertiva? O primeiro passo \u00e9 optar por aquelas fabricantes que possuem uma maior reputa\u00e7\u00e3o no mercado. Assim, menores ser\u00e3o as chances de se fazer uma compra na qual se arrependa depois. Desta forma, se voc\u00ea tem d\u00favidas sobre quais s\u00e3o as melhores marcas quando o assunto \u00e9 chapinha profissional para progressiva, confira algumas delas: Ao utilizar o Cupom Amazon, voc\u00ea pode economizar na compra dos seus produtos, inclusive de uma chapinha. N\u00e3o deixe de acessar e conferir as melhores ofertas do mercado. Veja tamb\u00e9m as melhores op\u00e7\u00f5es de Presentes de Natal e confira as nossas dicas para economizar na data! Quanto gastar na compra de uma chapinha? Voc\u00ea se considera uma pessoa com a vida financeira organizada? Se a resposta for sim, saiba que est\u00e1 no caminho certo! Isso porque, elaborar um planejamento financeiro \u00e9 muito importante para n\u00e3o fazer uma compra e, s\u00f3 depois, perceber que comprometeu o or\u00e7amento. Deste modo, que tal descobrir quanto voc\u00ea dever\u00e1 gastar na compra de uma chapinha? Aqui, depende dos modelos que voc\u00ea procura. Ou seja, as op\u00e7\u00f5es mais b\u00e1sicas e intermedi\u00e1rias podem ser encontradas na faixa de R$ 100 e R$ 300, em m\u00e9dia. Inclusive, \u00e9 poss\u00edvel at\u00e9 mesmo encontrar alguns modelos por menos de R$ 100! Em contrapartida, se voc\u00ea possui um sal\u00e3o de beleza e est\u00e1 em busca de uma chapinha profissional para progressiva, se prepare para gastar maios! Hoje, existem op\u00e7\u00f5es de at\u00e9 R$ 1 mil nas principais lojas do mercado. Para quem a chapinha profissional para progressiva \u00e9 indicada? Como o pr\u00f3prio nome indica, a chapinha profissional para progressiva \u00e9 recomendada para aquelas pessoas que possuem um sal\u00e3o. Afinal de contas, estamos falando de produtos mais potentes. Deste modo, o ideal \u00e9 buscar por aqueles modelos que possuem uma maior capacidade de suportar temperaturas mais elevadas. Isso, principalmente, se ela for utilizada para realizar a progressiva. Se voc\u00ea deseja ter uma maior praticidade ao utilizar uma chapinha profissional para progressiva, busque por produtos com maior versatilidade. Fun\u00e7\u00f5es como o controle de temperatura, por exemplo, pode ser fundamental. Veja tamb\u00e9m: Qual o melhor aquecedor de ambiente? e Black Friday Chapinha para progressiva x escova alisadora No momento de comprar uma chapinha profissional para progressiva, \u00e9 comum se deparar com outros equipamentos no mercado, como a escova secadora ou alisadora. No entanto, qual \u00e9 melhor? Se o intuito \u00e9 aumentar o cuidado com os fios, o mais indicado \u00e9 que voc\u00ea opte por uma chapinha para progressiva. Al\u00e9m disso, o alisamento \u00e9 feito com maior efici\u00eancia em equipamentos profissionais, como \u00e9 o caso das chapinhas. Qual \u00e9 a melhor chapinha profissional para progressiva? Top 15 modelos Modelo Caracter\u00edsticas Pre\u00e7o m\u00e9dio Lizz Professional Smart Titanium O dobro de emiss\u00e3o de \u00edons, placas de titanium extra longas revestidas em cer\u00e2mica e visor LED R$ 500 Lizze Extreme 250\u00ba C Titanium Profissional Atinge a temperatura de 250\u00ba C, a mais alta da lista, al\u00e9m de as placas manterem a temperatura constante R$ 380 MQ Hair Pro Titanium 480 Placa de Titanium, transferindo o calor para o cabelo com maior rapidez R$ 390 MQ Professional Unique Slim Titanium 15 regulagens de temperatura, o que a torna super vers\u00e1til R$ 420 Malina Elite Pink Leopard Alisamentos e modelagens com resist\u00eancia \u00e0 umidade causada por suor e chuvisco R$ 400 Roger BaByliss Nano Titanium Excelente custo-benef\u00edcio e \u00f3timas avalia\u00e7\u00f5es pelos usu\u00e1rios R$ 260 Roger BaByliss Pro Optima 3000 Aquecimento de at\u00e9 240\u00ba C e tamb\u00e9m recomendada para quem quer fazer cachos R$ 550 Taiff Fox \u00cdon 3 Modelo mais barato da lista, tem f\u00e1cil manuseio e resist\u00eancia cer\u00e2mica com temperatura que se controla automaticamente R$ 440 Taiff Titanium 450 Colors Permite modelagens em diferentes sentidos para maior agilidade e precis\u00e3o R$ 400 Taiff Vulcan Atinge a temperatura de 250\u00b0 C e tem perfil de cer\u00e2mica para melhor modelagem R$ 600 Elegance Led Keration Modelo com tecnologia Micro Glitt R$ 290 Eleganza Infinity One Op\u00e7\u00e3o para cabelos longos e volumosos R$ 849 Malina Beauty Op\u00e7\u00e3o com revestimento de turmalina e temperatura m\u00e1xima de at\u00e9 235\u00ba C R$ 599 Taiff Super Mini Modelo ideal para quem gosta de viajar R$ 168 Brit\u00e2nia Titanium Blue Op\u00e7\u00e3o com aquecimento r\u00e1pido e uniforme, garantindo um alisamento perfeito R$ 120 Aproveite o nosso Guia de Compras sobre chapinha para progressiva para escolher a melhor op\u00e7\u00e3o para presente para sogra Caracter\u00edsticas das melhores chapinhas profissionais para progressiva Ao saber dessas caracter\u00edsticas, voc\u00ea ter\u00e1 o embasamento que precisa para tomar uma excelente decis\u00e3o e, assim, ter uma ferramenta de trabalho que entregue toda a temperatura, precis\u00e3o e praticidade que voc\u00ea precisa para o dia a dia na profiss\u00e3o. Ah, os modelos est\u00e3o ordenados alfabeticamente, e n\u00e3o do melhor para o pior. Sendo assim, voc\u00ea poder\u00e1 encontrar mais facilmente as marcas que prefere. Pr\u00e1tico, n\u00e9? Vamos l\u00e1: 1 &#8211; Lizz Professional Smart Titanium A Lizz Professional Smart Titanium \u00e9 uma prancha de alta qualidade, que permite alisar e modelar os fios com praticidade e agilidade. Desse modo, ela libera 2x mais \u00edons, al\u00e9m de possuir placas de titanium extra longas com revestimento em cer\u00e2mica e um visor digital LED para mostrar a temperatura, expressa em Fahrenheit (F). 2 &#8211; Lizze Extreme 250\u00ba C Titanium Profissional Se a Lizze Extreme 250\u00ba C Titanium Profissional n\u00e3o \u00e9 a melhor chapinha profissional para progressiva, certamente \u00e9 uma das melhores. Afinal de contas, a fabricante afirma que \u00e9 poss\u00edvel economizar at\u00e9 70% do tempo com este modelo, que tem uma \u00f3tima temperatura m\u00e1xima de 250\u00ba C. 3 \u2013 MQ Hair Pro Titanium 480 Muitos profissionais que atuam em sal\u00f5es de beleza encontram, na MQ Hair Pro Titanium 480, uma op\u00e7\u00e3o com bastantes recursos e que proporciona um excelente resultado. Tudo come\u00e7a nos 250\u00baC de temperatura m\u00e1xima que, com placas ultra lisas, facilita a sua utiliza\u00e7\u00e3o nas mechas. Al\u00e9m disso, por meio de placas de Titanium, \u00e9 poss\u00edvel transferir o calor para o cabelo com maior rapidez. Logo, \u00e9 poss\u00edvel modelar os fios de forma pr\u00e1tica, sem danific\u00e1-los. 4 &#8211; MQ Professional Unique Slim Titanium A MQ Professional Unique Slim Titanium tem 15 regulagens de temperatura, o que a torna extremamente vers\u00e1til. Ela tamb\u00e9m tem display digital, placas de Titanium que deslizam suavemente, tecnologia IONIC para trazer luminosidade aos fios e duplo canh\u00e3o de \u00edons negativos, al\u00e9m de bivolt autom\u00e1tico. 5 &#8211; Malina Elite Pink Leopard A Malina Elite Pink Leopard \u00e9 um modelo de chapinha para progressiva que pode n\u00e3o ser t\u00e3o conhecido quanto os outros, mas traz recursos de boa qualidade. Dessa forma, ela conta com placas flutuantes 100% tit\u00e2nio, emiss\u00e3o de \u00edons negativos, infravermelho e, de acordo com a marca, resist\u00eancia \u00e0 umidade causada por suor e chuvisco, o que eleva a durabilidade dos resultados. 6 &#8211; Roger BaByliss Nano Titanium Uma das op\u00e7\u00f5es de chapinha profissional para progressiva com o melhor custo-benef\u00edcio \u00e9 a Roger BaByliss Nano Titanium. Afinal, ela traz a tecnologia Nano Titanium\u2122, com um excelente condutor de calor para manter a estabilidade em temperaturas altas, al\u00e9m de controle digital de temperatura, emiss\u00e3o de \u00edons e tecnologia Ryton\u00ae resistente a altas temperaturas. 7 &#8211; Roger BaByliss Pro Optima 3000 A Roger BaByliss Pro Optima 3000 \u00e9 a melhor chapinha profissional para progressiva para quem tamb\u00e9m quer fazer cachos. Desta maneira, com exterior em a\u00e7o inoxid\u00e1vel SUS304, este modelo \u00e9 confort\u00e1vel para uso, al\u00e9m de oferecer 2x a concentra\u00e7\u00e3o de \u00edons e ter placas em tit\u00e2nio para otimizar a transfer\u00eancia de calor. 8 &#8211; Taiff Fox \u00cdon 3 O t\u00edtulo de chapinha para progressiva mais barata da lista vai para a Taiff Fox \u00cdon 3. Fina e de f\u00e1cil manuseio, ela conta com um perfil super deslizante e antiaderente para proporcionar brilho intenso aos fios, o que a torna altamente recomendada para progressivas. Al\u00e9m disso, ela tamb\u00e9m conta com um visor digital e bivolt autom\u00e1tico, aumentando assim o seu desempenho. 9 &#8211; Taiff Titanium 450 Colors Robusta e com \u00f3tima constru\u00e7\u00e3o, a Taiff Titanium merece estar na lista por sua versatilidade, j\u00e1 que os perfis podem ser movimentados em v\u00e1rios sentidos, de modo que a modelagem seja mais r\u00e1pida, precisa e uniforme. Al\u00e9m disso, estamos falando de um modelo que tamb\u00e9m consegue manter constante a temperatura das placas. 10 &#8211; Taiff Vulcan Para fechar a lista de melhor chapinha profissional para progressiva, trazemos a Taiff Vulcan, que entrega 250\u00b0 C de temperatura, o que \u00e9 \u00f3timo para progressivas, especialmente para cabelos com fios mais espessos. Al\u00e9m do perfil de cer\u00e2mica, seu design favorece a movimenta\u00e7\u00e3o em v\u00e1rios perfis para uma modelagem magn\u00edfica. 11 \u2013 Elegance Led Keration &#8211; Gama Italy Se voc\u00ea est\u00e1 em busca de um modelo leve, de f\u00e1cil manuseio e com aquecimento r\u00e1pido, a Elegance Led Keration \u00e9 uma boa op\u00e7\u00e3o. A chapinha da Gama Italy conta com a tecnologia Micro Glitt, que possui a fun\u00e7\u00e3o de proteger a queratina natural do cabelo. Assim, voc\u00ea n\u00e3o corre o risco de ver os fios se desgastarem. 12 \u2013 Lizze Supreme Um modelo que, apesar do pre\u00e7o mais elevado, \u00e9 capaz de proporcionar uma experi\u00eancia incr\u00edvel \u00e9 a Lizze Supreme. Aqui, temos uma op\u00e7\u00e3o indicada tanto para cabelos longos, como tamb\u00e9m volumosos. Deste modo, com revestimento de tit\u00e2nio, o modelo da Lizze possui temperatura m\u00e1xima de 250\u00baC. Logo, voc\u00ea ter\u00e1 uma prancha com r\u00e1pido aquecimento. 13 &#8211; Malina Beauty Nova Turmalina Coral A&#8230;<\/p>\n","protected":false},"author":13,"featured_media":36032,"comment_status":"open","ping_status":"open","sticky":false,"template":"","format":"standard","meta":{"_jetpack_memberships_contains_paid_content":false,"footnotes":""},"categories":[1623],"tags":[],"class_list":["post-36007","post","type-post","status-publish","format-standard","has-post-thumbnail","hentry","category-guia-de-compras"],"yoast_head":"<!-- This site is optimized with the Yoast SEO plugin v25.4 - https:\/\/yoast.com\/wordpress\/plugins\/seo\/ -->\n<title>Melhor chapinha profissional para progressiva: 15 op\u00e7\u00f5es em 2024<\/title>\n<meta name=\"description\" content=\"Quer descobrir qual \u00e9 a melhor chapinha profissional para progressiva para ganhar tempo e qualidade em seu atendimento? Acesse e confira!\" \/>\n<meta name=\"robots\" content=\"index, follow, max-snippet:-1, max-image-preview:large, max-video-preview:-1\" \/>\n<link rel=\"canonical\" href=\"https:\/\/www.meliuz.com.br\/blog\/chapinha-profissional-para-progressiva\/\" \/>\n<meta property=\"og:locale\" content=\"pt_BR\" \/>\n<meta property=\"og:type\" content=\"article\" \/>\n<meta property=\"og:title\" content=\"Melhor chapinha profissional para progressiva: 15 op\u00e7\u00f5es em 2024\" \/>\n<meta property=\"og:description\" content=\"Quer descobrir qual \u00e9 a melhor chapinha profissional para progressiva para ganhar tempo e qualidade em seu atendimento? Acesse e confira!\" \/>\n<meta property=\"og:url\" content=\"https:\/\/www.meliuz.com.br\/blog\/chapinha-profissional-para-progressiva\/\" \/>\n<meta property=\"og:site_name\" content=\"M\u00e9liuz\" \/>\n<meta property=\"article:publisher\" content=\"https:\/\/www.facebook.com\/Meliuz\" \/>\n<meta property=\"article:published_time\" content=\"2023-12-29T13:08:50+00:00\" \/>\n<meta property=\"article:modified_time\" content=\"2023-12-29T13:08:53+00:00\" \/>\n<meta property=\"og:image\" content=\"https:\/\/www.meliuz.com.br\/blog\/wp-content\/uploads\/2020\/10\/Capa-para-post-no-Blog-do-M\u00e9liuz-Melhor-chapinha-profissional-para-progressiva-20201015-HL-Aquisi\u00e7\u00e3o.png\" \/>\n\t<meta property=\"og:image:width\" content=\"1000\" \/>\n\t<meta property=\"og:image:height\" content=\"652\" \/>\n\t<meta property=\"og:image:type\" content=\"image\/png\" \/>\n<meta name=\"author\" content=\"Bruna do M\u00e9liuz\" \/>\n<meta name=\"twitter:card\" content=\"summary_large_image\" \/>\n<meta name=\"twitter:creator\" content=\"@MeliuzOficial\" \/>\n<meta name=\"twitter:site\" content=\"@MeliuzOficial\" \/>\n<meta name=\"twitter:label1\" content=\"Escrito por\" \/>\n\t<meta name=\"twitter:data1\" content=\"Bruna do M\u00e9liuz\" \/>\n\t<meta name=\"twitter:label2\" content=\"Est. tempo de leitura\" \/>\n\t<meta name=\"twitter:data2\" content=\"26 minutos\" \/>\n<script type=\"application\/ld+json\" class=\"yoast-schema-graph\">{\"@context\":\"https:\/\/schema.org\",\"@graph\":[{\"@type\":\"Article\",\"@id\":\"https:\/\/www.meliuz.com.br\/blog\/chapinha-profissional-para-progressiva\/#article\",\"isPartOf\":{\"@id\":\"https:\/\/www.meliuz.com.br\/blog\/chapinha-profissional-para-progressiva\/\"},\"author\":{\"name\":\"Bruna do M\u00e9liuz\",\"@id\":\"https:\/\/www.meliuz.com.br\/blog\/#\/schema\/person\/b4cfb14129773056c4332eb99ae412c2\"},\"headline\":\"Qual \u00e9 a melhor chapinha profissional para progressiva de 2024?\",\"datePublished\":\"2023-12-29T13:08:50+00:00\",\"dateModified\":\"2023-12-29T13:08:53+00:00\",\"mainEntityOfPage\":{\"@id\":\"https:\/\/www.meliuz.com.br\/blog\/chapinha-profissional-para-progressiva\/\"},\"wordCount\":5259,\"commentCount\":5,\"publisher\":{\"@id\":\"https:\/\/www.meliuz.com.br\/blog\/#organization\"},\"image\":{\"@id\":\"https:\/\/www.meliuz.com.br\/blog\/chapinha-profissional-para-progressiva\/#primaryimage\"},\"thumbnailUrl\":\"https:\/\/www.meliuz.com.br\/blog\/wp-content\/uploads\/2020\/10\/Capa-para-post-no-Blog-do-M\u00e9liuz-Melhor-chapinha-profissional-para-progressiva-20201015-HL-Aquisi\u00e7\u00e3o.png\",\"articleSection\":[\"Guia de Compras\"],\"inLanguage\":\"pt-BR\",\"potentialAction\":[{\"@type\":\"CommentAction\",\"name\":\"Comment\",\"target\":[\"https:\/\/www.meliuz.com.br\/blog\/chapinha-profissional-para-progressiva\/#respond\"]}]},{\"@type\":\"WebPage\",\"@id\":\"https:\/\/www.meliuz.com.br\/blog\/chapinha-profissional-para-progressiva\/\",\"url\":\"https:\/\/www.meliuz.com.br\/blog\/chapinha-profissional-para-progressiva\/\",\"name\":\"Melhor chapinha profissional para progressiva: 15 op\u00e7\u00f5es em 2024\",\"isPartOf\":{\"@id\":\"https:\/\/www.meliuz.com.br\/blog\/#website\"},\"primaryImageOfPage\":{\"@id\":\"https:\/\/www.meliuz.com.br\/blog\/chapinha-profissional-para-progressiva\/#primaryimage\"},\"image\":{\"@id\":\"https:\/\/www.meliuz.com.br\/blog\/chapinha-profissional-para-progressiva\/#primaryimage\"},\"thumbnailUrl\":\"https:\/\/www.meliuz.com.br\/blog\/wp-content\/uploads\/2020\/10\/Capa-para-post-no-Blog-do-M\u00e9liuz-Melhor-chapinha-profissional-para-progressiva-20201015-HL-Aquisi\u00e7\u00e3o.png\",\"datePublished\":\"2023-12-29T13:08:50+00:00\",\"dateModified\":\"2023-12-29T13:08:53+00:00\",\"description\":\"Quer descobrir qual \u00e9 a melhor chapinha profissional para progressiva para ganhar tempo e qualidade em seu atendimento? Acesse e confira!\",\"breadcrumb\":{\"@id\":\"https:\/\/www.meliuz.com.br\/blog\/chapinha-profissional-para-progressiva\/#breadcrumb\"},\"inLanguage\":\"pt-BR\",\"potentialAction\":[{\"@type\":\"ReadAction\",\"target\":[\"https:\/\/www.meliuz.com.br\/blog\/chapinha-profissional-para-progressiva\/\"]}]},{\"@type\":\"ImageObject\",\"inLanguage\":\"pt-BR\",\"@id\":\"https:\/\/www.meliuz.com.br\/blog\/chapinha-profissional-para-progressiva\/#primaryimage\",\"url\":\"https:\/\/www.meliuz.com.br\/blog\/wp-content\/uploads\/2020\/10\/Capa-para-post-no-Blog-do-M\u00e9liuz-Melhor-chapinha-profissional-para-progressiva-20201015-HL-Aquisi\u00e7\u00e3o.png\",\"contentUrl\":\"https:\/\/www.meliuz.com.br\/blog\/wp-content\/uploads\/2020\/10\/Capa-para-post-no-Blog-do-M\u00e9liuz-Melhor-chapinha-profissional-para-progressiva-20201015-HL-Aquisi\u00e7\u00e3o.png\",\"width\":1000,\"height\":652,\"caption\":\"melhor chapinha profissional para progressiva\"},{\"@type\":\"BreadcrumbList\",\"@id\":\"https:\/\/www.meliuz.com.br\/blog\/chapinha-profissional-para-progressiva\/#breadcrumb\",\"itemListElement\":[{\"@type\":\"ListItem\",\"position\":1,\"name\":\"Blog\",\"item\":\"https:\/\/www.meliuz.com.br\/blog\/\"},{\"@type\":\"ListItem\",\"position\":2,\"name\":\"Qual \u00e9 a melhor chapinha profissional para progressiva de 2024?\"}]},{\"@type\":\"WebSite\",\"@id\":\"https:\/\/www.meliuz.com.br\/blog\/#website\",\"url\":\"https:\/\/www.meliuz.com.br\/blog\/\",\"name\":\"M\u00e9liuz\",\"description\":\"Dicas de compras, cupons de desconto, cashback e mais\",\"publisher\":{\"@id\":\"https:\/\/www.meliuz.com.br\/blog\/#organization\"},\"potentialAction\":[{\"@type\":\"SearchAction\",\"target\":{\"@type\":\"EntryPoint\",\"urlTemplate\":\"https:\/\/www.meliuz.com.br\/blog\/?s={search_term_string}\"},\"query-input\":{\"@type\":\"PropertyValueSpecification\",\"valueRequired\":true,\"valueName\":\"search_term_string\"}}],\"inLanguage\":\"pt-BR\"},{\"@type\":\"Organization\",\"@id\":\"https:\/\/www.meliuz.com.br\/blog\/#organization\",\"name\":\"M\u00e9liuz\",\"url\":\"https:\/\/www.meliuz.com.br\/blog\/\",\"logo\":{\"@type\":\"ImageObject\",\"inLanguage\":\"pt-BR\",\"@id\":\"https:\/\/www.meliuz.com.br\/blog\/#\/schema\/logo\/image\/\",\"url\":\"https:\/\/www.meliuz.com.br\/blog\/wp-content\/uploads\/2022\/02\/meliuz-blog.png\",\"contentUrl\":\"https:\/\/www.meliuz.com.br\/blog\/wp-content\/uploads\/2022\/02\/meliuz-blog.png\",\"width\":300,\"height\":100,\"caption\":\"M\u00e9liuz\"},\"image\":{\"@id\":\"https:\/\/www.meliuz.com.br\/blog\/#\/schema\/logo\/image\/\"},\"sameAs\":[\"https:\/\/www.facebook.com\/Meliuz\",\"https:\/\/x.com\/MeliuzOficial\",\"http:\/\/instagram.com\/meliuzoficial\/\"]},{\"@type\":\"Person\",\"@id\":\"https:\/\/www.meliuz.com.br\/blog\/#\/schema\/person\/b4cfb14129773056c4332eb99ae412c2\",\"name\":\"Bruna do M\u00e9liuz\",\"description\":\"Acho que dinheiro \u00e9 uma ferramenta sensacional para aproveitar ao m\u00e1ximo a vida! Por isso sempre procuro descontos, dinheiro de volta e formas de fazer o meu dinheiro render muito! N\u00e3o abro m\u00e3o de conforto, excelentes experi\u00eancias e comprar o que quero - e quero compartilhar como consigo isso com voc\u00eas!\",\"url\":\"https:\/\/www.meliuz.com.br\/blog\/author\/brunadomeliuz\/\"}]}<\/script>\n<!-- \/ Yoast SEO plugin. -->","yoast_head_json":{"title":"Melhor chapinha profissional para progressiva: 15 op\u00e7\u00f5es em 2024","description":"Quer descobrir qual \u00e9 a melhor chapinha profissional para progressiva para ganhar tempo e qualidade em seu atendimento? Acesse e confira!","robots":{"index":"index","follow":"follow","max-snippet":"max-snippet:-1","max-image-preview":"max-image-preview:large","max-video-preview":"max-video-preview:-1"},"canonical":"https:\/\/www.meliuz.com.br\/blog\/chapinha-profissional-para-progressiva\/","og_locale":"pt_BR","og_type":"article","og_title":"Melhor chapinha profissional para progressiva: 15 op\u00e7\u00f5es em 2024","og_description":"Quer descobrir qual \u00e9 a melhor chapinha profissional para progressiva para ganhar tempo e qualidade em seu atendimento? Acesse e confira!","og_url":"https:\/\/www.meliuz.com.br\/blog\/chapinha-profissional-para-progressiva\/","og_site_name":"M\u00e9liuz","article_publisher":"https:\/\/www.facebook.com\/Meliuz","article_published_time":"2023-12-29T13:08:50+00:00","article_modified_time":"2023-12-29T13:08:53+00:00","og_image":[{"width":1000,"height":652,"url":"https:\/\/www.meliuz.com.br\/blog\/wp-content\/uploads\/2020\/10\/Capa-para-post-no-Blog-do-M\u00e9liuz-Melhor-chapinha-profissional-para-progressiva-20201015-HL-Aquisi\u00e7\u00e3o.png","type":"image\/png"}],"author":"Bruna do M\u00e9liuz","twitter_card":"summary_large_image","twitter_creator":"@MeliuzOficial","twitter_site":"@MeliuzOficial","twitter_misc":{"Escrito por":"Bruna do M\u00e9liuz","Est. tempo de leitura":"26 minutos"},"schema":{"@context":"https:\/\/schema.org","@graph":[{"@type":"Article","@id":"https:\/\/www.meliuz.com.br\/blog\/chapinha-profissional-para-progressiva\/#article","isPartOf":{"@id":"https:\/\/www.meliuz.com.br\/blog\/chapinha-profissional-para-progressiva\/"},"author":{"name":"Bruna do M\u00e9liuz","@id":"https:\/\/www.meliuz.com.br\/blog\/#\/schema\/person\/b4cfb14129773056c4332eb99ae412c2"},"headline":"Qual \u00e9 a melhor chapinha profissional para progressiva de 2024?","datePublished":"2023-12-29T13:08:50+00:00","dateModified":"2023-12-29T13:08:53+00:00","mainEntityOfPage":{"@id":"https:\/\/www.meliuz.com.br\/blog\/chapinha-profissional-para-progressiva\/"},"wordCount":5259,"commentCount":5,"publisher":{"@id":"https:\/\/www.meliuz.com.br\/blog\/#organization"},"image":{"@id":"https:\/\/www.meliuz.com.br\/blog\/chapinha-profissional-para-progressiva\/#primaryimage"},"thumbnailUrl":"https:\/\/www.meliuz.com.br\/blog\/wp-content\/uploads\/2020\/10\/Capa-para-post-no-Blog-do-M\u00e9liuz-Melhor-chapinha-profissional-para-progressiva-20201015-HL-Aquisi\u00e7\u00e3o.png","articleSection":["Guia de Compras"],"inLanguage":"pt-BR","potentialAction":[{"@type":"CommentAction","name":"Comment","target":["https:\/\/www.meliuz.com.br\/blog\/chapinha-profissional-para-progressiva\/#respond"]}]},{"@type":"WebPage","@id":"https:\/\/www.meliuz.com.br\/blog\/chapinha-profissional-para-progressiva\/","url":"https:\/\/www.meliuz.com.br\/blog\/chapinha-profissional-para-progressiva\/","name":"Melhor chapinha profissional para progressiva: 15 op\u00e7\u00f5es em 2024","isPartOf":{"@id":"https:\/\/www.meliuz.com.br\/blog\/#website"},"primaryImageOfPage":{"@id":"https:\/\/www.meliuz.com.br\/blog\/chapinha-profissional-para-progressiva\/#primaryimage"},"image":{"@id":"https:\/\/www.meliuz.com.br\/blog\/chapinha-profissional-para-progressiva\/#primaryimage"},"thumbnailUrl":"https:\/\/www.meliuz.com.br\/blog\/wp-content\/uploads\/2020\/10\/Capa-para-post-no-Blog-do-M\u00e9liuz-Melhor-chapinha-profissional-para-progressiva-20201015-HL-Aquisi\u00e7\u00e3o.png","datePublished":"2023-12-29T13:08:50+00:00","dateModified":"2023-12-29T13:08:53+00:00","description":"Quer descobrir qual \u00e9 a melhor chapinha profissional para progressiva para ganhar tempo e qualidade em seu atendimento? Acesse e confira!","breadcrumb":{"@id":"https:\/\/www.meliuz.com.br\/blog\/chapinha-profissional-para-progressiva\/#breadcrumb"},"inLanguage":"pt-BR","potentialAction":[{"@type":"ReadAction","target":["https:\/\/www.meliuz.com.br\/blog\/chapinha-profissional-para-progressiva\/"]}]},{"@type":"ImageObject","inLanguage":"pt-BR","@id":"https:\/\/www.meliuz.com.br\/blog\/chapinha-profissional-para-progressiva\/#primaryimage","url":"https:\/\/www.meliuz.com.br\/blog\/wp-content\/uploads\/2020\/10\/Capa-para-post-no-Blog-do-M\u00e9liuz-Melhor-chapinha-profissional-para-progressiva-20201015-HL-Aquisi\u00e7\u00e3o.png","contentUrl":"https:\/\/www.meliuz.com.br\/blog\/wp-content\/uploads\/2020\/10\/Capa-para-post-no-Blog-do-M\u00e9liuz-Melhor-chapinha-profissional-para-progressiva-20201015-HL-Aquisi\u00e7\u00e3o.png","width":1000,"height":652,"caption":"melhor chapinha profissional para progressiva"},{"@type":"BreadcrumbList","@id":"https:\/\/www.meliuz.com.br\/blog\/chapinha-profissional-para-progressiva\/#breadcrumb","itemListElement":[{"@type":"ListItem","position":1,"name":"Blog","item":"https:\/\/www.meliuz.com.br\/blog\/"},{"@type":"ListItem","position":2,"name":"Qual \u00e9 a melhor chapinha profissional para progressiva de 2024?"}]},{"@type":"WebSite","@id":"https:\/\/www.meliuz.com.br\/blog\/#website","url":"https:\/\/www.meliuz.com.br\/blog\/","name":"M\u00e9liuz","description":"Dicas de compras, cupons de desconto, cashback e mais","publisher":{"@id":"https:\/\/www.meliuz.com.br\/blog\/#organization"},"potentialAction":[{"@type":"SearchAction","target":{"@type":"EntryPoint","urlTemplate":"https:\/\/www.meliuz.com.br\/blog\/?s={search_term_string}"},"query-input":{"@type":"PropertyValueSpecification","valueRequired":true,"valueName":"search_term_string"}}],"inLanguage":"pt-BR"},{"@type":"Organization","@id":"https:\/\/www.meliuz.com.br\/blog\/#organization","name":"M\u00e9liuz","url":"https:\/\/www.meliuz.com.br\/blog\/","logo":{"@type":"ImageObject","inLanguage":"pt-BR","@id":"https:\/\/www.meliuz.com.br\/blog\/#\/schema\/logo\/image\/","url":"https:\/\/www.meliuz.com.br\/blog\/wp-content\/uploads\/2022\/02\/meliuz-blog.png","contentUrl":"https:\/\/www.meliuz.com.br\/blog\/wp-content\/uploads\/2022\/02\/meliuz-blog.png","width":300,"height":100,"caption":"M\u00e9liuz"},"image":{"@id":"https:\/\/www.meliuz.com.br\/blog\/#\/schema\/logo\/image\/"},"sameAs":["https:\/\/www.facebook.com\/Meliuz","https:\/\/x.com\/MeliuzOficial","http:\/\/instagram.com\/meliuzoficial\/"]},{"@type":"Person","@id":"https:\/\/www.meliuz.com.br\/blog\/#\/schema\/person\/b4cfb14129773056c4332eb99ae412c2","name":"Bruna do M\u00e9liuz","description":"Acho que dinheiro \u00e9 uma ferramenta sensacional para aproveitar ao m\u00e1ximo a vida! Por isso sempre procuro descontos, dinheiro de volta e formas de fazer o meu dinheiro render muito! N\u00e3o abro m\u00e3o de conforto, excelentes experi\u00eancias e comprar o que quero - e quero compartilhar como consigo isso com voc\u00eas!","url":"https:\/\/www.meliuz.com.br\/blog\/author\/brunadomeliuz\/"}]}},"jetpack_sharing_enabled":true,"jetpack_featured_media_url":"https:\/\/www.meliuz.com.br\/blog\/wp-content\/uploads\/2020\/10\/Capa-para-post-no-Blog-do-M\u00e9liuz-Melhor-chapinha-profissional-para-progressiva-20201015-HL-Aquisi\u00e7\u00e3o.png","_links":{"self":[{"href":"https:\/\/www.meliuz.com.br\/blog\/wp-json\/wp\/v2\/posts\/36007","targetHints":{"allow":["GET"]}}],"collection":[{"href":"https:\/\/www.meliuz.com.br\/blog\/wp-json\/wp\/v2\/posts"}],"about":[{"href":"https:\/\/www.meliuz.com.br\/blog\/wp-json\/wp\/v2\/types\/post"}],"author":[{"embeddable":true,"href":"https:\/\/www.meliuz.com.br\/blog\/wp-json\/wp\/v2\/users\/13"}],"replies":[{"embeddable":true,"href":"https:\/\/www.meliuz.com.br\/blog\/wp-json\/wp\/v2\/comments?post=36007"}],"version-history":[{"count":38,"href":"https:\/\/www.meliuz.com.br\/blog\/wp-json\/wp\/v2\/posts\/36007\/revisions"}],"predecessor-version":[{"id":50352,"href":"https:\/\/www.meliuz.com.br\/blog\/wp-json\/wp\/v2\/posts\/36007\/revisions\/50352"}],"wp:featuredmedia":[{"embeddable":true,"href":"https:\/\/www.meliuz.com.br\/blog\/wp-json\/wp\/v2\/media\/36032"}],"wp:attachment":[{"href":"https:\/\/www.meliuz.com.br\/blog\/wp-json\/wp\/v2\/media?parent=36007"}],"wp:term":[{"taxonomy":"category","embeddable":true,"href":"https:\/\/www.meliuz.com.br\/blog\/wp-json\/wp\/v2\/categories?post=36007"},{"taxonomy":"post_tag","embeddable":true,"href":"https:\/\/www.meliuz.com.br\/blog\/wp-json\/wp\/v2\/tags?post=36007"}],"curies":[{"name":"wp","href":"https:\/\/api.w.org\/{rel}","templated":true}]}}