{"id":38384,"date":"2022-10-04T11:00:00","date_gmt":"2022-10-04T14:00:00","guid":{"rendered":"https:\/\/www.meliuz.com.br\/blog\/?p=38384"},"modified":"2025-11-09T14:26:06","modified_gmt":"2025-11-09T17:26:06","slug":"black-friday-2025-pesquisa","status":"publish","type":"post","link":"https:\/\/www.meliuz.com.br\/blog\/black-friday-2025-pesquisa\/","title":{"rendered":"Black Friday 2025: Confira nossa pesquisa de inten\u00e7\u00e3o de compra"},"content":{"rendered":"\n<p>A <a href=\"https:\/\/www.meliuz.com.br\/black-friday\" target=\"_blank\" rel=\"noreferrer noopener\">Black Friday <\/a> passou e, de acordo com a pesquisa de inten\u00e7\u00e3o de compra feita pelo M\u00e9liuz, <strong>71% das pessoas entrevistadas pretendiam ir \u00e0s compras durante a data.<\/strong><\/p>\n\n\n\n<p>Ao contr\u00e1rio do que se viu em 2020, onde boa parte dos entrevistados pretendia comprar itens de necessidade, em 2025, mais da metade das pessoas declararam que desejavam ir \u00e0s compras.<\/p>\n\n\n\n<p>Sendo assim,<strong> que tal conhecermos quais foram os principais <em>insights<\/em> da Black Friday 202<\/strong>5? A seguir, acompanhe com a gente tudo o que rolou na \u00faltima edi\u00e7\u00e3o do evento e quais foram as prefer\u00eancias dos consumidores, vamos l\u00e1?<\/p>\n\n\n\n<p>Antes, <strong>aproveite para baixar o app do M\u00e9liuz no seu celular<\/strong>! De forma gratuita, voc\u00ea encontra as principais oportunidades para economizar nas suas compras para a Black Friday 2022!<\/p>\n\n\n\n<div class=\"wp-block-buttons is-layout-flex wp-block-buttons-is-layout-flex\">\n<div class=\"wp-block-button\"><a class=\"wp-block-button__link has-background wp-element-button\" href=\"https:\/\/meliuz.onelink.me\/2657008059\/srbzowee\" style=\"background-color:#f34986\" target=\"_blank\" rel=\"noreferrer noopener\">Baixe o app do M\u00e9liuz<\/a><\/div>\n<\/div>\n\n\n\n<p><strong>Aproveite para conferir tamb\u00e9m a nossa nova <\/strong><a href=\"https:\/\/www.meliuz.com.br\/blog\/pesquisa-de-intencao-de-compra-black-friday-2022\/\" target=\"_blank\" rel=\"noreferrer noopener\">Pesquisa de Inten\u00e7\u00e3o de Compra para a Black Friday 2022<\/a><\/p>\n\n\n\n<h2 class=\"wp-block-heading\"><strong>O que \u00e9 a Black Friday?<\/strong><\/h2>\n\n\n\n<p>Toda pessoa que j\u00e1 fez ao menos uma compra online na vida j\u00e1 deve ter ouvido falar sobre a Black Friday.  O evento, <strong>comemorado sempre na \u00faltima sexta-feira de novembro<\/strong>, traz consigo uma s\u00e9rie de promo\u00e7\u00f5es e ofertas especiais.<\/p>\n\n\n\n<p>Aqui, o foco principal \u00e9 movimentar o mercado na reta final do ano. Desta maneira, tanto lojistas quanto consumidores se aproveitam da data. <\/p>\n\n\n\n<p>Sendo assim, a Black Friday, que surgiu nos Estados Unidos, <strong>hoje \u00e9 um sucesso em diversos outros pa\u00edses, como \u00e9 o caso do Brasil<\/strong>. O que faz com que milhares de consumidores busquem economizar na hora de fazer as suas compras!<\/p>\n\n\n\n<p>Com isso, que tal conferir como foi a Black Friday no ano de 2025? Portanto, confira a seguir os principais pontos da nossa pesquisa de inten\u00e7\u00e3o de compra:<\/p>\n\n\n\n<h2 class=\"wp-block-heading\"><strong>Como foi a Black Friday 2025?<\/strong><\/h2>\n\n\n\n<p>A Black Friday j\u00e1 caiu no gosto de boa parte dos lojistas e dos consumidores. A data chegou ao Brasil em 2010 e, hoje, j\u00e1 se tornou um dos eventos mais importantes do varejo brasileiro.<\/p>\n\n\n\n<p>Prova disso \u00e9 que <strong>60,9% dos entrevistados em 2025 j\u00e1 fizeram alguma compra nas edi\u00e7\u00f5es dos anos anteriores<\/strong>. Afinal, estamos falando de uma data que se apresenta como uma \u00f3tima possibilidade de economizar!<\/p>\n\n\n\n<p>Desta maneira, <strong>a Black Friday 2025 foi vista por 17,3% das pessoas que responderam a pesquisa como uma excelente oportunidade para antecipar as <a href=\"https:\/\/www.meliuz.com.br\/blog\/presentes-de-natal\/\" target=\"_blank\" rel=\"noreferrer noopener\">compras de natal<\/a>.<\/strong><\/p>\n\n\n\n<p>Confira abaixo todas as informa\u00e7\u00f5es coletadas na pesquisa de inten\u00e7\u00e3o de compra para a Black Friday 2025!<\/p>\n\n\n\n<p><strong>Leia tamb\u00e9m: <\/strong><a href=\"https:\/\/www.meliuz.com.br\/blog\/black-friday-brasil\/\" target=\"_blank\" rel=\"noreferrer noopener\">Black Friday Brasil<\/a><\/p>\n\n\n<div class=\"wp-block-image\">\n<figure class=\"aligncenter size-full\"><img loading=\"lazy\" decoding=\"async\" width=\"1200\" height=\"5650\" src=\"https:\/\/www.meliuz.com.br\/blog\/wp-content\/uploads\/2021\/09\/Infogr\u00e1fico-Pesquisa-11.png\" alt=\"\" class=\"wp-image-38403\" srcset=\"https:\/\/www.meliuz.com.br\/blog\/wp-content\/uploads\/2021\/09\/Infogr\u00e1fico-Pesquisa-11.png 1200w, https:\/\/www.meliuz.com.br\/blog\/wp-content\/uploads\/2021\/09\/Infogr\u00e1fico-Pesquisa-11-64x300.png 64w, https:\/\/www.meliuz.com.br\/blog\/wp-content\/uploads\/2021\/09\/Infogr\u00e1fico-Pesquisa-11-768x3616.png 768w, https:\/\/www.meliuz.com.br\/blog\/wp-content\/uploads\/2021\/09\/Infogr\u00e1fico-Pesquisa-11-326x1536.png 326w, https:\/\/www.meliuz.com.br\/blog\/wp-content\/uploads\/2021\/09\/Infogr\u00e1fico-Pesquisa-11-435x2048.png 435w\" sizes=\"auto, (max-width: 1200px) 100vw, 1200px\" \/><\/figure><\/div>\n\n\n<h3 class=\"wp-block-heading\"><strong>Como economizar durante a Black Friday?<\/strong><\/h3>\n\n\n\n<p>Sem sombra de d\u00favidas, a Black Friday est\u00e1 associada a um desejo em comum entre os consumidores: economizar.<\/p>\n\n\n\n<p>\u00c9 o que faz com que <strong>60,7% dos entrevistados em 2025 tenham o pre\u00e7o como fator decisivo no momento de compra<\/strong>. Outros <strong>13,4% aproveitam incentivos como cashback e cupons de desconto<\/strong> para aproveitarem a data da melhor forma.<\/p>\n\n\n\n<p>Al\u00e9m disso,<strong> 12,6% das pessoas consideram os benef\u00edcios como frete gr\u00e1tis o fator decisivo para fazer uma compra<\/strong>.&nbsp;<\/p>\n\n\n\n<p>Desta forma, a Black Friday surge como uma das oportunidades de fazer as suas compras com maior economia. Afinal, s\u00e3o centenas de sites e lojas com descontos e ofertas incr\u00edveis!<\/p>\n\n\n\n<p><strong>Veja formas de fazer<\/strong> <a href=\"https:\/\/www.meliuz.com.br\/blog\/renda-extra-2022\/\" target=\"_blank\" rel=\"noreferrer noopener\">renda extra em 2022<\/a>!<\/p>\n\n\n\n<h3 class=\"wp-block-heading\"><strong>Quais as melhores lojas para comprar na Black Friday?<\/strong><\/h3>\n\n\n\n<p>Se voc\u00ea deseja economizar muito na Black Friday 2022 que, inclusive, <strong>est\u00e1 quase chegando<\/strong>, \u00e9 muito importante conhecer quais s\u00e3o as melhores lojas do mercado!<\/p>\n\n\n\n<p>A sexta-feira mais aguardada do ano <strong>ser\u00e1 realizada no dia 25 de novembro<\/strong> e, deste modo, nada melhor do que se planejar, n\u00e9?<\/p>\n\n\n\n<p>Desta forma, selecionamos algumas op\u00e7\u00f5es de <a href=\"https:\/\/www.meliuz.com.br\/blog\/as-melhores-lojas-para-comprar-na-black-friday\/\" target=\"_blank\" rel=\"noreferrer noopener\">lojas para fazer as suas compras na Black Friday<\/a>. Veja com a gente:<\/p>\n\n\n\n<ul class=\"wp-block-list\">\n<li><a href=\"https:\/\/www.meliuz.com.br\/desconto\/cupom-desconto-amazon\" target=\"_blank\" rel=\"noreferrer noopener\">Amazon<\/a>;<\/li>\n\n\n\n<li><a href=\"https:\/\/www.meliuz.com.br\/desconto\/cupom-shopee\" target=\"_blank\" rel=\"noreferrer noopener\">Shopee<\/a>;<\/li>\n\n\n\n<li><a href=\"https:\/\/www.meliuz.com.br\/desconto\/cupom-shoptime\" target=\"_blank\" rel=\"noreferrer noopener\">Shoptime<\/a>;<\/li>\n\n\n\n<li><a href=\"https:\/\/www.meliuz.com.br\/desconto\/cupom-submarino\" target=\"_blank\" rel=\"noreferrer noopener\">Submarino<\/a>;<\/li>\n\n\n\n<li><a href=\"https:\/\/www.meliuz.com.br\/desconto\/cupom-americanas\" target=\"_blank\" rel=\"noreferrer noopener\">Americanas<\/a>;<\/li>\n\n\n\n<li><a href=\"https:\/\/www.meliuz.com.br\/desconto\/cupom-ponto-frio\" target=\"_blank\" rel=\"noreferrer noopener\">Ponto Frio<\/a>;<\/li>\n\n\n\n<li><a href=\"https:\/\/www.meliuz.com.br\/desconto\/cupom-kabum\" target=\"_blank\" rel=\"noreferrer noopener\">KaBum!<\/a>;<\/li>\n\n\n\n<li><a href=\"https:\/\/www.meliuz.com.br\/desconto\/cupom-casas-bahia\" target=\"_blank\" rel=\"noreferrer noopener\">Casas Bahia<\/a>;<\/li>\n\n\n\n<li><a href=\"https:\/\/www.meliuz.com.br\/desconto\/cupom-magazine-luiza\" target=\"_blank\" rel=\"noreferrer noopener\">Magazine Luiza<\/a>;<\/li>\n\n\n\n<li>Entre outros.<\/li>\n<\/ul>\n\n\n\n<p><strong>Al\u00e9m disso, acompanhe o nosso Guia de Compras sobre<\/strong> <a href=\"https:\/\/www.meliuz.com.br\/blog\/notebook-na-black-friday\/\" target=\"_blank\" rel=\"noreferrer noopener\">notebook na Black Friday<\/a> <strong>e<\/strong> <a href=\"https:\/\/www.meliuz.com.br\/blog\/celular-na-black-friday\/\" target=\"_blank\" rel=\"noreferrer noopener\">Celular na Black Friday<\/a><\/p>\n\n\n\n<h3 class=\"wp-block-heading\"><strong>Como aproveitar a Black Friday?<\/strong><\/h3>\n\n\n\n<p>Se voc\u00ea deseja fazer as suas compras com economia, n\u00e3o deixe de aproveitar as melhores ofertas e condi\u00e7\u00f5es especiais da internet durante a Black Friday.<\/p>\n\n\n\n<p>Desta maneira, em 2022, ser\u00e3o centenas de lojas com promo\u00e7\u00f5es e descontos imperd\u00edveis, sendo que algumas delas disponibilizam todo o m\u00eas de novembro para que voc\u00ea fa\u00e7a as suas compras e economize!<\/p>\n\n\n\n<p>E, se voc\u00ea \u00e9 uma daquelas pessoas apaixonadas por descontos, n\u00e3o perca a oportunidade de economizar com o M\u00e9liuz. <strong>Voc\u00ea tem \u00e0 sua disposi\u00e7\u00e3o muito <a href=\"https:\/\/www.meliuz.com.br\/cupom\" target=\"_blank\" rel=\"noreferrer noopener\">Cupom de Desconto <\/a>e <a href=\"https:\/\/www.meliuz.com.br\/blog\/o-que-e-cashback\/\" target=\"_blank\" rel=\"noreferrer noopener\">Cashback<\/a> nas suas compras<\/strong>.<\/p>\n\n\n\n<p>Ou seja, <strong>\u00e9 o seu dinheiro voltando para o seu bolso a cada compra feita!<\/strong> Portanto, conte com o M\u00e9liuz para fazer as suas compras durante a Black Friday e aproveite todos os benef\u00edcios!<\/p>\n\n\n\n<div class=\"wp-block-buttons is-layout-flex wp-block-buttons-is-layout-flex\">\n<div class=\"wp-block-button\"><a class=\"wp-block-button__link has-background wp-element-button\" href=\"https:\/\/www.meliuz.com.br\/registrar?utm_campaign=black-friday-2021-pesquisa&amp;utm_medium=botao&amp;utm_source=blog&amp;utm_content=cadastro\" style=\"background-color:#f34986\" target=\"_blank\" rel=\"noreferrer noopener\">Ganhe cashback com o M\u00e9liuz<\/a><\/div>\n<\/div>\n","protected":false},"excerpt":{"rendered":"<p>A Black Friday passou e, de acordo com a pesquisa de inten\u00e7\u00e3o de compra feita pelo M\u00e9liuz, 71% das pessoas entrevistadas pretendiam ir \u00e0s compras durante a data. Ao contr\u00e1rio do que se viu em 2020, onde boa parte dos entrevistados pretendia comprar itens de necessidade, em 2025, mais da metade das pessoas declararam que desejavam ir \u00e0s compras. Sendo assim, que tal conhecermos quais foram os principais insights da Black Friday 2025? A seguir, acompanhe com a gente tudo o que rolou na \u00faltima edi\u00e7\u00e3o do evento e quais foram as prefer\u00eancias dos consumidores, vamos l\u00e1? Antes, aproveite para baixar o app do M\u00e9liuz no seu celular! De forma gratuita, voc\u00ea encontra as principais oportunidades para economizar nas suas compras para a Black Friday 2022! Aproveite para conferir tamb\u00e9m a nossa nova Pesquisa de Inten\u00e7\u00e3o de Compra para a Black Friday 2022 O que \u00e9 a Black Friday? Toda pessoa que j\u00e1 fez ao menos uma compra online na vida j\u00e1 deve ter ouvido falar sobre a Black Friday. O evento, comemorado sempre na \u00faltima sexta-feira de novembro, traz consigo uma s\u00e9rie de promo\u00e7\u00f5es e ofertas especiais. Aqui, o foco principal \u00e9 movimentar o mercado na reta final do ano. Desta maneira, tanto lojistas quanto consumidores se aproveitam da data. Sendo assim, a Black Friday, que surgiu nos Estados Unidos, hoje \u00e9 um sucesso em diversos outros pa\u00edses, como \u00e9 o caso do Brasil. O que faz com que milhares de consumidores busquem economizar na hora de fazer as suas compras! Com isso, que tal conferir como foi a Black Friday no ano de 2025? Portanto, confira a seguir os principais pontos da nossa pesquisa de inten\u00e7\u00e3o de compra: Como foi a Black Friday 2025? A Black Friday j\u00e1 caiu no gosto de boa parte dos lojistas e dos consumidores. A data chegou ao Brasil em 2010 e, hoje, j\u00e1 se tornou um dos eventos mais importantes do varejo brasileiro. Prova disso \u00e9 que 60,9% dos entrevistados em 2025 j\u00e1 fizeram alguma compra nas edi\u00e7\u00f5es dos anos anteriores. Afinal, estamos falando de uma data que se apresenta como uma \u00f3tima possibilidade de economizar! Desta maneira, a Black Friday 2025 foi vista por 17,3% das pessoas que responderam a pesquisa como uma excelente oportunidade para antecipar as compras de natal. Confira abaixo todas as informa\u00e7\u00f5es coletadas na pesquisa de inten\u00e7\u00e3o de compra para a Black Friday 2025! Leia tamb\u00e9m: Black Friday Brasil Como economizar durante a Black Friday? Sem sombra de d\u00favidas, a Black Friday est\u00e1 associada a um desejo em comum entre os consumidores: economizar. \u00c9 o que faz com que 60,7% dos entrevistados em 2025 tenham o pre\u00e7o como fator decisivo no momento de compra. Outros 13,4% aproveitam incentivos como cashback e cupons de desconto para aproveitarem a data da melhor forma. Al\u00e9m disso, 12,6% das pessoas consideram os benef\u00edcios como frete gr\u00e1tis o fator decisivo para fazer uma compra.&nbsp; Desta forma, a Black Friday surge como uma das oportunidades de fazer as suas compras com maior economia. Afinal, s\u00e3o centenas de sites e lojas com descontos e ofertas incr\u00edveis! Veja formas de fazer renda extra em 2022! Quais as melhores lojas para comprar na Black Friday? Se voc\u00ea deseja economizar muito na Black Friday 2022 que, inclusive, est\u00e1 quase chegando, \u00e9 muito importante conhecer quais s\u00e3o as melhores lojas do mercado! A sexta-feira mais aguardada do ano ser\u00e1 realizada no dia 25 de novembro e, deste modo, nada melhor do que se planejar, n\u00e9? Desta forma, selecionamos algumas op\u00e7\u00f5es de lojas para fazer as suas compras na Black Friday. Veja com a gente: Al\u00e9m disso, acompanhe o nosso Guia de Compras sobre notebook na Black Friday e Celular na Black Friday Como aproveitar a Black Friday? Se voc\u00ea deseja fazer as suas compras com economia, n\u00e3o deixe de aproveitar as melhores ofertas e condi\u00e7\u00f5es especiais da internet durante a Black Friday. Desta maneira, em 2022, ser\u00e3o centenas de lojas com promo\u00e7\u00f5es e descontos imperd\u00edveis, sendo que algumas delas disponibilizam todo o m\u00eas de novembro para que voc\u00ea fa\u00e7a as suas compras e economize! E, se voc\u00ea \u00e9 uma daquelas pessoas apaixonadas por descontos, n\u00e3o perca a oportunidade de economizar com o M\u00e9liuz. Voc\u00ea tem \u00e0 sua disposi\u00e7\u00e3o muito Cupom de Desconto e Cashback nas suas compras. Ou seja, \u00e9 o seu dinheiro voltando para o seu bolso a cada compra feita! Portanto, conte com o M\u00e9liuz para fazer as suas compras durante a Black Friday e aproveite todos os benef\u00edcios!<\/p>\n","protected":false},"author":13,"featured_media":38397,"comment_status":"open","ping_status":"open","sticky":false,"template":"","format":"standard","meta":{"_jetpack_memberships_contains_paid_content":false,"footnotes":""},"categories":[1527,1649,1622],"tags":[],"class_list":["post-38384","post","type-post","status-publish","format-standard","has-post-thumbnail","hentry","category-meliuz","category-black-friday","category-pesquisas"],"yoast_head":"<!-- This site is optimized with the Yoast SEO plugin v25.4 - https:\/\/yoast.com\/wordpress\/plugins\/seo\/ -->\n<title>Black Friday 2025: Confira nossa pesquisa de inten\u00e7\u00e3o de compra | M\u00e9liuz<\/title>\n<meta name=\"description\" content=\"Acompanhe a nossa pesquisa de inten\u00e7\u00e3o de compra para a Black Friday 2025 e descubra todos os dados sobre a data mais aguardada do ano,\" \/>\n<meta name=\"robots\" content=\"index, follow, max-snippet:-1, max-image-preview:large, max-video-preview:-1\" \/>\n<link rel=\"canonical\" href=\"https:\/\/www.meliuz.com.br\/blog\/black-friday-2025-pesquisa\/\" \/>\n<meta property=\"og:locale\" content=\"pt_BR\" \/>\n<meta property=\"og:type\" content=\"article\" \/>\n<meta property=\"og:title\" content=\"Black Friday 2025: Confira nossa pesquisa de inten\u00e7\u00e3o de compra | M\u00e9liuz\" \/>\n<meta property=\"og:description\" content=\"Acompanhe a nossa pesquisa de inten\u00e7\u00e3o de compra para a Black Friday 2025 e descubra todos os dados sobre a data mais aguardada do ano,\" \/>\n<meta property=\"og:url\" content=\"https:\/\/www.meliuz.com.br\/blog\/black-friday-2025-pesquisa\/\" \/>\n<meta property=\"og:site_name\" content=\"M\u00e9liuz\" \/>\n<meta property=\"article:publisher\" content=\"https:\/\/www.facebook.com\/Meliuz\" \/>\n<meta property=\"article:published_time\" content=\"2022-10-04T14:00:00+00:00\" \/>\n<meta property=\"article:modified_time\" content=\"2025-11-09T17:26:06+00:00\" \/>\n<meta property=\"og:image\" content=\"https:\/\/www.meliuz.com.br\/blog\/wp-content\/uploads\/2021\/09\/black-friday-2021.png\" \/>\n\t<meta property=\"og:image:width\" content=\"1000\" \/>\n\t<meta property=\"og:image:height\" content=\"652\" \/>\n\t<meta property=\"og:image:type\" content=\"image\/png\" \/>\n<meta name=\"author\" content=\"Bruna do M\u00e9liuz\" \/>\n<meta name=\"twitter:card\" content=\"summary_large_image\" \/>\n<meta name=\"twitter:creator\" content=\"@MeliuzOficial\" \/>\n<meta name=\"twitter:site\" content=\"@MeliuzOficial\" \/>\n<meta name=\"twitter:label1\" content=\"Escrito por\" \/>\n\t<meta name=\"twitter:data1\" content=\"Bruna do M\u00e9liuz\" \/>\n\t<meta name=\"twitter:label2\" content=\"Est. tempo de leitura\" \/>\n\t<meta name=\"twitter:data2\" content=\"5 minutos\" \/>\n<script type=\"application\/ld+json\" class=\"yoast-schema-graph\">{\"@context\":\"https:\/\/schema.org\",\"@graph\":[{\"@type\":\"Article\",\"@id\":\"https:\/\/www.meliuz.com.br\/blog\/black-friday-2025-pesquisa\/#article\",\"isPartOf\":{\"@id\":\"https:\/\/www.meliuz.com.br\/blog\/black-friday-2025-pesquisa\/\"},\"author\":{\"name\":\"Bruna do M\u00e9liuz\",\"@id\":\"https:\/\/www.meliuz.com.br\/blog\/#\/schema\/person\/b4cfb14129773056c4332eb99ae412c2\"},\"headline\":\"Black Friday 2025: Confira nossa pesquisa de inten\u00e7\u00e3o de compra\",\"datePublished\":\"2022-10-04T14:00:00+00:00\",\"dateModified\":\"2025-11-09T17:26:06+00:00\",\"mainEntityOfPage\":{\"@id\":\"https:\/\/www.meliuz.com.br\/blog\/black-friday-2025-pesquisa\/\"},\"wordCount\":786,\"commentCount\":7,\"publisher\":{\"@id\":\"https:\/\/www.meliuz.com.br\/blog\/#organization\"},\"image\":{\"@id\":\"https:\/\/www.meliuz.com.br\/blog\/black-friday-2025-pesquisa\/#primaryimage\"},\"thumbnailUrl\":\"https:\/\/www.meliuz.com.br\/blog\/wp-content\/uploads\/2021\/09\/black-friday-2021.png\",\"articleSection\":[\"+ M\u00e9liuz\",\"Black Friday\",\"Pesquisas\"],\"inLanguage\":\"pt-BR\",\"potentialAction\":[{\"@type\":\"CommentAction\",\"name\":\"Comment\",\"target\":[\"https:\/\/www.meliuz.com.br\/blog\/black-friday-2025-pesquisa\/#respond\"]}]},{\"@type\":\"WebPage\",\"@id\":\"https:\/\/www.meliuz.com.br\/blog\/black-friday-2025-pesquisa\/\",\"url\":\"https:\/\/www.meliuz.com.br\/blog\/black-friday-2025-pesquisa\/\",\"name\":\"Black Friday 2025: Confira nossa pesquisa de inten\u00e7\u00e3o de compra | M\u00e9liuz\",\"isPartOf\":{\"@id\":\"https:\/\/www.meliuz.com.br\/blog\/#website\"},\"primaryImageOfPage\":{\"@id\":\"https:\/\/www.meliuz.com.br\/blog\/black-friday-2025-pesquisa\/#primaryimage\"},\"image\":{\"@id\":\"https:\/\/www.meliuz.com.br\/blog\/black-friday-2025-pesquisa\/#primaryimage\"},\"thumbnailUrl\":\"https:\/\/www.meliuz.com.br\/blog\/wp-content\/uploads\/2021\/09\/black-friday-2021.png\",\"datePublished\":\"2022-10-04T14:00:00+00:00\",\"dateModified\":\"2025-11-09T17:26:06+00:00\",\"description\":\"Acompanhe a nossa pesquisa de inten\u00e7\u00e3o de compra para a Black Friday 2025 e descubra todos os dados sobre a data mais aguardada do ano,\",\"breadcrumb\":{\"@id\":\"https:\/\/www.meliuz.com.br\/blog\/black-friday-2025-pesquisa\/#breadcrumb\"},\"inLanguage\":\"pt-BR\",\"potentialAction\":[{\"@type\":\"ReadAction\",\"target\":[\"https:\/\/www.meliuz.com.br\/blog\/black-friday-2025-pesquisa\/\"]}]},{\"@type\":\"ImageObject\",\"inLanguage\":\"pt-BR\",\"@id\":\"https:\/\/www.meliuz.com.br\/blog\/black-friday-2025-pesquisa\/#primaryimage\",\"url\":\"https:\/\/www.meliuz.com.br\/blog\/wp-content\/uploads\/2021\/09\/black-friday-2021.png\",\"contentUrl\":\"https:\/\/www.meliuz.com.br\/blog\/wp-content\/uploads\/2021\/09\/black-friday-2021.png\",\"width\":1000,\"height\":652,\"caption\":\"pesquisa de inten\u00e7\u00e3o de compra na Black Friday 2021\"},{\"@type\":\"BreadcrumbList\",\"@id\":\"https:\/\/www.meliuz.com.br\/blog\/black-friday-2025-pesquisa\/#breadcrumb\",\"itemListElement\":[{\"@type\":\"ListItem\",\"position\":1,\"name\":\"Blog\",\"item\":\"https:\/\/www.meliuz.com.br\/blog\/\"},{\"@type\":\"ListItem\",\"position\":2,\"name\":\"Black Friday 2025: Confira nossa pesquisa de inten\u00e7\u00e3o de compra\"}]},{\"@type\":\"WebSite\",\"@id\":\"https:\/\/www.meliuz.com.br\/blog\/#website\",\"url\":\"https:\/\/www.meliuz.com.br\/blog\/\",\"name\":\"M\u00e9liuz\",\"description\":\"Dicas de compras, cupons de desconto, cashback e mais\",\"publisher\":{\"@id\":\"https:\/\/www.meliuz.com.br\/blog\/#organization\"},\"potentialAction\":[{\"@type\":\"SearchAction\",\"target\":{\"@type\":\"EntryPoint\",\"urlTemplate\":\"https:\/\/www.meliuz.com.br\/blog\/?s={search_term_string}\"},\"query-input\":{\"@type\":\"PropertyValueSpecification\",\"valueRequired\":true,\"valueName\":\"search_term_string\"}}],\"inLanguage\":\"pt-BR\"},{\"@type\":\"Organization\",\"@id\":\"https:\/\/www.meliuz.com.br\/blog\/#organization\",\"name\":\"M\u00e9liuz\",\"url\":\"https:\/\/www.meliuz.com.br\/blog\/\",\"logo\":{\"@type\":\"ImageObject\",\"inLanguage\":\"pt-BR\",\"@id\":\"https:\/\/www.meliuz.com.br\/blog\/#\/schema\/logo\/image\/\",\"url\":\"https:\/\/www.meliuz.com.br\/blog\/wp-content\/uploads\/2022\/02\/meliuz-blog.png\",\"contentUrl\":\"https:\/\/www.meliuz.com.br\/blog\/wp-content\/uploads\/2022\/02\/meliuz-blog.png\",\"width\":300,\"height\":100,\"caption\":\"M\u00e9liuz\"},\"image\":{\"@id\":\"https:\/\/www.meliuz.com.br\/blog\/#\/schema\/logo\/image\/\"},\"sameAs\":[\"https:\/\/www.facebook.com\/Meliuz\",\"https:\/\/x.com\/MeliuzOficial\",\"http:\/\/instagram.com\/meliuzoficial\/\"]},{\"@type\":\"Person\",\"@id\":\"https:\/\/www.meliuz.com.br\/blog\/#\/schema\/person\/b4cfb14129773056c4332eb99ae412c2\",\"name\":\"Bruna do M\u00e9liuz\",\"description\":\"Acho que dinheiro \u00e9 uma ferramenta sensacional para aproveitar ao m\u00e1ximo a vida! Por isso sempre procuro descontos, dinheiro de volta e formas de fazer o meu dinheiro render muito! N\u00e3o abro m\u00e3o de conforto, excelentes experi\u00eancias e comprar o que quero - e quero compartilhar como consigo isso com voc\u00eas!\",\"url\":\"https:\/\/www.meliuz.com.br\/blog\/author\/brunadomeliuz\/\"}]}<\/script>\n<!-- \/ Yoast SEO plugin. -->","yoast_head_json":{"title":"Black Friday 2025: Confira nossa pesquisa de inten\u00e7\u00e3o de compra | M\u00e9liuz","description":"Acompanhe a nossa pesquisa de inten\u00e7\u00e3o de compra para a Black Friday 2025 e descubra todos os dados sobre a data mais aguardada do ano,","robots":{"index":"index","follow":"follow","max-snippet":"max-snippet:-1","max-image-preview":"max-image-preview:large","max-video-preview":"max-video-preview:-1"},"canonical":"https:\/\/www.meliuz.com.br\/blog\/black-friday-2025-pesquisa\/","og_locale":"pt_BR","og_type":"article","og_title":"Black Friday 2025: Confira nossa pesquisa de inten\u00e7\u00e3o de compra | M\u00e9liuz","og_description":"Acompanhe a nossa pesquisa de inten\u00e7\u00e3o de compra para a Black Friday 2025 e descubra todos os dados sobre a data mais aguardada do ano,","og_url":"https:\/\/www.meliuz.com.br\/blog\/black-friday-2025-pesquisa\/","og_site_name":"M\u00e9liuz","article_publisher":"https:\/\/www.facebook.com\/Meliuz","article_published_time":"2022-10-04T14:00:00+00:00","article_modified_time":"2025-11-09T17:26:06+00:00","og_image":[{"width":1000,"height":652,"url":"https:\/\/www.meliuz.com.br\/blog\/wp-content\/uploads\/2021\/09\/black-friday-2021.png","type":"image\/png"}],"author":"Bruna do M\u00e9liuz","twitter_card":"summary_large_image","twitter_creator":"@MeliuzOficial","twitter_site":"@MeliuzOficial","twitter_misc":{"Escrito por":"Bruna do M\u00e9liuz","Est. tempo de leitura":"5 minutos"},"schema":{"@context":"https:\/\/schema.org","@graph":[{"@type":"Article","@id":"https:\/\/www.meliuz.com.br\/blog\/black-friday-2025-pesquisa\/#article","isPartOf":{"@id":"https:\/\/www.meliuz.com.br\/blog\/black-friday-2025-pesquisa\/"},"author":{"name":"Bruna do M\u00e9liuz","@id":"https:\/\/www.meliuz.com.br\/blog\/#\/schema\/person\/b4cfb14129773056c4332eb99ae412c2"},"headline":"Black Friday 2025: Confira nossa pesquisa de inten\u00e7\u00e3o de compra","datePublished":"2022-10-04T14:00:00+00:00","dateModified":"2025-11-09T17:26:06+00:00","mainEntityOfPage":{"@id":"https:\/\/www.meliuz.com.br\/blog\/black-friday-2025-pesquisa\/"},"wordCount":786,"commentCount":7,"publisher":{"@id":"https:\/\/www.meliuz.com.br\/blog\/#organization"},"image":{"@id":"https:\/\/www.meliuz.com.br\/blog\/black-friday-2025-pesquisa\/#primaryimage"},"thumbnailUrl":"https:\/\/www.meliuz.com.br\/blog\/wp-content\/uploads\/2021\/09\/black-friday-2021.png","articleSection":["+ M\u00e9liuz","Black Friday","Pesquisas"],"inLanguage":"pt-BR","potentialAction":[{"@type":"CommentAction","name":"Comment","target":["https:\/\/www.meliuz.com.br\/blog\/black-friday-2025-pesquisa\/#respond"]}]},{"@type":"WebPage","@id":"https:\/\/www.meliuz.com.br\/blog\/black-friday-2025-pesquisa\/","url":"https:\/\/www.meliuz.com.br\/blog\/black-friday-2025-pesquisa\/","name":"Black Friday 2025: Confira nossa pesquisa de inten\u00e7\u00e3o de compra | M\u00e9liuz","isPartOf":{"@id":"https:\/\/www.meliuz.com.br\/blog\/#website"},"primaryImageOfPage":{"@id":"https:\/\/www.meliuz.com.br\/blog\/black-friday-2025-pesquisa\/#primaryimage"},"image":{"@id":"https:\/\/www.meliuz.com.br\/blog\/black-friday-2025-pesquisa\/#primaryimage"},"thumbnailUrl":"https:\/\/www.meliuz.com.br\/blog\/wp-content\/uploads\/2021\/09\/black-friday-2021.png","datePublished":"2022-10-04T14:00:00+00:00","dateModified":"2025-11-09T17:26:06+00:00","description":"Acompanhe a nossa pesquisa de inten\u00e7\u00e3o de compra para a Black Friday 2025 e descubra todos os dados sobre a data mais aguardada do ano,","breadcrumb":{"@id":"https:\/\/www.meliuz.com.br\/blog\/black-friday-2025-pesquisa\/#breadcrumb"},"inLanguage":"pt-BR","potentialAction":[{"@type":"ReadAction","target":["https:\/\/www.meliuz.com.br\/blog\/black-friday-2025-pesquisa\/"]}]},{"@type":"ImageObject","inLanguage":"pt-BR","@id":"https:\/\/www.meliuz.com.br\/blog\/black-friday-2025-pesquisa\/#primaryimage","url":"https:\/\/www.meliuz.com.br\/blog\/wp-content\/uploads\/2021\/09\/black-friday-2021.png","contentUrl":"https:\/\/www.meliuz.com.br\/blog\/wp-content\/uploads\/2021\/09\/black-friday-2021.png","width":1000,"height":652,"caption":"pesquisa de inten\u00e7\u00e3o de compra na Black Friday 2021"},{"@type":"BreadcrumbList","@id":"https:\/\/www.meliuz.com.br\/blog\/black-friday-2025-pesquisa\/#breadcrumb","itemListElement":[{"@type":"ListItem","position":1,"name":"Blog","item":"https:\/\/www.meliuz.com.br\/blog\/"},{"@type":"ListItem","position":2,"name":"Black Friday 2025: Confira nossa pesquisa de inten\u00e7\u00e3o de compra"}]},{"@type":"WebSite","@id":"https:\/\/www.meliuz.com.br\/blog\/#website","url":"https:\/\/www.meliuz.com.br\/blog\/","name":"M\u00e9liuz","description":"Dicas de compras, cupons de desconto, cashback e mais","publisher":{"@id":"https:\/\/www.meliuz.com.br\/blog\/#organization"},"potentialAction":[{"@type":"SearchAction","target":{"@type":"EntryPoint","urlTemplate":"https:\/\/www.meliuz.com.br\/blog\/?s={search_term_string}"},"query-input":{"@type":"PropertyValueSpecification","valueRequired":true,"valueName":"search_term_string"}}],"inLanguage":"pt-BR"},{"@type":"Organization","@id":"https:\/\/www.meliuz.com.br\/blog\/#organization","name":"M\u00e9liuz","url":"https:\/\/www.meliuz.com.br\/blog\/","logo":{"@type":"ImageObject","inLanguage":"pt-BR","@id":"https:\/\/www.meliuz.com.br\/blog\/#\/schema\/logo\/image\/","url":"https:\/\/www.meliuz.com.br\/blog\/wp-content\/uploads\/2022\/02\/meliuz-blog.png","contentUrl":"https:\/\/www.meliuz.com.br\/blog\/wp-content\/uploads\/2022\/02\/meliuz-blog.png","width":300,"height":100,"caption":"M\u00e9liuz"},"image":{"@id":"https:\/\/www.meliuz.com.br\/blog\/#\/schema\/logo\/image\/"},"sameAs":["https:\/\/www.facebook.com\/Meliuz","https:\/\/x.com\/MeliuzOficial","http:\/\/instagram.com\/meliuzoficial\/"]},{"@type":"Person","@id":"https:\/\/www.meliuz.com.br\/blog\/#\/schema\/person\/b4cfb14129773056c4332eb99ae412c2","name":"Bruna do M\u00e9liuz","description":"Acho que dinheiro \u00e9 uma ferramenta sensacional para aproveitar ao m\u00e1ximo a vida! Por isso sempre procuro descontos, dinheiro de volta e formas de fazer o meu dinheiro render muito! N\u00e3o abro m\u00e3o de conforto, excelentes experi\u00eancias e comprar o que quero - e quero compartilhar como consigo isso com voc\u00eas!","url":"https:\/\/www.meliuz.com.br\/blog\/author\/brunadomeliuz\/"}]}},"jetpack_sharing_enabled":true,"jetpack_featured_media_url":"https:\/\/www.meliuz.com.br\/blog\/wp-content\/uploads\/2021\/09\/black-friday-2021.png","_links":{"self":[{"href":"https:\/\/www.meliuz.com.br\/blog\/wp-json\/wp\/v2\/posts\/38384","targetHints":{"allow":["GET"]}}],"collection":[{"href":"https:\/\/www.meliuz.com.br\/blog\/wp-json\/wp\/v2\/posts"}],"about":[{"href":"https:\/\/www.meliuz.com.br\/blog\/wp-json\/wp\/v2\/types\/post"}],"author":[{"embeddable":true,"href":"https:\/\/www.meliuz.com.br\/blog\/wp-json\/wp\/v2\/users\/13"}],"replies":[{"embeddable":true,"href":"https:\/\/www.meliuz.com.br\/blog\/wp-json\/wp\/v2\/comments?post=38384"}],"version-history":[{"count":17,"href":"https:\/\/www.meliuz.com.br\/blog\/wp-json\/wp\/v2\/posts\/38384\/revisions"}],"predecessor-version":[{"id":50729,"href":"https:\/\/www.meliuz.com.br\/blog\/wp-json\/wp\/v2\/posts\/38384\/revisions\/50729"}],"wp:featuredmedia":[{"embeddable":true,"href":"https:\/\/www.meliuz.com.br\/blog\/wp-json\/wp\/v2\/media\/38397"}],"wp:attachment":[{"href":"https:\/\/www.meliuz.com.br\/blog\/wp-json\/wp\/v2\/media?parent=38384"}],"wp:term":[{"taxonomy":"category","embeddable":true,"href":"https:\/\/www.meliuz.com.br\/blog\/wp-json\/wp\/v2\/categories?post=38384"},{"taxonomy":"post_tag","embeddable":true,"href":"https:\/\/www.meliuz.com.br\/blog\/wp-json\/wp\/v2\/tags?post=38384"}],"curies":[{"name":"wp","href":"https:\/\/api.w.org\/{rel}","templated":true}]}}