{"id":42811,"date":"2024-03-10T22:32:20","date_gmt":"2024-03-11T01:32:20","guid":{"rendered":"https:\/\/www.meliuz.com.br\/blog\/?p=42811"},"modified":"2024-03-10T22:32:22","modified_gmt":"2024-03-11T01:32:22","slug":"melhor-maquina-de-cortar-cabelo","status":"publish","type":"post","link":"https:\/\/www.meliuz.com.br\/blog\/melhor-maquina-de-cortar-cabelo\/","title":{"rendered":"Qual a melhor m\u00e1quina de cortar cabelo de 2024? Top 12 op\u00e7\u00f5es"},"content":{"rendered":"\n<h2 class=\"wp-block-heading\"><strong>Confira como encontrar a melhor m\u00e1quina de cortar cabelo do mercado.<\/strong><\/h2>\n\n\n\n<p>Voc\u00ea se considera uma pessoa vaidosa? Se cuidar da apar\u00eancia deve ser tratado como uma prioridade, comprar a melhor m\u00e1quina de cortar cabelo do mercado pode ser bastante \u00fatil.<\/p>\n\n\n\n<p>Isso porque, engana-se quem pensa que as m\u00e1quinas de cortar cabelo e barba foram feitas somente para uso profissional. Hoje, elas v\u00eam se tornando cada vez indispens\u00e1veis no dia a dia de qualquer pessoa.<\/p>\n\n\n\n<p>Al\u00e9m de oferecerem mais autonomia, uma vez que permitem cortar o cabelo em casa, <strong>estamos falando de um aparelho que proporciona uma maior economia de tempo e dinheiro<\/strong>.<\/p>\n\n\n\n<p>Deste modo, nada melhor do que ir \u00e0s compras em busca da melhor m\u00e1quina de cortar cabelo, n\u00e3o \u00e9 mesmo?<\/p>\n\n\n\n<p>E, para facilitar a sua procura, <strong>preparamos um conte\u00fado completo sobre o equipamento<\/strong>, com modelos que vale a pena conferir e pontos importantes, que podem interferir na sua compra.<\/p>\n\n\n\n<p>Portanto, acompanhe conosco e descubra como encontrar a melhor m\u00e1quina de cortar cabelo e barba do mercado! Vamos l\u00e1?<\/p>\n\n\n\n<p>Ah, al\u00e9m disso, aproveite para <a href=\"https:\/\/www.meliuz.com.br\/registrar\" target=\"_blank\" rel=\"noreferrer noopener\">fazer o seu cadastro<\/a> no M\u00e9liuz de uma vez! Assim, <strong>voc\u00ea tem direito \u00e0 muito cupom de desconto e cashback nas maiores e melhores lojas do pa\u00eds<\/strong>. N\u00e3o perca essa oportunidade!<\/p>\n\n\n\n<div class=\"wp-block-buttons is-content-justification-center is-layout-flex wp-container-core-buttons-is-layout-16018d1d wp-block-buttons-is-layout-flex\">\n<div class=\"wp-block-button\"><a class=\"wp-block-button__link has-background wp-element-button\" href=\"https:\/\/www.meliuz.com.br\/registrar\" style=\"background-color:#f34986\" target=\"_blank\" rel=\"noreferrer noopener\">Cadastre-se no M\u00e9liuz<\/a><\/div>\n<\/div>\n\n\n\n<p><strong>Antes de conhecer as melhores m\u00e1quinas de cortar cabelo, confira com a gente quais s\u00e3o os <\/strong><a href=\"https:\/\/www.meliuz.com.br\/blog\/produtos-mais-vendidos-no-mercado-livre\/\" target=\"_blank\" rel=\"noreferrer noopener\">produtos mais vendidos no Mercado Livre em 2023<\/a><\/p>\n\n\n\n<h2 class=\"wp-block-heading\"><strong>Por que comprar uma m\u00e1quina de cortar cabelo?<\/strong><\/h2>\n\n\n\n<p>Cortar o cabelo em casa se apresenta como muito mais pr\u00e1tico do que ter que sair de casa e marcar um hor\u00e1rio no sal\u00e3o, n\u00e9? Al\u00e9m disso, estamos falando de um h\u00e1bito mais econ\u00f4mico, perfeito para quem gosta de <a href=\"https:\/\/www.meliuz.com.br\/blog\/como-economizar-dinheiro\/\" target=\"_blank\" rel=\"noreferrer noopener\">economizar dinheiro<\/a>.<\/p>\n\n\n\n<p>E, como j\u00e1 foi poss\u00edvel compreender, <strong>muitos modelos tamb\u00e9m cumprem o papel de aparar os pelos da barba<\/strong>. Logo, voc\u00ea ter\u00e1 \u00e0 sua disposi\u00e7\u00e3o um aparelho com v\u00e1rias utilidades.<\/p>\n\n\n\n<p>Contudo, com tantas marcas e modelos dispon\u00edveis no mercado, encontrar a melhor m\u00e1quina de cortar cabelo pode ser um desafio. Afinal, nem todos os consumidores s\u00e3o experts no assunto.<\/p>\n\n\n\n<p>Portanto, se voc\u00ea se encaixa no contexto acima,<strong> chegou o seu momento de tirar todas as d\u00favidas sobre este aparelho.<\/strong> Continue a sua leitura para descobrir como acertar em cheio na sua compra.<\/p>\n\n\n\n<div class=\"wp-block-buttons is-content-justification-center is-layout-flex wp-container-core-buttons-is-layout-16018d1d wp-block-buttons-is-layout-flex\">\n<div class=\"wp-block-button\"><a class=\"wp-block-button__link has-background wp-element-button\" href=\"https:\/\/meliuz.onelink.me\/2657008059\/iuxfen6d\" style=\"background-color:#f34986\" target=\"_blank\" rel=\"noreferrer noopener\">Baixe o app doM\u00e9liuz<\/a><\/div>\n<\/div>\n\n\n\n<h3 class=\"wp-block-heading\"><strong>Quais s\u00e3o os tipos de m\u00e1quina de cortar cabelo?<\/strong><\/h3>\n\n\n\n<p>O primeiro passo para escolher a m\u00e1quina de cortar cabelo ideal \u00e9 entender quais s\u00e3o os tipos de aparelhos dispon\u00edveis no mercado. Afinal, o foco \u00e9 escolher um modelo que corresponda \u00e0s suas necessidades.<\/p>\n\n\n\n<p>Basicamente, os diferentes tipos de maquininhas encontradas nas v\u00e1rias lojas existentes se dividem em dois grupos:<\/p>\n\n\n\n<ul class=\"wp-block-list\">\n<li>Recarreg\u00e1veis;<\/li>\n\n\n\n<li>Com fio.<\/li>\n<\/ul>\n\n\n\n<p>Sendo assim, ser\u00e1 poss\u00edvel encontrar modelos que <strong>funcionam por meio de pilhas ou bateria e aquelas op\u00e7\u00f5es que devem ser ligadas \u00e0 energia el\u00e9trica<\/strong>. E a\u00ed? Qual voc\u00ea prefere?<\/p>\n\n\n\n<p><strong>Confira as melhores op\u00e7\u00f5es de<\/strong> <a href=\"https:\/\/www.meliuz.com.br\/blog\/melhor-secador-de-cabelo\/\" target=\"_blank\" rel=\"noreferrer noopener\">secador de cabelo<\/a><\/p>\n\n\n\n<h3 class=\"wp-block-heading\"><strong>Qual a melhor marca de m\u00e1quina de cortar cabelo?<\/strong><\/h3>\n\n\n\n<p><strong>A melhor m\u00e1quina de cortar cabelo se apresenta como uma \u00f3tima op\u00e7\u00e3o de <\/strong><a href=\"https:\/\/www.meliuz.com.br\/blog\/presente-de-dia-dos-pais-2022\/\" target=\"_blank\" rel=\"noreferrer noopener\"><strong>presente de Dia dos Pais<\/strong><\/a>. E, para comprar um presente que o seu pai vai amar, nada melhor do que optar por marcas j\u00e1 renomadas do mercado, certo?<\/p>\n\n\n\n<p>Dentre fabricantes que voc\u00ea certamente j\u00e1 deve conhecer e marcas que podem ser uma surpresa, s\u00e3o v\u00e1rias as op\u00e7\u00f5es encontradas. A seguir, confira alguns dos principais exemplos:<\/p>\n\n\n\n<ul class=\"wp-block-list\">\n<li>Gama Italy;<\/li>\n\n\n\n<li>Cadence;<\/li>\n\n\n\n<li>Philips;<\/li>\n\n\n\n<li>Mondial;<\/li>\n\n\n\n<li>Wahl;<\/li>\n\n\n\n<li>Philco.<\/li>\n<\/ul>\n\n\n\n<p>Agora, para decidir qual \u00e9 a melhor m\u00e1quina de cortar cabelo e barba para comprar para voc\u00ea ou como um <a href=\"https:\/\/www.meliuz.com.br\/blog\/melhores-presentes-para-namorado\/\" target=\"_blank\" rel=\"noreferrer noopener\">presente para o namorado<\/a>, <strong>\u00e9 necess\u00e1rio conhecer alguns modelos<\/strong>. Que tal fazer isso agora?<\/p>\n\n\n\n<div class=\"wp-block-buttons is-layout-flex wp-block-buttons-is-layout-flex\">\n<div class=\"wp-block-button\"><a class=\"wp-block-button__link has-background wp-element-button\" href=\"https:\/\/www.meliuz.com.br\/desconto\/cupom-aliexpress?oid=234172&amp;position=1\" style=\"background-color:#f34986\" target=\"_blank\" rel=\"noreferrer noopener\">Cupom de Desconto AliExpress<\/a><\/div>\n<\/div>\n\n\n\n<h2 class=\"wp-block-heading\"><strong>Qual a melhor m\u00e1quina de cortar cabelo?<\/strong><\/h2>\n\n\n\n<p>Se voc\u00ea deseja cuidar melhor da apar\u00eancia com conforto e economia, \u00e9 de suma import\u00e2ncia ter o suporte de uma m\u00e1quina de cortar cabelo. Entretanto, qual \u00e9 o melhor modelo do mercado?<\/p>\n\n\n\n<p>Independentemente das suas prefer\u00eancias, <strong>nada melhor do que conhecer algumas op\u00e7\u00f5es, certo?<\/strong> Por isso, separamos diferentes op\u00e7\u00f5es das mais variadas marcas, a fim de te ajudar a tomar uma decis\u00e3o.<\/p>\n\n\n\n<figure class=\"wp-block-table\"><table><tbody><tr><td><strong>Modelo<\/strong><\/td><td><strong>Caracter\u00edsticas<\/strong><\/td><td><strong>Pre\u00e7o m\u00e9dio<\/strong><\/td><\/tr><tr><td><a href=\"#1\">Philips Hair Clipper S\u00e9rie 5000<\/a><\/td><td>Op\u00e7\u00e3o com l\u00e2minas de Inox<\/td><td>R$ 237<\/td><\/tr><tr><td><a href=\"#2\">Wahl Color Pro<\/a><\/td><td>Indicada para profissionais que est\u00e3o come\u00e7ando no ramo<\/td><td>R$ 380<\/td><\/tr><tr><td><a href=\"#3\">Cadence Master Cut<\/a><\/td><td>Oferece maior precis\u00e3o nos cortes<\/td><td>R$ 77<\/td><\/tr><tr><td><a href=\"#4\">Mondial CR-03<\/a><\/td><td>Op\u00e7\u00e3o com \u00f3timo custo-benef\u00edcio<\/td><td>R$ 95<\/td><\/tr><tr><td><a href=\"#5\">Philco PCR05S<\/a><\/td><td>Modelo robusto, com l\u00e2minas de tit\u00e2nio<\/td><td>R$ 109<\/td><\/tr><tr><td><a href=\"#6\">Mondial Hair Stylo II<\/a><\/td><td>M\u00e1quina de cortar cabelo com 8 acess\u00f3rios e 4 pentes para corte<\/td><td>R$ 50<\/td><\/tr><tr><td><a href=\"#7\">Philips HC5610\/15<\/a><\/td><td>M\u00e1quina recomendada para variados tipos de cabelo<\/td><td>R$ 230<\/td><\/tr><tr><td><a href=\"#8\">Philco Dual Action Titanium<\/a><\/td><td>M\u00e1quina potente o suficiente para a realiza\u00e7\u00e3o de cortes cada vez mais certeiros<\/td><td>R$ 190<\/td><\/tr><tr><td><a href=\"#9\">Wahl Senior Cordless<\/a><\/td><td>Modelo indicado para profissionais que desejam abrir uma barbearia<\/td><td>R$ 900<\/td><\/tr><tr><td><a href=\"#10\">Wahl Classic<\/a><\/td><td>Modelo que possui \u00f3tima resist\u00eancia e durabilidade<\/td><td>R$ 230<\/td><\/tr><tr><td><a href=\"#11\">Philco Dual Action Maxx<\/a><\/td><td>Modelo potente e capaz de entregar \u00f3timos resultados<\/td><td>R$ 170<\/td><\/tr><tr><td><a href=\"#12\">Kemei Km-1990 Turbo<\/a><\/td><td>Modelo quatro l\u00e2minas de corte em tamanhos distintos<\/td><td>R$ 160<\/td><\/tr><\/tbody><\/table><\/figure>\n\n\n\n<h3 class=\"wp-block-heading\"><strong>1. Philips Hair Clipper S\u00e9rie 5000<\/strong><\/h3>\n\n\n<div class=\"wp-block-image\">\n<figure class=\"aligncenter is-resized\"><img decoding=\"async\" src=\"https:\/\/lh6.googleusercontent.com\/Cw5MKqiOqjtEn511vwVvUljUPYotAHxomY3JD_zLl_WIj0R-dkNorVFkw5VQ6WeV-gFUql0kpBgigYMuLb00U6lBaMN-wCpFClSffHi39ToKPtLz5uDkJMnAEyQS1Tti7Z_ZIny_QRRKwzZm1w\" alt=\"M\u00e1quina de cortar cabelo Philips Hair Clipper S\u00e9rie 5000\" style=\"width:171px;height:279px\"\/><\/figure><\/div>\n\n\n<p>Vamos abrir a nossa lista de op\u00e7\u00f5es com a Hair Clipper S\u00e9rie 5000, da Philips. Estamos falando de uma m\u00e1quina de cortar cabelo que impede que os cabelos fiquem presos no pente.<\/p>\n\n\n\n<p>Al\u00e9m disso, <strong>a op\u00e7\u00e3o da Philips tamb\u00e9m possui l\u00e2minas de inox, proporcionando assim um corte mais r\u00e1pido<\/strong>.<\/p>\n\n\n\n<p>Por fim, a Hair Clipper \u00e9 um modelo recarreg\u00e1vel, sendo que a sua bateria pode durar at\u00e9 75 minutos. Desta maneira voc\u00ea poder\u00e1 utiliz\u00e1-la diversas vezes antes de precisar recarregar.<\/p>\n\n\n\n<h4 class=\"wp-block-heading\"><strong>Ficha T\u00e9cnica:<\/strong><\/h4>\n\n\n\n<ul class=\"wp-block-list\">\n<li><strong>Peso<\/strong>: 250 gramas;<\/li>\n\n\n\n<li><strong>Pentes<\/strong>: 3 pentes;<\/li>\n\n\n\n<li><strong>Pot\u00eancia<\/strong>: 5,4W;<\/li>\n\n\n\n<li><strong>Acess\u00f3rios<\/strong>: N\u00e3o possui.<\/li>\n<\/ul>\n\n\n\n<div class=\"wp-block-buttons is-content-justification-center is-layout-flex wp-container-core-buttons-is-layout-16018d1d wp-block-buttons-is-layout-flex\">\n<div class=\"wp-block-button\"><a class=\"wp-block-button__link has-background wp-element-button\" href=\"https:\/\/www.meliuz.com.br\/desconto\/cupom-americanas\" style=\"background-color:#f34986\" target=\"_blank\" rel=\"noreferrer noopener\">Compre e ganhe cashback<\/a><\/div>\n<\/div>\n\n\n\n<h3 class=\"wp-block-heading\"><strong>2. Wahl Color Pro<\/strong><\/h3>\n\n\n<div class=\"wp-block-image\">\n<figure class=\"aligncenter is-resized\"><img decoding=\"async\" src=\"https:\/\/lh3.googleusercontent.com\/yJql5Z7WNhRu-FKg4zhrI17csmSXyYTyKc6ZbWIs3xDmrmlSIZmCI94BQ1kKaXYCvruRPZIo_44zOfrv5QjiAszxKrJSRz_zmoq0UGnUZFTZIFB4y6bQl5zh3HbwtW41I7RpF51rcRVvptdYJA\" alt=\"M\u00e1quina de cortar cabelo Wahl Color Pro\" style=\"width:268px;height:268px\"\/><\/figure><\/div>\n\n\n<p>Se voc\u00ea est\u00e1 em busca de uma m\u00e1quina de cortar cabelo mais completa, n\u00e3o deixe de conhecer a Color Pro, da fabricante Wahl. Para muitos, ela pode ser considerada um modelo semi-profissional.<\/p>\n\n\n\n<p>Dessa forma, ela tamb\u00e9m \u00e9 indicada para profissionais que est\u00e3o come\u00e7ando a atuar no ramo de corte de cabelo.<\/p>\n\n\n\n<p>Sendo assim, a Color Pro acompanha oito pentes de diferentes cores, oferecendo assim uma maior versatilidade.<\/p>\n\n\n\n<h4 class=\"wp-block-heading\"><strong>Ficha T\u00e9cnica:<\/strong><\/h4>\n\n\n\n<ul class=\"wp-block-list\">\n<li><strong>Peso<\/strong>: 500 gramas;<\/li>\n\n\n\n<li><strong>Pentes<\/strong>: 8 pentes;<\/li>\n\n\n\n<li><strong>Pot\u00eancia<\/strong>: N\u00e3o informado;<\/li>\n\n\n\n<li><strong>Acess\u00f3rios<\/strong>: \u00d3leo protetivo, protetor de l\u00e2minas, pentes de orelha.<\/li>\n<\/ul>\n\n\n\n<div class=\"wp-block-buttons is-content-justification-center is-layout-flex wp-container-core-buttons-is-layout-16018d1d wp-block-buttons-is-layout-flex\">\n<div class=\"wp-block-button\"><a class=\"wp-block-button__link has-background wp-element-button\" href=\"https:\/\/www.meliuz.com.br\/desconto\/cupom-americanas\" style=\"background-color:#f34986\" target=\"_blank\" rel=\"noreferrer noopener\">Compre e ganhe cashback<\/a><\/div>\n<\/div>\n\n\n\n<h3 class=\"wp-block-heading\"><strong>3. Cadence Master Cut<\/strong><\/h3>\n\n\n<div class=\"wp-block-image\">\n<figure class=\"aligncenter is-resized\"><img decoding=\"async\" src=\"https:\/\/lh5.googleusercontent.com\/6wkVOSDIaQ20fMOTdoKORZIO3NH-l2cArXxD42n3wLT10cnhIJMZjzwX4kuAhelO3la4pflE46iD-KdjNW_BtgNfTzv5lfaa91JQwqubzNRu6Xjfqi6_9W28_bElWth4nIUZEOfKOp11cb_BGw\" alt=\"M\u00e1quina de cortar cabelo Cadence Master Cut\" style=\"width:395px;height:112px\"\/><\/figure><\/div>\n\n\n<p>Se voc\u00ea n\u00e3o est\u00e1 disposto \u00e0 fazer um investimento alto na compra de uma m\u00e1quina de cortar cabelo, <strong>\u00e9 bem prov\u00e1vel que vai gostar do modelo Master Cut, da fabricante Cadence<\/strong>.<\/p>\n\n\n\n<p>Mesmo sendo uma op\u00e7\u00e3o mais b\u00e1sica, ela \u00e9 capaz de atender \u00e0s necessidades de um consumidor. Isso porque, com l\u00e2minas de a\u00e7o inoxid\u00e1vel, ela permite uma maior precis\u00e3o na hora de cortar o cabelo.<\/p>\n\n\n\n<h4 class=\"wp-block-heading\"><strong>Ficha T\u00e9cnica:<\/strong><\/h4>\n\n\n\n<ul class=\"wp-block-list\">\n<li><strong>Peso<\/strong>: 390 gramas;<\/li>\n\n\n\n<li><strong>Pentes<\/strong>: 4 pentes;<\/li>\n\n\n\n<li><strong>Pot\u00eancia<\/strong>: 10W;<\/li>\n\n\n\n<li><strong>Acess\u00f3rios<\/strong>: N\u00e3o possui.<\/li>\n<\/ul>\n\n\n\n<div class=\"wp-block-buttons is-content-justification-center is-layout-flex wp-container-core-buttons-is-layout-16018d1d wp-block-buttons-is-layout-flex\">\n<div class=\"wp-block-button\"><a class=\"wp-block-button__link has-background wp-element-button\" href=\"https:\/\/www.meliuz.com.br\/desconto\/cupom-desconto-amazon\" style=\"background-color:#f34986\" target=\"_blank\" rel=\"noreferrer noopener\">Compre e ganhe cashback<\/a><\/div>\n<\/div>\n\n\n\n<h3 class=\"wp-block-heading\"><strong>4. Mondial CR-03<\/strong><\/h3>\n\n\n<div class=\"wp-block-image\">\n<figure class=\"aligncenter is-resized\"><img decoding=\"async\" src=\"https:\/\/lh5.googleusercontent.com\/mdP1huLv9Riey7rWQ51UpJ-ZzJBOpWH-szLpVEZsCLdnOCZ59_O3lpqxriAQ-cefJjTpzXTpDECZuY__h_80o0LTPfAkbGVFkIC6A4y0wKYU2ENx0E2YACaJ326GjZBi_M6uTjNGLJTNbAtBRA\" alt=\"M\u00e1quina de cortar cabelo Mondial CR-03\" style=\"width:325px;height:285px\"\/><\/figure><\/div>\n\n\n<p>Voc\u00ea est\u00e1 em busca do melhor custo-benef\u00edcio do mercado? Neste momento, a m\u00e1quina de cortar cabelo Mondial CR-03 surge como uma das melhores op\u00e7\u00f5es encontradas no mercado.<\/p>\n\n\n\n<p>Isso porque, <strong>voc\u00ea n\u00e3o ter\u00e1 que fazer um investimento t\u00e3o alto e ter\u00e1 \u00e0 sua disposi\u00e7\u00e3o uma m\u00e1quina com \u00f3timo desempenho<\/strong>.<\/p>\n\n\n\n<p>Com 4 pentes, a m\u00e1quina de cabelo da Mondial conta com uma alavanca reguladora de altura. Sendo que ela pode variar entre 0 a 3mm, sem a necessidade de utilizar algum pente.<\/p>\n\n\n\n<h4 class=\"wp-block-heading\"><strong>Ficha T\u00e9cnica:<\/strong><\/h4>\n\n\n\n<ul class=\"wp-block-list\">\n<li><strong>Peso<\/strong>: 760 gramas;<\/li>\n\n\n\n<li><strong>Pentes<\/strong>: 4 pentes;<\/li>\n\n\n\n<li><strong>Pot\u00eancia<\/strong>: 10W;<\/li>\n\n\n\n<li><strong>Acess\u00f3rios<\/strong>: Protetor de l\u00e2mina, \u00f3leo de manuten\u00e7\u00e3o e escova de limpeza.<\/li>\n<\/ul>\n\n\n\n<div class=\"wp-block-buttons is-content-justification-center is-layout-flex wp-container-core-buttons-is-layout-16018d1d wp-block-buttons-is-layout-flex\">\n<div class=\"wp-block-button\"><a class=\"wp-block-button__link has-background wp-element-button\" href=\"https:\/\/www.meliuz.com.br\/desconto\/cupom-desconto-amazon\" style=\"background-color:#f34986\" target=\"_blank\" rel=\"noreferrer noopener\">Compre e ganhe cashback<\/a><\/div>\n<\/div>\n\n\n\n<h3 class=\"wp-block-heading\"><strong>5. Philco PCR05S<\/strong><\/h3>\n\n\n<div class=\"wp-block-image\">\n<figure class=\"aligncenter is-resized\"><img decoding=\"async\" src=\"https:\/\/lh4.googleusercontent.com\/MXKSimUbng8m_w7ZySs-36Bu1Hbvc8yej5NwCfcaqQRW1zMw7EwWF8SU8nqfW8UKtnhCHqivRKHM8nfrrwLqRsxL1sWuI6dCYGjZYE3Z2OHyXreXRXZ_qX_NzKXlcAS8xKvgglMZ6n0rwDOVlg\" alt=\"M\u00e1quina de cortar cabelo Philco PCR05S\" style=\"width:114px;height:328px\"\/><\/figure><\/div>\n\n\n<p>Antes de finalizar o nosso <a href=\"https:\/\/www.meliuz.com.br\/blog\/guia-de-compras\/\" target=\"_blank\" rel=\"noreferrer noopener\">Guia de Compras<\/a> sobre a melhor m\u00e1quina de cortar cabelo, temos um modelo da Philco, o PCR05S. Aqui, <strong>temos uma op\u00e7\u00e3o mais robusta, que conta com l\u00e2minas de tit\u00e2nio<\/strong>.<\/p>\n\n\n\n<p>Desse modo, ela \u00e9 indicada para aquelas pessoas que desejam um corte de cabelo mais preciso.<\/p>\n\n\n\n<p>Al\u00e9m disso, <strong>voc\u00ea ter\u00e1 \u00e0 sua disposi\u00e7\u00e3o uma m\u00e1quina com 14W de pot\u00eancia e 8 pentes<\/strong>, oferecendo assim uma maior versatilidade para realizar cortes de acordo com as suas prefer\u00eancias.<\/p>\n\n\n\n<h4 class=\"wp-block-heading\"><strong>Ficha T\u00e9cnica:<\/strong><\/h4>\n\n\n\n<ul class=\"wp-block-list\">\n<li><strong>Peso<\/strong>: 680 gramas;<\/li>\n\n\n\n<li><strong>Pentes<\/strong>: 8 pentes;<\/li>\n\n\n\n<li><strong>Pot\u00eancia<\/strong>: 14W;<\/li>\n\n\n\n<li><strong>Acess\u00f3rios<\/strong>: Pentes, tesoura, \u00f3leo lubrificante e protetor de l\u00e2mina.<\/li>\n<\/ul>\n\n\n\n<div class=\"wp-block-buttons is-content-justification-center is-layout-flex wp-container-core-buttons-is-layout-16018d1d wp-block-buttons-is-layout-flex\">\n<div class=\"wp-block-button\"><a class=\"wp-block-button__link has-background wp-element-button\" href=\"https:\/\/www.meliuz.com.br\/desconto\/cupom-desconto-amazon\" style=\"background-color:#f34986\" target=\"_blank\" rel=\"noreferrer noopener\">Compre e ganhe cashback<\/a><\/div>\n<\/div>\n\n\n\n<h3 class=\"wp-block-heading\"><strong>6. Mondial Hair Stylo II<\/strong><\/h3>\n\n\n<div class=\"wp-block-image\">\n<figure class=\"aligncenter size-full is-resized\"><img loading=\"lazy\" decoding=\"async\" width=\"839\" height=\"758\" src=\"https:\/\/www.meliuz.com.br\/blog\/wp-content\/uploads\/2023\/04\/6.jpg\" alt=\"Mondial Hair Stylo II\" class=\"wp-image-47907\" style=\"width:210px;height:190px\" srcset=\"https:\/\/www.meliuz.com.br\/blog\/wp-content\/uploads\/2023\/04\/6.jpg 839w, https:\/\/www.meliuz.com.br\/blog\/wp-content\/uploads\/2023\/04\/6-300x271.jpg 300w, https:\/\/www.meliuz.com.br\/blog\/wp-content\/uploads\/2023\/04\/6-768x694.jpg 768w\" sizes=\"auto, (max-width: 839px) 100vw, 839px\" \/><\/figure><\/div>\n\n\n<p>Outro modelo da Mondial que merece um lugar no nosso Guia de Compras \u00e9 a Hair Stylo II. Aqui, temos uma op\u00e7\u00e3o que se destaca, principalmente, <strong>pelo seu custo-benef\u00edcio<\/strong>. Ou seja, n\u00e3o ser\u00e1 necess\u00e1rio fazer um investimento alto para poder cortar o cabelo sem sair de casa.<\/p>\n\n\n\n<p>Deste modo, voc\u00ea ter\u00e1 \u00e0 sua disposi\u00e7\u00e3o uma m\u00e1quina de cortar cabelo com 8 acess\u00f3rios e 4 pentes para corte. Com isso, ser\u00e1 poss\u00edvel fazer diferentes tipos de cortes em estilos de cabelos distintos. Quem a\u00ed n\u00e3o quer mais versatilidade?<\/p>\n\n\n\n<h4 class=\"wp-block-heading\"><strong>Ficha T\u00e9cnica:<\/strong><\/h4>\n\n\n\n<ul class=\"wp-block-list\">\n<li><strong>Peso<\/strong>: 500 gramas;<\/li>\n\n\n\n<li><strong>Pentes<\/strong>:  4 pentes;<\/li>\n\n\n\n<li><strong>Pot\u00eancia<\/strong>: 10W;<\/li>\n\n\n\n<li><strong>Acess\u00f3rios<\/strong>: Tesoura, pente, \u00f3leo de manuten\u00e7\u00e3o, escova para limpeza etc.<\/li>\n<\/ul>\n\n\n\n<div class=\"wp-block-buttons is-content-justification-center is-layout-flex wp-container-core-buttons-is-layout-16018d1d wp-block-buttons-is-layout-flex\">\n<div class=\"wp-block-button\"><a class=\"wp-block-button__link has-background wp-element-button\" href=\"https:\/\/www.meliuz.com.br\/desconto\/cupom-desconto-amazon\" style=\"background-color:#f34986\" target=\"_blank\" rel=\"noreferrer noopener\">Compre e ganhe cashback<\/a><\/div>\n<\/div>\n\n\n\n<h3 class=\"wp-block-heading\"><strong>7. Philips HC5610\/15<\/strong><\/h3>\n\n\n<div class=\"wp-block-image\">\n<figure class=\"aligncenter size-full is-resized\"><img loading=\"lazy\" decoding=\"async\" width=\"260\" height=\"982\" src=\"https:\/\/www.meliuz.com.br\/blog\/wp-content\/uploads\/2023\/04\/7.jpg\" alt=\"Philips HC5610\/15\" class=\"wp-image-47908\" style=\"width:65px;height:246px\"\/><\/figure><\/div>\n\n\n<p>A <strong>Philips HC5610\/15 <\/strong>\u00e9 uma m\u00e1quina de cortar cabelo que se destaca por seu design inovador. A sua tecnologia <strong>Trim-n-Flow Pro<\/strong> faz com que todo o cabelo que foi cortado n\u00e3o trave as l\u00e2minas e evita que eles caiam sobre voc\u00ea.<\/p>\n\n\n\n<p>Al\u00e9m disso, vale a pena mencionar que estamos falando de uma op\u00e7\u00e3o recomendada para <strong>variados tipos de cabelo<\/strong>. Ou seja, \u00e9 poss\u00edvel utiliz\u00e1-la em cabelos curtos, grandes e at\u00e9 mesmo para aparar e fazer a barba.<\/p>\n\n\n\n<h4 class=\"wp-block-heading\"><strong>Ficha T\u00e9cnica:<\/strong><\/h4>\n\n\n\n<ul class=\"wp-block-list\">\n<li><strong>Peso<\/strong>: 233 gramas;<\/li>\n\n\n\n<li><strong>Pentes<\/strong>:  3 pentes;<\/li>\n\n\n\n<li><strong>Pot\u00eancia<\/strong>: N\u00e3o informado;<\/li>\n\n\n\n<li><strong>Acess\u00f3rios<\/strong>: Pente adicional para barba.<\/li>\n<\/ul>\n\n\n\n<div class=\"wp-block-buttons is-content-justification-center is-layout-flex wp-container-core-buttons-is-layout-16018d1d wp-block-buttons-is-layout-flex\">\n<div class=\"wp-block-button\"><a class=\"wp-block-button__link has-background wp-element-button\" href=\"https:\/\/www.meliuz.com.br\/desconto\/cupom-magazine-luiza\" style=\"background-color:#f34986\" target=\"_blank\" rel=\"noreferrer noopener\">Compre e ganhe cashback<\/a><\/div>\n<\/div>\n\n\n\n<h3 class=\"wp-block-heading\"><strong>8. Philco Dual Action Titanium<\/strong><\/h3>\n\n\n<div class=\"wp-block-image\">\n<figure class=\"aligncenter size-full is-resized\"><img loading=\"lazy\" decoding=\"async\" width=\"367\" height=\"976\" src=\"https:\/\/www.meliuz.com.br\/blog\/wp-content\/uploads\/2023\/04\/8.jpg\" alt=\"Philco Dual Action Titanium\" class=\"wp-image-47909\" style=\"width:98px;height:260px\" srcset=\"https:\/\/www.meliuz.com.br\/blog\/wp-content\/uploads\/2023\/04\/8.jpg 367w, https:\/\/www.meliuz.com.br\/blog\/wp-content\/uploads\/2023\/04\/8-113x300.jpg 113w\" sizes=\"auto, (max-width: 367px) 100vw, 367px\" \/><\/figure><\/div>\n\n\n<p>Agora, chegou o momento de falarmos da <strong>Philco Dual Action Titanium<\/strong>, uma op\u00e7\u00e3o que tem como principal diferencial a sua <strong>pot\u00eancia de 14W<\/strong>, o que a torna potente o suficiente para a realiza\u00e7\u00e3o de cortes cada vez mais certeiros.<\/p>\n\n\n\n<p>No entanto, vale a pena ressaltar que estamos falando de uma <strong>m\u00e1quina de cortar cabelo mais robusta. <\/strong>Ou seja, pelo seu tamanho, muitas pessoas podem ter dificuldades para manuse\u00e1-la da forma correta.<\/p>\n\n\n\n<h4 class=\"wp-block-heading\"><strong>Ficha T\u00e9cnica:<\/strong><\/h4>\n\n\n\n<ul class=\"wp-block-list\">\n<li><strong>Peso<\/strong>: 530 gramas;<\/li>\n\n\n\n<li><strong>Pentes<\/strong>:  pentes;<\/li>\n\n\n\n<li><strong>Pot\u00eancia<\/strong>: 14W;<\/li>\n\n\n\n<li><strong>Acess\u00f3rios<\/strong>: 4 op\u00e7\u00f5es de pentes para corte, pente para pentear, tesoura etc.<\/li>\n<\/ul>\n\n\n\n<div class=\"wp-block-buttons is-content-justification-center is-layout-flex wp-container-core-buttons-is-layout-16018d1d wp-block-buttons-is-layout-flex\">\n<div class=\"wp-block-button\"><a class=\"wp-block-button__link has-background wp-element-button\" href=\"https:\/\/www.meliuz.com.br\/desconto\/cupom-desconto-amazon\" style=\"background-color:#f34986\" target=\"_blank\" rel=\"noreferrer noopener\">Compre e ganhe cashback<\/a><\/div>\n<\/div>\n\n\n\n<h3 class=\"wp-block-heading\"><strong>9. Wahl Senior Cordless<\/strong><\/h3>\n\n\n<div class=\"wp-block-image\">\n<figure class=\"aligncenter size-full is-resized\"><img loading=\"lazy\" decoding=\"async\" width=\"315\" height=\"979\" src=\"https:\/\/www.meliuz.com.br\/blog\/wp-content\/uploads\/2023\/04\/9.jpg\" alt=\"Wahl Senior Cordless\" class=\"wp-image-47910\" style=\"width:79px;height:245px\" srcset=\"https:\/\/www.meliuz.com.br\/blog\/wp-content\/uploads\/2023\/04\/9.jpg 315w, https:\/\/www.meliuz.com.br\/blog\/wp-content\/uploads\/2023\/04\/9-97x300.jpg 97w\" sizes=\"auto, (max-width: 315px) 100vw, 315px\" \/><\/figure><\/div>\n\n\n<p>Estamos quase terminando o nosso conte\u00fado, mas antes precisamos falar de dois modelos da marca Wahl. O primeiro deles \u00e9 a m\u00e1quina de cortar cabelo <strong>Wahl Senior Cordless<\/strong>, considerada uma op\u00e7\u00e3o profissional.<\/p>\n\n\n\n<p>Ou seja, se voc\u00ea abriu uma barbearia e busca por produtos de qualidade, <strong>ela pode ser o modelo ideal. <\/strong>Sendo assim, ela conta com 3 pentes de corte e, com 2 horas de carga, voc\u00ea poder\u00e1 utiliz\u00e1-la por at\u00e9 70 minutos.<\/p>\n\n\n\n<h4 class=\"wp-block-heading\"><strong>Ficha T\u00e9cnica:<\/strong><\/h4>\n\n\n\n<ul class=\"wp-block-list\">\n<li><strong>Peso<\/strong>: 800 gramas;<\/li>\n\n\n\n<li><strong>Pentes<\/strong>: 3 pentes;<\/li>\n\n\n\n<li><strong>Pot\u00eancia<\/strong>: N\u00e3o informado;<\/li>\n\n\n\n<li><strong>Acess\u00f3rios<\/strong>: Pentes premium.<\/li>\n<\/ul>\n\n\n\n<div class=\"wp-block-buttons is-content-justification-center is-layout-flex wp-container-core-buttons-is-layout-16018d1d wp-block-buttons-is-layout-flex\">\n<div class=\"wp-block-button\"><a class=\"wp-block-button__link has-background wp-element-button\" href=\"https:\/\/www.meliuz.com.br\/desconto\/cupom-desconto-amazon\" style=\"background-color:#f34986\" target=\"_blank\" rel=\"noreferrer noopener\">Compre e ganhe cashback<\/a><\/div>\n<\/div>\n\n\n\n<h3 class=\"wp-block-heading\"><strong>10. Wahl Classic<\/strong><\/h3>\n\n\n<div class=\"wp-block-image\">\n<figure class=\"aligncenter size-full is-resized\"><img loading=\"lazy\" decoding=\"async\" width=\"425\" height=\"972\" src=\"https:\/\/www.meliuz.com.br\/blog\/wp-content\/uploads\/2023\/04\/10.jpg\" alt=\"Wahl Classic\" class=\"wp-image-47911\" style=\"width:106px;height:243px\" srcset=\"https:\/\/www.meliuz.com.br\/blog\/wp-content\/uploads\/2023\/04\/10.jpg 425w, https:\/\/www.meliuz.com.br\/blog\/wp-content\/uploads\/2023\/04\/10-131x300.jpg 131w\" sizes=\"auto, (max-width: 425px) 100vw, 425px\" \/><\/figure><\/div>\n\n\n<p>Por fim, tamb\u00e9m temos a <strong>Wahl Classic<\/strong>. A m\u00e1quina de cortar cabelo chama a aten\u00e7\u00e3o por seu design, al\u00e9m do seu acabamento, que proporciona resist\u00eancia contra ferrugem e, com isso, alta durabilidade.<\/p>\n\n\n\n<p>Outras caracter\u00edsticas da Wahl Classic s\u00e3o as suas l\u00e2minas que proporcionam diferentes tipos de cortes, gra\u00e7as \u00e0 sua pot\u00eancia de 10W.<\/p>\n\n\n\n<h4 class=\"wp-block-heading\"><strong>Ficha T\u00e9cnica:<\/strong><\/h4>\n\n\n\n<ul class=\"wp-block-list\">\n<li><strong>Peso<\/strong>: 1 kg;<\/li>\n\n\n\n<li><strong>Pentes<\/strong>: 8 pentes;<\/li>\n\n\n\n<li><strong>Pot\u00eancia<\/strong>: 10W;<\/li>\n\n\n\n<li><strong>Acess\u00f3rios<\/strong>: Diferentes tipos de pentes, \u00f3leo lubrificante, pincel de limpeza, protetor de l\u00e2mina etc.<\/li>\n<\/ul>\n\n\n\n<div class=\"wp-block-buttons is-content-justification-center is-layout-flex wp-container-core-buttons-is-layout-16018d1d wp-block-buttons-is-layout-flex\">\n<div class=\"wp-block-button\"><a class=\"wp-block-button__link has-background wp-element-button\" href=\"https:\/\/www.meliuz.com.br\/desconto\/cupom-magazine-luiza\" style=\"background-color:#f34986\" target=\"_blank\" rel=\"noreferrer noopener\">Compre e ganhe cashback<\/a><\/div>\n<\/div>\n\n\n\n<h3 class=\"wp-block-heading\"><strong>11. Philco Dual Action Maxx<\/strong><\/h3>\n\n\n<div class=\"wp-block-image\">\n<figure class=\"aligncenter size-full is-resized\"><img loading=\"lazy\" decoding=\"async\" width=\"314\" height=\"968\" src=\"https:\/\/www.meliuz.com.br\/blog\/wp-content\/uploads\/2023\/07\/philco-dual-action-maxx.jpg\" alt=\"Philco Dual Action Maxx\" class=\"wp-image-48892\" style=\"width:82px;height:250px\" srcset=\"https:\/\/www.meliuz.com.br\/blog\/wp-content\/uploads\/2023\/07\/philco-dual-action-maxx.jpg 314w, https:\/\/www.meliuz.com.br\/blog\/wp-content\/uploads\/2023\/07\/philco-dual-action-maxx-97x300.jpg 97w\" sizes=\"auto, (max-width: 314px) 100vw, 314px\" \/><\/figure><\/div>\n\n\n<p>Uma outra op\u00e7\u00e3o de m\u00e1quina de cortar cabelo da Philco \u00e9 a <strong>Dual Action Maxx<\/strong>. O seu maior destaque fica por conta da sua<strong> pot\u00eancia de 14W<\/strong>. Ou seja, voc\u00ea ter\u00e1 \u00e0 sua disposi\u00e7\u00e3o um aparelho potente e capaz de entregar \u00f3timos resultados.<\/p>\n\n\n\n<p>No entanto, existem outros diferenciais que merecem a nossa aten\u00e7\u00e3o. \u00c9 o caso, por exemplo, das suas l\u00e2minas de tit\u00e2nio, que oferecem cortes mais precisos.<\/p>\n\n\n\n<h4 class=\"wp-block-heading\"><strong>Ficha T\u00e9cnica:<\/strong><\/h4>\n\n\n\n<ul class=\"wp-block-list\">\n<li><strong>Peso<\/strong>: 1 kg;<\/li>\n\n\n\n<li><strong>Pentes<\/strong>: 6 pentes;<\/li>\n\n\n\n<li><strong>Pot\u00eancia<\/strong>: 14W;<\/li>\n\n\n\n<li><strong>Acess\u00f3rios<\/strong>: Pentes em diferentes tamanhos, protetor de l\u00e2minas, \u00f3leo para lubrifica\u00e7\u00e3o, tesoura e necessaire.<\/li>\n<\/ul>\n\n\n\n<div class=\"wp-block-buttons is-content-justification-center is-layout-flex wp-container-core-buttons-is-layout-16018d1d wp-block-buttons-is-layout-flex\">\n<div class=\"wp-block-button\"><a class=\"wp-block-button__link has-background wp-element-button\" href=\"https:\/\/www.meliuz.com.br\/desconto\/cupom-desconto-amazon\" style=\"background-color:#f34986\" target=\"_blank\" rel=\"noreferrer noopener\">Compre e ganhe cashback<\/a><\/div>\n<\/div>\n\n\n\n<h3 class=\"wp-block-heading\"><strong>12. Kemei Km-1990 Turbo<\/strong><\/h3>\n\n\n<div class=\"wp-block-image\">\n<figure class=\"aligncenter size-full is-resized\"><img loading=\"lazy\" decoding=\"async\" width=\"355\" height=\"952\" src=\"https:\/\/www.meliuz.com.br\/blog\/wp-content\/uploads\/2023\/07\/kemei-km-1990-turbo.jpg\" alt=\"Kemei Km-1990 Turbo\" class=\"wp-image-48893\" style=\"width:89px;height:238px\" srcset=\"https:\/\/www.meliuz.com.br\/blog\/wp-content\/uploads\/2023\/07\/kemei-km-1990-turbo.jpg 355w, https:\/\/www.meliuz.com.br\/blog\/wp-content\/uploads\/2023\/07\/kemei-km-1990-turbo-112x300.jpg 112w\" sizes=\"auto, (max-width: 355px) 100vw, 355px\" \/><\/figure><\/div>\n\n\n<p>Quando o assunto \u00e9 custo-benef\u00edcio, a m\u00e1quina de cortar cabelo <strong>Kemei Km-1990 Turbo<\/strong> surge como uma boa op\u00e7\u00e3o. Aqui, vale a pena refor\u00e7ar que um dos seus principais diferenciais s\u00e3o as suas quatro l\u00e2minas de corte em tamanhos distintos (<strong>3mm, 6mm, 10mm e 13mm<\/strong>).<\/p>\n\n\n\n<p>Al\u00e9m disso, outros pontos que chamam a aten\u00e7\u00e3o nessa m\u00e1quina \u00e9 o fato dela ser sem fio e ter uma boa autonomia. Afinal de contas, de acordo com a pr\u00f3pria fabricante, a sua bateria pode durar at\u00e9 3 horas.<\/p>\n\n\n\n<h4 class=\"wp-block-heading\"><strong>Ficha T\u00e9cnica:<\/strong><\/h4>\n\n\n\n<ul class=\"wp-block-list\">\n<li><strong>Peso<\/strong>: 600 g;<\/li>\n\n\n\n<li><strong>Pentes<\/strong>: 4 pentes;<\/li>\n\n\n\n<li><strong>Pot\u00eancia<\/strong>: 5W;<\/li>\n\n\n\n<li><strong>Acess\u00f3rios<\/strong>: Um pente, escova de limpeza, adaptador, protetor de l\u00e2mina e hair clipper.<\/li>\n<\/ul>\n\n\n\n<div class=\"wp-block-buttons is-content-justification-center is-layout-flex wp-container-core-buttons-is-layout-16018d1d wp-block-buttons-is-layout-flex\">\n<div class=\"wp-block-button\"><a class=\"wp-block-button__link has-background wp-element-button\" href=\"https:\/\/www.meliuz.com.br\/desconto\/cupom-desconto-amazon\" style=\"background-color:#f34986\" target=\"_blank\" rel=\"noreferrer noopener\">Compre e ganhe cashback<\/a><\/div>\n<\/div>\n\n\n\n<h2 class=\"wp-block-heading\"><strong>Como escolher a melhor m\u00e1quina de cortar cabelo?<\/strong><\/h2>\n\n\n\n<p>Um dos momentos que, sem sombra de d\u00favidas, gera mais d\u00favidas entre os consumidores que est\u00e3o buscando por uma m\u00e1quina de cortar cabelo \u00e9 como avaliar as suas caracter\u00edsticas.<\/p>\n\n\n\n<p>Isso porque, <strong>a melhor m\u00e1quina de cortar cabelo e barba ser\u00e1 aquela que atender \u00e0s suas expectativas e necessidades<\/strong>.<\/p>\n\n\n\n<p>Portanto, separamos alguns dos crit\u00e9rios que devem ser levados em considera\u00e7\u00e3o na escolha da melhor op\u00e7\u00e3o do mercado. Acompanhe e aproveite para tirar todas as suas d\u00favidas:<\/p>\n\n\n\n<h3 class=\"wp-block-heading\"><strong>1. Pot\u00eancia<\/strong><\/h3>\n\n\n\n<p>Para ter melhores resultados no momento de cortar o cabelo, nada melhor do que uma m\u00e1quina com boa pot\u00eancia. Afinal de contas, elas tornam o processo mais r\u00e1pido e sem erros.<\/p>\n\n\n\n<p>A fim de n\u00e3o ter problemas ao cortar o cabelo, o ideal \u00e9 optar por modelos com pot\u00eancia acima de 5W. Desta maneira, sempre se lembre de levar este aspecto importante em considera\u00e7\u00e3o.<\/p>\n\n\n\n<p><strong>Leia tamb\u00e9m: <\/strong><a href=\"https:\/\/www.meliuz.com.br\/blog\/melhor-tenis-para-corrida\/\" target=\"_blank\" rel=\"noreferrer noopener\">Qual o melhor t\u00eanis para corrida?<\/a><\/p>\n\n\n\n<h3 class=\"wp-block-heading\"><strong>2. L\u00e2minas<\/strong><\/h3>\n\n\n\n<p>Se voc\u00ea busca por uma maior precis\u00e3o nos cortes, n\u00e3o deixe de avaliar a condi\u00e7\u00e3o das l\u00e2minas de uma m\u00e1quina. Afinal de contas, <strong>elas s\u00e3o as principais respons\u00e1veis pela realiza\u00e7\u00e3o do corte<\/strong>.<\/p>\n\n\n\n<p>Sendo assim, um ponto importante aqui \u00e9 avaliar a experi\u00eancia de outros consumidores. Em plataformas como o <a href=\"https:\/\/www.reclameaqui.com.br\/\" target=\"_blank\" rel=\"noreferrer noopener\">Reclame Aqui<\/a>, \u00e9 poss\u00edvel verificar se eles est\u00e3o reclamando das l\u00e2minas ou n\u00e3o.<\/p>\n\n\n\n<h3 class=\"wp-block-heading\"><strong>3. Diversidade de pentes<\/strong><\/h3>\n\n\n\n<p>Acess\u00f3rios como os pentes fazem toda a diferen\u00e7a em um corte de cabelo. Isso porque, eles proporcionam uma maior facilidade e precis\u00e3o durante todo o trabalho que est\u00e1 sendo feito.<\/p>\n\n\n\n<p>Desta maneira, <strong>quanto maior for a quantidade de pentes que acompanham uma m\u00e1quina de cortar cabelo, melhor voc\u00ea poder\u00e1 fazer um corte<\/strong>. N\u00e3o se esque\u00e7a disto, ok?<\/p>\n\n\n\n<h3 class=\"wp-block-heading\"><strong>4. Acess\u00f3rios<\/strong><\/h3>\n\n\n\n<p>A quantidade de acess\u00f3rios extras \u00e9 um ponto fundamental para aquelas pessoas que <strong>querem aumentar a durabilidade de uma m\u00e1quina de cortar cabelo<\/strong>. Afinal, eles podem melhorar a sua experi\u00eancia.<\/p>\n\n\n\n<p>Por exemplo, acess\u00f3rios como \u00f3leo lubrificante permite que o funcionamento de uma m\u00e1quina n\u00e3o seja prejudicado com o tempo. Logo, avalie quais s\u00e3o os recursos extras dispon\u00edveis!<\/p>\n\n\n\n<h3 class=\"wp-block-heading\"><strong>5. Pre\u00e7o<\/strong><\/h3>\n\n\n\n<p>Por \u00faltimo, mas n\u00e3o menos importante, temos o <strong>pre\u00e7o <\/strong>de uma m\u00e1quina de cortar cabelo. Aqui, \u00e9 preciso levar em considera\u00e7\u00e3o quais s\u00e3o as suas principais necessidades e o quanto est\u00e1 disposto a investir.<\/p>\n\n\n\n<p>Por isso, lembre-se que a compra de uma m\u00e1quina de alta qualidade demanda um investimento maior, <strong>mas tamb\u00e9m trar\u00e1 uma maior durabilidade.<\/strong><\/p>\n\n\n\n<p>Sendo assim, o nosso conselho \u00e9 ter um <a href=\"https:\/\/www.meliuz.com.br\/blog\/planejamento-financeiro-pessoal\/\" target=\"_blank\" rel=\"noreferrer noopener\">planejamento financeiro<\/a> em m\u00e3os, que ser\u00e1 o respons\u00e1vel por indicar o quanto ser\u00e1 poss\u00edvel gastar sem prejudicar as suas finan\u00e7as, ok?<\/p>\n\n\n\n<p>No momento de fazer a sua compra, aproveite para ter o M\u00e9liuz ao seu lado! <strong>Fa\u00e7a a instala\u00e7\u00e3o da nossa Extens\u00e3o no seu navegador<\/strong> e tenha sempre os melhores benef\u00edcios para economizar!<\/p>\n\n\n\n<div class=\"wp-block-buttons is-layout-flex wp-block-buttons-is-layout-flex\">\n<div class=\"wp-block-button\"><a class=\"wp-block-button__link has-background wp-element-button\" href=\"https:\/\/www.meliuz.com.br\/extensao\" style=\"background-color:#f34986\" target=\"_blank\" rel=\"noreferrer noopener\">Economize com a Extens\u00e3o do M\u00e9liuz<\/a><\/div>\n<\/div>\n\n\n\n<h2 class=\"wp-block-heading\"><strong>Principais d\u00favidas sobre o uso de uma m\u00e1quina de cortar cabelo<\/strong><\/h2>\n\n\n\n<p>Ap\u00f3s comprar uma m\u00e1quina de cortar cabelo, \u00e9 poss\u00edvel que surjam algumas d\u00favidas sobre o seu funcionamento. E, <strong>para aproveitar todas as suas possibilidades, \u00e9 importante obter informa\u00e7\u00f5es sobre o aparelho<\/strong>.<\/p>\n\n\n\n<p>Que tal encontrar respostas para todas as suas d\u00favidas sobre a utiliza\u00e7\u00e3o de uma m\u00e1quina para cortar cabelo? Veja a seguir:<\/p>\n\n\n\n<h3 class=\"wp-block-heading\"><strong>Quais cuidados ter com uma m\u00e1quina de cortar cabelo?<\/strong><\/h3>\n\n\n\n<p>Voc\u00ea se considera uma pessoa cuidadosa? O h\u00e1bito de cuidar de uma m\u00e1quina de cortar cabelo pode ser fundamental para faz\u00ea-la durar mais e, de quebra, funcionar melhor.<\/p>\n\n\n\n<p>Desta forma, \u00e9 preciso colocar em pr\u00e1tica uma s\u00e9rie de boas pr\u00e1ticas que v\u00e3o garantir o bom funcionamento do um aparelho. Confira com a gente algumas dicas:<\/p>\n\n\n\n<ul class=\"wp-block-list\">\n<li>Fazer a limpeza ap\u00f3s o uso;<\/li>\n\n\n\n<li>N\u00e3o se esquecer de passar \u00f3leo nas l\u00e2minas;<\/li>\n\n\n\n<li>Troque as l\u00e2minas no per\u00edodo adequado;<\/li>\n\n\n\n<li>Evite contato com a \u00e1gua.<\/li>\n<\/ul>\n\n\n\n<p>Al\u00e9m disso, voc\u00ea n\u00e3o pode se esquecer de ter cuidado ao armazenar uma m\u00e1quina de cortar cabelo. O ideal \u00e9 deix\u00e1-la dentro da caixa, em um lugar seco, evitando assim quedas e ferrugem.<\/p>\n\n\n\n<h3 class=\"wp-block-heading\"><strong>Posso usar para aparar a barba?<\/strong><\/h3>\n\n\n\n<p>Boa parte dos modelos encontrados no mercado <strong>podem ser utilizados com o intuito de dar acabamento em barbas<\/strong>. Com isso, maior \u00e9 a versatilidade que elas oferecem aos consumidores.<\/p>\n\n\n\n<p>No entanto, \u00e9 de suma import\u00e2ncia que voc\u00ea leve em considera\u00e7\u00e3o a quantidade de pentes dispon\u00edveis e a qualidade das l\u00e2minas. Assim, ser\u00e1 poss\u00edvel ter uma experi\u00eancia mais positiva.<\/p>\n\n\n\n<h3 class=\"wp-block-heading\"><strong>Quanto tempo dura a bateria?<\/strong><\/h3>\n\n\n\n<p>Em primeiro lugar, <strong>o ideal \u00e9 buscar por modelos de m\u00e1quina de cortar cabelo recarreg\u00e1veis.<\/strong> Na grande maioria, ela pode ser utilizada dentro de um per\u00edodo entre 60 e 75 minutos.<\/p>\n\n\n\n<p><strong>Aproveite e confira tamb\u00e9m o nosso conte\u00fado com as melhores dicas sobre <\/strong><a href=\"https:\/\/www.meliuz.com.br\/blog\/jogos-para-ganhar-dinheiro\/\" target=\"_blank\" rel=\"noreferrer noopener\">jogos para ganhar dinheiro<\/a><\/p>\n\n\n\n<h3 class=\"wp-block-heading\"><strong>Onde comprar uma m\u00e1quina de cortar cabelo?<\/strong><\/h3>\n\n\n\n<p>Como foi poss\u00edvel compreender, comprar uma m\u00e1quina de cortar cabelo \u00e9 um \u00f3timo investimento, principalmente para quem busca uma maior <strong>praticidade, versatilidade e economia<\/strong>.<\/p>\n\n\n\n<p>Isso, principalmente, se voc\u00ea fizer a sua compra com <a href=\"https:\/\/www.meliuz.com.br\/blog\/como-usar-cupom-de-desconto\/\" target=\"_blank\" rel=\"noreferrer noopener\">cupom de desconto<\/a> e <a href=\"https:\/\/www.meliuz.com.br\/blog\/o-que-e-cashback\/\" target=\"_blank\" rel=\"noreferrer noopener\">cashback<\/a> (o famoso dinheiro de volta), benef\u00edcios exclusivos e garantidos pelo M\u00e9liuz.<\/p>\n\n\n\n<p>Sendo assim, <strong>voc\u00ea encontra a oportunidade de economizar muito em lojas como <\/strong><a href=\"https:\/\/www.meliuz.com.br\/desconto\/cupom-desconto-amazon\" target=\"_blank\" rel=\"noreferrer noopener\"><strong>Amazon<\/strong><\/a><strong>, <\/strong><a href=\"https:\/\/www.meliuz.com.br\/desconto\/cupom-americanas\" target=\"_blank\" rel=\"noreferrer noopener\"><strong>Americanas<\/strong><\/a><strong> e <\/strong><a href=\"https:\/\/www.meliuz.com.br\/desconto\/cupom-submarino\" target=\"_blank\" rel=\"noreferrer noopener\"><strong>Submarino<\/strong><\/a>. Para isso, n\u00e3o deixe de usar o M\u00e9liuz no momento de ir \u00e0s compras.<\/p>\n\n\n\n<p>Aproveite para comprar a melhor m\u00e1quina de cortar cabelo na Black Friday 2024 e tenha uma maior economia \u00e0 sua disposi\u00e7\u00e3o! <strong>O evento acontece no dia 29 de novembro <\/strong>e traz consigo as melhores ofertas e promo\u00e7\u00f5es do mercado.<\/p>\n\n\n\n<p>Portanto, <a href=\"https:\/\/www.meliuz.com.br\/registrar\" target=\"_blank\" rel=\"noreferrer noopener\">fa\u00e7a o seu cadastro<\/a> e tenha benef\u00edcios incr\u00edveis para garantir uma maior economia na compra n\u00e3o somente da melhor m\u00e1quina de cortar cabelo, como tamb\u00e9m de outros produtos.<\/p>\n\n\n\n<div class=\"wp-block-buttons is-layout-flex wp-block-buttons-is-layout-flex\">\n<div class=\"wp-block-button\"><a class=\"wp-block-button__link has-background wp-element-button\" href=\"https:\/\/www.meliuz.com.br\/cupom\" style=\"background-color:#f34986\" target=\"_blank\" rel=\"noreferrer noopener\">Os melhores cupons de desconto<\/a><\/div>\n<\/div>\n\n\n\n<p>Muito obrigado pela companhia!<\/p>\n","protected":false},"excerpt":{"rendered":"<p>Confira como encontrar a melhor m\u00e1quina de cortar cabelo do mercado e, assim, ter um maior conforto e praticidade.<\/p>\n","protected":false},"author":13,"featured_media":42812,"comment_status":"open","ping_status":"open","sticky":false,"template":"","format":"standard","meta":{"_jetpack_memberships_contains_paid_content":false,"footnotes":""},"categories":[1623],"tags":[],"class_list":["post-42811","post","type-post","status-publish","format-standard","has-post-thumbnail","hentry","category-guia-de-compras"],"yoast_head":"<!-- This site is optimized with the Yoast SEO plugin v25.4 - https:\/\/yoast.com\/wordpress\/plugins\/seo\/ -->\n<title>Qual a melhor m\u00e1quina de cortar cabelo de 2024? Top 12 op\u00e7\u00f5es | M\u00e9liuz<\/title>\n<meta name=\"description\" content=\"Confira como encontrar a melhor m\u00e1quina de cortar cabelo do mercado e, assim, ter um maior conforto e praticidade.\" \/>\n<meta name=\"robots\" content=\"index, follow, max-snippet:-1, max-image-preview:large, max-video-preview:-1\" \/>\n<link rel=\"canonical\" href=\"https:\/\/www.meliuz.com.br\/blog\/melhor-maquina-de-cortar-cabelo\/\" \/>\n<meta property=\"og:locale\" content=\"pt_BR\" \/>\n<meta property=\"og:type\" content=\"article\" \/>\n<meta property=\"og:title\" content=\"Qual a melhor m\u00e1quina de cortar cabelo de 2024? Top 12 op\u00e7\u00f5es | M\u00e9liuz\" \/>\n<meta property=\"og:description\" content=\"Confira como encontrar a melhor m\u00e1quina de cortar cabelo do mercado e, assim, ter um maior conforto e praticidade.\" \/>\n<meta property=\"og:url\" content=\"https:\/\/www.meliuz.com.br\/blog\/melhor-maquina-de-cortar-cabelo\/\" \/>\n<meta property=\"og:site_name\" content=\"M\u00e9liuz\" \/>\n<meta property=\"article:publisher\" content=\"https:\/\/www.facebook.com\/Meliuz\" \/>\n<meta property=\"article:published_time\" content=\"2024-03-11T01:32:20+00:00\" \/>\n<meta property=\"article:modified_time\" content=\"2024-03-11T01:32:22+00:00\" \/>\n<meta property=\"og:image\" content=\"https:\/\/www.meliuz.com.br\/blog\/wp-content\/uploads\/2022\/05\/melhor-maquina-de-cortar-cabelo.png\" \/>\n\t<meta property=\"og:image:width\" content=\"1080\" \/>\n\t<meta property=\"og:image:height\" content=\"540\" \/>\n\t<meta property=\"og:image:type\" content=\"image\/png\" \/>\n<meta name=\"author\" content=\"Bruna do M\u00e9liuz\" \/>\n<meta name=\"twitter:card\" content=\"summary_large_image\" \/>\n<meta name=\"twitter:creator\" content=\"@MeliuzOficial\" \/>\n<meta name=\"twitter:site\" content=\"@MeliuzOficial\" \/>\n<meta name=\"twitter:label1\" content=\"Escrito por\" \/>\n\t<meta name=\"twitter:data1\" content=\"Bruna do M\u00e9liuz\" \/>\n\t<meta name=\"twitter:label2\" content=\"Est. tempo de leitura\" \/>\n\t<meta name=\"twitter:data2\" content=\"19 minutos\" \/>\n<script type=\"application\/ld+json\" class=\"yoast-schema-graph\">{\"@context\":\"https:\/\/schema.org\",\"@graph\":[{\"@type\":\"Article\",\"@id\":\"https:\/\/www.meliuz.com.br\/blog\/melhor-maquina-de-cortar-cabelo\/#article\",\"isPartOf\":{\"@id\":\"https:\/\/www.meliuz.com.br\/blog\/melhor-maquina-de-cortar-cabelo\/\"},\"author\":{\"name\":\"Bruna do M\u00e9liuz\",\"@id\":\"https:\/\/www.meliuz.com.br\/blog\/#\/schema\/person\/b4cfb14129773056c4332eb99ae412c2\"},\"headline\":\"Qual a melhor m\u00e1quina de cortar cabelo de 2024? Top 12 op\u00e7\u00f5es\",\"datePublished\":\"2024-03-11T01:32:20+00:00\",\"dateModified\":\"2024-03-11T01:32:22+00:00\",\"mainEntityOfPage\":{\"@id\":\"https:\/\/www.meliuz.com.br\/blog\/melhor-maquina-de-cortar-cabelo\/\"},\"wordCount\":3207,\"commentCount\":1,\"publisher\":{\"@id\":\"https:\/\/www.meliuz.com.br\/blog\/#organization\"},\"image\":{\"@id\":\"https:\/\/www.meliuz.com.br\/blog\/melhor-maquina-de-cortar-cabelo\/#primaryimage\"},\"thumbnailUrl\":\"https:\/\/www.meliuz.com.br\/blog\/wp-content\/uploads\/2022\/05\/melhor-maquina-de-cortar-cabelo.png\",\"articleSection\":[\"Guia de Compras\"],\"inLanguage\":\"pt-BR\",\"potentialAction\":[{\"@type\":\"CommentAction\",\"name\":\"Comment\",\"target\":[\"https:\/\/www.meliuz.com.br\/blog\/melhor-maquina-de-cortar-cabelo\/#respond\"]}]},{\"@type\":\"WebPage\",\"@id\":\"https:\/\/www.meliuz.com.br\/blog\/melhor-maquina-de-cortar-cabelo\/\",\"url\":\"https:\/\/www.meliuz.com.br\/blog\/melhor-maquina-de-cortar-cabelo\/\",\"name\":\"Qual a melhor m\u00e1quina de cortar cabelo de 2024? Top 12 op\u00e7\u00f5es | M\u00e9liuz\",\"isPartOf\":{\"@id\":\"https:\/\/www.meliuz.com.br\/blog\/#website\"},\"primaryImageOfPage\":{\"@id\":\"https:\/\/www.meliuz.com.br\/blog\/melhor-maquina-de-cortar-cabelo\/#primaryimage\"},\"image\":{\"@id\":\"https:\/\/www.meliuz.com.br\/blog\/melhor-maquina-de-cortar-cabelo\/#primaryimage\"},\"thumbnailUrl\":\"https:\/\/www.meliuz.com.br\/blog\/wp-content\/uploads\/2022\/05\/melhor-maquina-de-cortar-cabelo.png\",\"datePublished\":\"2024-03-11T01:32:20+00:00\",\"dateModified\":\"2024-03-11T01:32:22+00:00\",\"description\":\"Confira como encontrar a melhor m\u00e1quina de cortar cabelo do mercado e, assim, ter um maior conforto e praticidade.\",\"breadcrumb\":{\"@id\":\"https:\/\/www.meliuz.com.br\/blog\/melhor-maquina-de-cortar-cabelo\/#breadcrumb\"},\"inLanguage\":\"pt-BR\",\"potentialAction\":[{\"@type\":\"ReadAction\",\"target\":[\"https:\/\/www.meliuz.com.br\/blog\/melhor-maquina-de-cortar-cabelo\/\"]}]},{\"@type\":\"ImageObject\",\"inLanguage\":\"pt-BR\",\"@id\":\"https:\/\/www.meliuz.com.br\/blog\/melhor-maquina-de-cortar-cabelo\/#primaryimage\",\"url\":\"https:\/\/www.meliuz.com.br\/blog\/wp-content\/uploads\/2022\/05\/melhor-maquina-de-cortar-cabelo.png\",\"contentUrl\":\"https:\/\/www.meliuz.com.br\/blog\/wp-content\/uploads\/2022\/05\/melhor-maquina-de-cortar-cabelo.png\",\"width\":1080,\"height\":540,\"caption\":\"Confira qual \u00e9 a melhor m\u00e1quina de cortar cabelo.\"},{\"@type\":\"BreadcrumbList\",\"@id\":\"https:\/\/www.meliuz.com.br\/blog\/melhor-maquina-de-cortar-cabelo\/#breadcrumb\",\"itemListElement\":[{\"@type\":\"ListItem\",\"position\":1,\"name\":\"Blog\",\"item\":\"https:\/\/www.meliuz.com.br\/blog\/\"},{\"@type\":\"ListItem\",\"position\":2,\"name\":\"Qual a melhor m\u00e1quina de cortar cabelo de 2024? Top 12 op\u00e7\u00f5es\"}]},{\"@type\":\"WebSite\",\"@id\":\"https:\/\/www.meliuz.com.br\/blog\/#website\",\"url\":\"https:\/\/www.meliuz.com.br\/blog\/\",\"name\":\"M\u00e9liuz\",\"description\":\"Dicas de compras, cupons de desconto, cashback e mais\",\"publisher\":{\"@id\":\"https:\/\/www.meliuz.com.br\/blog\/#organization\"},\"potentialAction\":[{\"@type\":\"SearchAction\",\"target\":{\"@type\":\"EntryPoint\",\"urlTemplate\":\"https:\/\/www.meliuz.com.br\/blog\/?s={search_term_string}\"},\"query-input\":{\"@type\":\"PropertyValueSpecification\",\"valueRequired\":true,\"valueName\":\"search_term_string\"}}],\"inLanguage\":\"pt-BR\"},{\"@type\":\"Organization\",\"@id\":\"https:\/\/www.meliuz.com.br\/blog\/#organization\",\"name\":\"M\u00e9liuz\",\"url\":\"https:\/\/www.meliuz.com.br\/blog\/\",\"logo\":{\"@type\":\"ImageObject\",\"inLanguage\":\"pt-BR\",\"@id\":\"https:\/\/www.meliuz.com.br\/blog\/#\/schema\/logo\/image\/\",\"url\":\"https:\/\/www.meliuz.com.br\/blog\/wp-content\/uploads\/2022\/02\/meliuz-blog.png\",\"contentUrl\":\"https:\/\/www.meliuz.com.br\/blog\/wp-content\/uploads\/2022\/02\/meliuz-blog.png\",\"width\":300,\"height\":100,\"caption\":\"M\u00e9liuz\"},\"image\":{\"@id\":\"https:\/\/www.meliuz.com.br\/blog\/#\/schema\/logo\/image\/\"},\"sameAs\":[\"https:\/\/www.facebook.com\/Meliuz\",\"https:\/\/x.com\/MeliuzOficial\",\"http:\/\/instagram.com\/meliuzoficial\/\"]},{\"@type\":\"Person\",\"@id\":\"https:\/\/www.meliuz.com.br\/blog\/#\/schema\/person\/b4cfb14129773056c4332eb99ae412c2\",\"name\":\"Bruna do M\u00e9liuz\",\"description\":\"Acho que dinheiro \u00e9 uma ferramenta sensacional para aproveitar ao m\u00e1ximo a vida! Por isso sempre procuro descontos, dinheiro de volta e formas de fazer o meu dinheiro render muito! N\u00e3o abro m\u00e3o de conforto, excelentes experi\u00eancias e comprar o que quero - e quero compartilhar como consigo isso com voc\u00eas!\",\"url\":\"https:\/\/www.meliuz.com.br\/blog\/author\/brunadomeliuz\/\"}]}<\/script>\n<!-- \/ Yoast SEO plugin. -->","yoast_head_json":{"title":"Qual a melhor m\u00e1quina de cortar cabelo de 2024? Top 12 op\u00e7\u00f5es | M\u00e9liuz","description":"Confira como encontrar a melhor m\u00e1quina de cortar cabelo do mercado e, assim, ter um maior conforto e praticidade.","robots":{"index":"index","follow":"follow","max-snippet":"max-snippet:-1","max-image-preview":"max-image-preview:large","max-video-preview":"max-video-preview:-1"},"canonical":"https:\/\/www.meliuz.com.br\/blog\/melhor-maquina-de-cortar-cabelo\/","og_locale":"pt_BR","og_type":"article","og_title":"Qual a melhor m\u00e1quina de cortar cabelo de 2024? Top 12 op\u00e7\u00f5es | M\u00e9liuz","og_description":"Confira como encontrar a melhor m\u00e1quina de cortar cabelo do mercado e, assim, ter um maior conforto e praticidade.","og_url":"https:\/\/www.meliuz.com.br\/blog\/melhor-maquina-de-cortar-cabelo\/","og_site_name":"M\u00e9liuz","article_publisher":"https:\/\/www.facebook.com\/Meliuz","article_published_time":"2024-03-11T01:32:20+00:00","article_modified_time":"2024-03-11T01:32:22+00:00","og_image":[{"width":1080,"height":540,"url":"https:\/\/www.meliuz.com.br\/blog\/wp-content\/uploads\/2022\/05\/melhor-maquina-de-cortar-cabelo.png","type":"image\/png"}],"author":"Bruna do M\u00e9liuz","twitter_card":"summary_large_image","twitter_creator":"@MeliuzOficial","twitter_site":"@MeliuzOficial","twitter_misc":{"Escrito por":"Bruna do M\u00e9liuz","Est. tempo de leitura":"19 minutos"},"schema":{"@context":"https:\/\/schema.org","@graph":[{"@type":"Article","@id":"https:\/\/www.meliuz.com.br\/blog\/melhor-maquina-de-cortar-cabelo\/#article","isPartOf":{"@id":"https:\/\/www.meliuz.com.br\/blog\/melhor-maquina-de-cortar-cabelo\/"},"author":{"name":"Bruna do M\u00e9liuz","@id":"https:\/\/www.meliuz.com.br\/blog\/#\/schema\/person\/b4cfb14129773056c4332eb99ae412c2"},"headline":"Qual a melhor m\u00e1quina de cortar cabelo de 2024? Top 12 op\u00e7\u00f5es","datePublished":"2024-03-11T01:32:20+00:00","dateModified":"2024-03-11T01:32:22+00:00","mainEntityOfPage":{"@id":"https:\/\/www.meliuz.com.br\/blog\/melhor-maquina-de-cortar-cabelo\/"},"wordCount":3207,"commentCount":1,"publisher":{"@id":"https:\/\/www.meliuz.com.br\/blog\/#organization"},"image":{"@id":"https:\/\/www.meliuz.com.br\/blog\/melhor-maquina-de-cortar-cabelo\/#primaryimage"},"thumbnailUrl":"https:\/\/www.meliuz.com.br\/blog\/wp-content\/uploads\/2022\/05\/melhor-maquina-de-cortar-cabelo.png","articleSection":["Guia de Compras"],"inLanguage":"pt-BR","potentialAction":[{"@type":"CommentAction","name":"Comment","target":["https:\/\/www.meliuz.com.br\/blog\/melhor-maquina-de-cortar-cabelo\/#respond"]}]},{"@type":"WebPage","@id":"https:\/\/www.meliuz.com.br\/blog\/melhor-maquina-de-cortar-cabelo\/","url":"https:\/\/www.meliuz.com.br\/blog\/melhor-maquina-de-cortar-cabelo\/","name":"Qual a melhor m\u00e1quina de cortar cabelo de 2024? Top 12 op\u00e7\u00f5es | M\u00e9liuz","isPartOf":{"@id":"https:\/\/www.meliuz.com.br\/blog\/#website"},"primaryImageOfPage":{"@id":"https:\/\/www.meliuz.com.br\/blog\/melhor-maquina-de-cortar-cabelo\/#primaryimage"},"image":{"@id":"https:\/\/www.meliuz.com.br\/blog\/melhor-maquina-de-cortar-cabelo\/#primaryimage"},"thumbnailUrl":"https:\/\/www.meliuz.com.br\/blog\/wp-content\/uploads\/2022\/05\/melhor-maquina-de-cortar-cabelo.png","datePublished":"2024-03-11T01:32:20+00:00","dateModified":"2024-03-11T01:32:22+00:00","description":"Confira como encontrar a melhor m\u00e1quina de cortar cabelo do mercado e, assim, ter um maior conforto e praticidade.","breadcrumb":{"@id":"https:\/\/www.meliuz.com.br\/blog\/melhor-maquina-de-cortar-cabelo\/#breadcrumb"},"inLanguage":"pt-BR","potentialAction":[{"@type":"ReadAction","target":["https:\/\/www.meliuz.com.br\/blog\/melhor-maquina-de-cortar-cabelo\/"]}]},{"@type":"ImageObject","inLanguage":"pt-BR","@id":"https:\/\/www.meliuz.com.br\/blog\/melhor-maquina-de-cortar-cabelo\/#primaryimage","url":"https:\/\/www.meliuz.com.br\/blog\/wp-content\/uploads\/2022\/05\/melhor-maquina-de-cortar-cabelo.png","contentUrl":"https:\/\/www.meliuz.com.br\/blog\/wp-content\/uploads\/2022\/05\/melhor-maquina-de-cortar-cabelo.png","width":1080,"height":540,"caption":"Confira qual \u00e9 a melhor m\u00e1quina de cortar cabelo."},{"@type":"BreadcrumbList","@id":"https:\/\/www.meliuz.com.br\/blog\/melhor-maquina-de-cortar-cabelo\/#breadcrumb","itemListElement":[{"@type":"ListItem","position":1,"name":"Blog","item":"https:\/\/www.meliuz.com.br\/blog\/"},{"@type":"ListItem","position":2,"name":"Qual a melhor m\u00e1quina de cortar cabelo de 2024? Top 12 op\u00e7\u00f5es"}]},{"@type":"WebSite","@id":"https:\/\/www.meliuz.com.br\/blog\/#website","url":"https:\/\/www.meliuz.com.br\/blog\/","name":"M\u00e9liuz","description":"Dicas de compras, cupons de desconto, cashback e mais","publisher":{"@id":"https:\/\/www.meliuz.com.br\/blog\/#organization"},"potentialAction":[{"@type":"SearchAction","target":{"@type":"EntryPoint","urlTemplate":"https:\/\/www.meliuz.com.br\/blog\/?s={search_term_string}"},"query-input":{"@type":"PropertyValueSpecification","valueRequired":true,"valueName":"search_term_string"}}],"inLanguage":"pt-BR"},{"@type":"Organization","@id":"https:\/\/www.meliuz.com.br\/blog\/#organization","name":"M\u00e9liuz","url":"https:\/\/www.meliuz.com.br\/blog\/","logo":{"@type":"ImageObject","inLanguage":"pt-BR","@id":"https:\/\/www.meliuz.com.br\/blog\/#\/schema\/logo\/image\/","url":"https:\/\/www.meliuz.com.br\/blog\/wp-content\/uploads\/2022\/02\/meliuz-blog.png","contentUrl":"https:\/\/www.meliuz.com.br\/blog\/wp-content\/uploads\/2022\/02\/meliuz-blog.png","width":300,"height":100,"caption":"M\u00e9liuz"},"image":{"@id":"https:\/\/www.meliuz.com.br\/blog\/#\/schema\/logo\/image\/"},"sameAs":["https:\/\/www.facebook.com\/Meliuz","https:\/\/x.com\/MeliuzOficial","http:\/\/instagram.com\/meliuzoficial\/"]},{"@type":"Person","@id":"https:\/\/www.meliuz.com.br\/blog\/#\/schema\/person\/b4cfb14129773056c4332eb99ae412c2","name":"Bruna do M\u00e9liuz","description":"Acho que dinheiro \u00e9 uma ferramenta sensacional para aproveitar ao m\u00e1ximo a vida! Por isso sempre procuro descontos, dinheiro de volta e formas de fazer o meu dinheiro render muito! N\u00e3o abro m\u00e3o de conforto, excelentes experi\u00eancias e comprar o que quero - e quero compartilhar como consigo isso com voc\u00eas!","url":"https:\/\/www.meliuz.com.br\/blog\/author\/brunadomeliuz\/"}]}},"jetpack_sharing_enabled":true,"jetpack_featured_media_url":"https:\/\/www.meliuz.com.br\/blog\/wp-content\/uploads\/2022\/05\/melhor-maquina-de-cortar-cabelo.png","_links":{"self":[{"href":"https:\/\/www.meliuz.com.br\/blog\/wp-json\/wp\/v2\/posts\/42811","targetHints":{"allow":["GET"]}}],"collection":[{"href":"https:\/\/www.meliuz.com.br\/blog\/wp-json\/wp\/v2\/posts"}],"about":[{"href":"https:\/\/www.meliuz.com.br\/blog\/wp-json\/wp\/v2\/types\/post"}],"author":[{"embeddable":true,"href":"https:\/\/www.meliuz.com.br\/blog\/wp-json\/wp\/v2\/users\/13"}],"replies":[{"embeddable":true,"href":"https:\/\/www.meliuz.com.br\/blog\/wp-json\/wp\/v2\/comments?post=42811"}],"version-history":[{"count":12,"href":"https:\/\/www.meliuz.com.br\/blog\/wp-json\/wp\/v2\/posts\/42811\/revisions"}],"predecessor-version":[{"id":50335,"href":"https:\/\/www.meliuz.com.br\/blog\/wp-json\/wp\/v2\/posts\/42811\/revisions\/50335"}],"wp:featuredmedia":[{"embeddable":true,"href":"https:\/\/www.meliuz.com.br\/blog\/wp-json\/wp\/v2\/media\/42812"}],"wp:attachment":[{"href":"https:\/\/www.meliuz.com.br\/blog\/wp-json\/wp\/v2\/media?parent=42811"}],"wp:term":[{"taxonomy":"category","embeddable":true,"href":"https:\/\/www.meliuz.com.br\/blog\/wp-json\/wp\/v2\/categories?post=42811"},{"taxonomy":"post_tag","embeddable":true,"href":"https:\/\/www.meliuz.com.br\/blog\/wp-json\/wp\/v2\/tags?post=42811"}],"curies":[{"name":"wp","href":"https:\/\/api.w.org\/{rel}","templated":true}]}}